{"id":8889,"date":"2019-05-15T19:17:22","date_gmt":"2019-05-15T18:17:22","guid":{"rendered":"https:\/\/villena.salesianos.edu\/colegio\/?p=8889"},"modified":"2019-05-15T19:17:22","modified_gmt":"2019-05-15T18:17:22","slug":"percusion-corporal-en-la-plaza-de-toros","status":"publish","type":"post","link":"https:\/\/villena.salesianos.edu\/colegio\/percusion-corporal-en-la-plaza-de-toros\/","title":{"rendered":"Percusi\u00f3n corporal en la plaza de toros"},"content":{"rendered":"<p>[et_pb_section bb_built=\u00bb1&#8243; admin_label=\u00bbsection\u00bb inner_width=\u00bbauto\u00bb inner_max_width=\u00bbnone\u00bb][et_pb_row admin_label=\u00bbrow\u00bb background_position=\u00bbtop_left\u00bb background_repeat=\u00bbrepeat\u00bb background_size=\u00bbinitial\u00bb width=\u00bb80%\u00bb max_width=\u00bb1080px\u00bb][et_pb_column type=\u00bb4_4&#8243;][et_pb_text admin_label=\u00bbEntradilla (Texto)\u00bb _builder_version=\u00bb3.22.4&#8243; text_orientation=\u00bbjustified\u00bb text_font=\u00bb|on|||\u00bb text_text_shadow_horizontal_length=\u00bbtext_text_shadow_style,%91object Object%93&#8243; text_text_shadow_vertical_length=\u00bbtext_text_shadow_style,%91object Object%93&#8243; text_text_shadow_blur_strength=\u00bbtext_text_shadow_style,%91object Object%93&#8243; link_text_shadow_horizontal_length=\u00bblink_text_shadow_style,%91object Object%93&#8243; link_text_shadow_vertical_length=\u00bblink_text_shadow_style,%91object Object%93&#8243; link_text_shadow_blur_strength=\u00bblink_text_shadow_style,%91object Object%93&#8243; ul_text_shadow_horizontal_length=\u00bbul_text_shadow_style,%91object Object%93&#8243; ul_text_shadow_vertical_length=\u00bbul_text_shadow_style,%91object Object%93&#8243; ul_text_shadow_blur_strength=\u00bbul_text_shadow_style,%91object Object%93&#8243; ol_text_shadow_horizontal_length=\u00bbol_text_shadow_style,%91object Object%93&#8243; ol_text_shadow_vertical_length=\u00bbol_text_shadow_style,%91object Object%93&#8243; ol_text_shadow_blur_strength=\u00bbol_text_shadow_style,%91object Object%93&#8243; quote_text_shadow_horizontal_length=\u00bbquote_text_shadow_style,%91object Object%93&#8243; quote_text_shadow_vertical_length=\u00bbquote_text_shadow_style,%91object Object%93&#8243; quote_text_shadow_blur_strength=\u00bbquote_text_shadow_style,%91object Object%93&#8243; header_text_shadow_horizontal_length=\u00bbheader_text_shadow_style,%91object Object%93&#8243; header_text_shadow_vertical_length=\u00bbheader_text_shadow_style,%91object Object%93&#8243; header_text_shadow_blur_strength=\u00bbheader_text_shadow_style,%91object Object%93&#8243; header_2_text_shadow_horizontal_length=\u00bbheader_2_text_shadow_style,%91object Object%93&#8243; header_2_text_shadow_vertical_length=\u00bbheader_2_text_shadow_style,%91object Object%93&#8243; header_2_text_shadow_blur_strength=\u00bbheader_2_text_shadow_style,%91object Object%93&#8243; header_3_text_shadow_horizontal_length=\u00bbheader_3_text_shadow_style,%91object Object%93&#8243; header_3_text_shadow_vertical_length=\u00bbheader_3_text_shadow_style,%91object Object%93&#8243; header_3_text_shadow_blur_strength=\u00bbheader_3_text_shadow_style,%91object Object%93&#8243; header_4_text_shadow_horizontal_length=\u00bbheader_4_text_shadow_style,%91object Object%93&#8243; header_4_text_shadow_vertical_length=\u00bbheader_4_text_shadow_style,%91object Object%93&#8243; header_4_text_shadow_blur_strength=\u00bbheader_4_text_shadow_style,%91object Object%93&#8243; header_5_text_shadow_horizontal_length=\u00bbheader_5_text_shadow_style,%91object Object%93&#8243; header_5_text_shadow_vertical_length=\u00bbheader_5_text_shadow_style,%91object Object%93&#8243; header_5_text_shadow_blur_strength=\u00bbheader_5_text_shadow_style,%91object Object%93&#8243; header_6_text_shadow_horizontal_length=\u00bbheader_6_text_shadow_style,%91object Object%93&#8243; header_6_text_shadow_vertical_length=\u00bbheader_6_text_shadow_style,%91object Object%93&#8243; header_6_text_shadow_blur_strength=\u00bbheader_6_text_shadow_style,%91object Object%93&#8243; z_index_tablet=\u00bb500&#8243;]<\/p>\n<p>M\u00daSICA, PERCUSI\u00d3N CORPORAL, BUEN AMBIENTE Y MUCHA DIVERSI\u00d3N EN EL CONCIERTO-TALLER QUE HEMOS DISFRUTADO ESTA MA\u00d1ANA EN LA PLAZA DE TOROS<\/p>\n<p>[\/et_pb_text][et_pb_text admin_label=\u00bbAutor (Texto)\u00bb _builder_version=\u00bb3.22.4&#8243; text_font=\u00bb||on||\u00bb text_text_shadow_horizontal_length=\u00bbtext_text_shadow_style,%91object Object%93&#8243; text_text_shadow_vertical_length=\u00bbtext_text_shadow_style,%91object Object%93&#8243; text_text_shadow_blur_strength=\u00bbtext_text_shadow_style,%91object Object%93&#8243; link_text_shadow_horizontal_length=\u00bblink_text_shadow_style,%91object Object%93&#8243; link_text_shadow_vertical_length=\u00bblink_text_shadow_style,%91object Object%93&#8243; link_text_shadow_blur_strength=\u00bblink_text_shadow_style,%91object Object%93&#8243; ul_text_shadow_horizontal_length=\u00bbul_text_shadow_style,%91object Object%93&#8243; ul_text_shadow_vertical_length=\u00bbul_text_shadow_style,%91object Object%93&#8243; ul_text_shadow_blur_strength=\u00bbul_text_shadow_style,%91object Object%93&#8243; ol_text_shadow_horizontal_length=\u00bbol_text_shadow_style,%91object Object%93&#8243; ol_text_shadow_vertical_length=\u00bbol_text_shadow_style,%91object Object%93&#8243; ol_text_shadow_blur_strength=\u00bbol_text_shadow_style,%91object Object%93&#8243; quote_text_shadow_horizontal_length=\u00bbquote_text_shadow_style,%91object Object%93&#8243; quote_text_shadow_vertical_length=\u00bbquote_text_shadow_style,%91object Object%93&#8243; quote_text_shadow_blur_strength=\u00bbquote_text_shadow_style,%91object Object%93&#8243; header_text_shadow_horizontal_length=\u00bbheader_text_shadow_style,%91object Object%93&#8243; header_text_shadow_vertical_length=\u00bbheader_text_shadow_style,%91object Object%93&#8243; header_text_shadow_blur_strength=\u00bbheader_text_shadow_style,%91object Object%93&#8243; header_2_text_shadow_horizontal_length=\u00bbheader_2_text_shadow_style,%91object Object%93&#8243; header_2_text_shadow_vertical_length=\u00bbheader_2_text_shadow_style,%91object Object%93&#8243; header_2_text_shadow_blur_strength=\u00bbheader_2_text_shadow_style,%91object Object%93&#8243; header_3_text_shadow_horizontal_length=\u00bbheader_3_text_shadow_style,%91object Object%93&#8243; header_3_text_shadow_vertical_length=\u00bbheader_3_text_shadow_style,%91object Object%93&#8243; header_3_text_shadow_blur_strength=\u00bbheader_3_text_shadow_style,%91object Object%93&#8243; header_4_text_shadow_horizontal_length=\u00bbheader_4_text_shadow_style,%91object Object%93&#8243; header_4_text_shadow_vertical_length=\u00bbheader_4_text_shadow_style,%91object Object%93&#8243; header_4_text_shadow_blur_strength=\u00bbheader_4_text_shadow_style,%91object Object%93&#8243; header_5_text_shadow_horizontal_length=\u00bbheader_5_text_shadow_style,%91object Object%93&#8243; header_5_text_shadow_vertical_length=\u00bbheader_5_text_shadow_style,%91object Object%93&#8243; header_5_text_shadow_blur_strength=\u00bbheader_5_text_shadow_style,%91object Object%93&#8243; header_6_text_shadow_horizontal_length=\u00bbheader_6_text_shadow_style,%91object Object%93&#8243; header_6_text_shadow_vertical_length=\u00bbheader_6_text_shadow_style,%91object Object%93&#8243; header_6_text_shadow_blur_strength=\u00bbheader_6_text_shadow_style,%91object Object%93&#8243; z_index_tablet=\u00bb500&#8243;]<\/p>\n<p>Por Amalia G\u00f3mez<\/p>\n<p>[\/et_pb_text][et_pb_text admin_label=\u00bbDesarrollo (Texto)\u00bb _builder_version=\u00bb3.22.4&#8243; text_orientation=\u00bbjustified\u00bb text_text_shadow_horizontal_length=\u00bbtext_text_shadow_style,%91object Object%93&#8243; text_text_shadow_vertical_length=\u00bbtext_text_shadow_style,%91object Object%93&#8243; text_text_shadow_blur_strength=\u00bbtext_text_shadow_style,%91object Object%93&#8243; link_text_shadow_horizontal_length=\u00bblink_text_shadow_style,%91object Object%93&#8243; link_text_shadow_vertical_length=\u00bblink_text_shadow_style,%91object Object%93&#8243; link_text_shadow_blur_strength=\u00bblink_text_shadow_style,%91object Object%93&#8243; ul_text_shadow_horizontal_length=\u00bbul_text_shadow_style,%91object Object%93&#8243; ul_text_shadow_vertical_length=\u00bbul_text_shadow_style,%91object Object%93&#8243; ul_text_shadow_blur_strength=\u00bbul_text_shadow_style,%91object Object%93&#8243; ol_text_shadow_horizontal_length=\u00bbol_text_shadow_style,%91object Object%93&#8243; ol_text_shadow_vertical_length=\u00bbol_text_shadow_style,%91object Object%93&#8243; ol_text_shadow_blur_strength=\u00bbol_text_shadow_style,%91object Object%93&#8243; quote_text_shadow_horizontal_length=\u00bbquote_text_shadow_style,%91object Object%93&#8243; quote_text_shadow_vertical_length=\u00bbquote_text_shadow_style,%91object Object%93&#8243; quote_text_shadow_blur_strength=\u00bbquote_text_shadow_style,%91object Object%93&#8243; header_text_shadow_horizontal_length=\u00bbheader_text_shadow_style,%91object Object%93&#8243; header_text_shadow_vertical_length=\u00bbheader_text_shadow_style,%91object Object%93&#8243; header_text_shadow_blur_strength=\u00bbheader_text_shadow_style,%91object Object%93&#8243; header_2_text_shadow_horizontal_length=\u00bbheader_2_text_shadow_style,%91object Object%93&#8243; header_2_text_shadow_vertical_length=\u00bbheader_2_text_shadow_style,%91object Object%93&#8243; header_2_text_shadow_blur_strength=\u00bbheader_2_text_shadow_style,%91object Object%93&#8243; header_3_text_shadow_horizontal_length=\u00bbheader_3_text_shadow_style,%91object Object%93&#8243; header_3_text_shadow_vertical_length=\u00bbheader_3_text_shadow_style,%91object Object%93&#8243; header_3_text_shadow_blur_strength=\u00bbheader_3_text_shadow_style,%91object Object%93&#8243; header_4_text_shadow_horizontal_length=\u00bbheader_4_text_shadow_style,%91object Object%93&#8243; header_4_text_shadow_vertical_length=\u00bbheader_4_text_shadow_style,%91object Object%93&#8243; header_4_text_shadow_blur_strength=\u00bbheader_4_text_shadow_style,%91object Object%93&#8243; header_5_text_shadow_horizontal_length=\u00bbheader_5_text_shadow_style,%91object Object%93&#8243; header_5_text_shadow_vertical_length=\u00bbheader_5_text_shadow_style,%91object Object%93&#8243; header_5_text_shadow_blur_strength=\u00bbheader_5_text_shadow_style,%91object Object%93&#8243; header_6_text_shadow_horizontal_length=\u00bbheader_6_text_shadow_style,%91object Object%93&#8243; header_6_text_shadow_vertical_length=\u00bbheader_6_text_shadow_style,%91object Object%93&#8243; header_6_text_shadow_blur_strength=\u00bbheader_6_text_shadow_style,%91object Object%93&#8243; z_index_tablet=\u00bb500&#8243;]<\/p>\n<p>El Conservatorio Municipal de M\u00fasica nos ha tra\u00eddo una vez m\u00e1s al gran m\u00fasico y pedagogo Antonio Domingo. \u00c9l nos ha ense\u00f1ado que todos tenemos inteligencia musical, solo tenemos que escuchar, ponerle ritmo y dejarnos llevar por la m\u00fasica. Y eso hemos hecho esta ma\u00f1ana. Todos los alumnos de Villena de 3\u00ba a 6\u00ba hemos asistido puntuales a la cita, con la ilusi\u00f3n de que \u00edbamos a hacer m\u00fasica todos juntos. Antonio nos ha encantado desde el principio. Ha ido poniendo ritmos a diferentes melod\u00edas, ritmos que \u00edbamos aprendiendo y acumulando. Nos d\u00e1bamos cuenta de que cada vez nos sal\u00edan mejor y nos parec\u00edan m\u00e1s f\u00e1ciles. Al final, todas las melod\u00edas seguidas, toda la plaza al un\u00edsono, todos con una gran sonrisa en la cara.<\/p>\n<p>Ha sido emocionante y divertido ver como todos, los 1.400 ni\u00f1os que est\u00e1bamos en la plaza, nos mov\u00edamos a la vez, con nuestros ritmos y pasos bien aprendidos. Muchas gracias al Conservatorio por invitarnos a vivir esta experiencia un a\u00f1o m\u00e1s. Y, como ha dicho Antonio Domingo, no se puede vivir sin m\u00fasica, as\u00ed que\u2026 \u00a1no lo intentemos!<\/p>\n<div style=\"width:100%\"><div class=\"wd_error\"><p><strong>No hay una galer\u00eda seleccionada o la galer\u00eda se ha eliminado.<\/strong><\/p><\/div><\/div>\n<p>[\/et_pb_text][et_pb_text admin_label=\u00bbT\u00edtulo: Galer\u00eda de fotos (Texto)\u00bb _builder_version=\u00bb3.0.51&#8243; background_layout=\u00bblight\u00bb text_orientation=\u00bbleft\u00bb text_font=\u00bb|on|||\u00bb text_text_color=\u00bb#dc001b\u00bb border_style=\u00bbsolid\u00bb disabled=\u00bbon\u00bb disabled_on=\u00bbon|on|on\u00bb]<\/p>\n<p>Galer\u00eda de im\u00e1genes<\/p>\n<p>[\/et_pb_text][et_pb_gallery _builder_version=\u00bb3.0.51&#8243; posts_number=\u00bb8&#8243; show_title_and_caption=\u00bboff\u00bb show_pagination=\u00bbon\u00bb fullwidth=\u00bboff\u00bb orientation=\u00bblandscape\u00bb zoom_icon_color=\u00bb#dc001b\u00bb hover_overlay_color=\u00bbrgba(255,255,255,0.9)\u00bb hover_icon=\u00bb%%51%%\u00bb background_layout=\u00bblight\u00bb border_style=\u00bbsolid\u00bb auto=\u00bboff\u00bb disabled=\u00bbon\u00bb disabled_on=\u00bbon|on|on\u00bb \/][et_pb_video _builder_version=\u00bb3.0.51&#8243; disabled=\u00bbon\u00bb disabled_on=\u00bbon|on|on\u00bb \/][\/et_pb_column][\/et_pb_row][\/et_pb_section]<\/p>\n","protected":false},"excerpt":{"rendered":"<p>M\u00daSICA, PERCUSI\u00d3N CORPORAL, BUEN AMBIENTE Y MUCHA DIVERSI\u00d3N EN EL CONCIERTO-TALLER QUE HEMOS DISFRUTADO ESTA MA\u00d1ANA EN LA PLAZA DE TOROS Por Amalia G\u00f3mez El Conservatorio Municipal de M\u00fasica nos ha tra\u00eddo una vez m\u00e1s al gran m\u00fasico y pedagogo Antonio Domingo. \u00c9l nos ha ense\u00f1ado que todos tenemos inteligencia musical, solo tenemos que escuchar, [&hellip;]<\/p>\n","protected":false},"author":8,"featured_media":8891,"comment_status":"open","ping_status":"open","sticky":false,"template":"","format":"standard","meta":{"_et_pb_use_builder":"on","_et_pb_old_content":"","_et_gb_content_width":"","footnotes":""},"categories":[22,25],"tags":[],"class_list":["post-8889","post","type-post","status-publish","format-standard","has-post-thumbnail","hentry","category-colegio","category-primaria"],"yoast_head":"<!-- This site is optimized with the Yoast SEO plugin v28.3 - https:\/\/yoast.com\/product\/yoast-seo-wordpress\/ -->\n<title>Percusi\u00f3n corporal en la plaza de toros - Colegio Salesiano M\u00aa Auxiliadora Villena<\/title>\n<meta name=\"robots\" content=\"index, follow, max-snippet:-1, max-image-preview:large, max-video-preview:-1\" \/>\n<link rel=\"canonical\" href=\"https:\/\/villena.salesianos.edu\/colegio\/percusion-corporal-en-la-plaza-de-toros\/\" \/>\n<meta property=\"og:locale\" content=\"es_ES\" \/>\n<meta property=\"og:type\" content=\"article\" \/>\n<meta property=\"og:title\" content=\"Percusi\u00f3n corporal en la plaza de toros - Colegio Salesiano M\u00aa Auxiliadora Villena\" \/>\n<meta property=\"og:description\" content=\"M\u00daSICA, PERCUSI\u00d3N CORPORAL, BUEN AMBIENTE Y MUCHA DIVERSI\u00d3N EN EL CONCIERTO-TALLER QUE HEMOS DISFRUTADO ESTA MA\u00d1ANA EN LA PLAZA DE TOROS Por Amalia G\u00f3mez El Conservatorio Municipal de M\u00fasica nos ha tra\u00eddo una vez m\u00e1s al gran m\u00fasico y pedagogo Antonio Domingo. \u00c9l nos ha ense\u00f1ado que todos tenemos inteligencia musical, solo tenemos que escuchar, [&hellip;]\" \/>\n<meta property=\"og:url\" content=\"https:\/\/villena.salesianos.edu\/colegio\/percusion-corporal-en-la-plaza-de-toros\/\" \/>\n<meta property=\"og:site_name\" content=\"Colegio Salesiano M\u00aa Auxiliadora Villena\" \/>\n<meta property=\"article:published_time\" content=\"2019-05-15T18:17:22+00:00\" \/>\n<meta property=\"og:image\" content=\"https:\/\/villena.salesianos.edu\/colegio\/wp-content\/uploads\/sites\/3\/2019\/05\/20190515_102128-1024x498.jpg\" \/>\n\t<meta property=\"og:image:width\" content=\"1024\" \/>\n\t<meta property=\"og:image:height\" content=\"498\" \/>\n\t<meta property=\"og:image:type\" content=\"image\/jpeg\" \/>\n<meta name=\"twitter:card\" content=\"summary_large_image\" \/>\n<meta name=\"twitter:label1\" content=\"Escrito por\" \/>\n\t<meta name=\"twitter:data1\" content=\"\" \/>\n\t<meta name=\"twitter:label2\" content=\"Tiempo de lectura\" \/>\n\t<meta name=\"twitter:data2\" content=\"8 minutos\" \/>\n<script type=\"application\/ld+json\" class=\"yoast-schema-graph\">{\"@context\":\"https:\\\/\\\/schema.org\",\"@graph\":[{\"@type\":\"Article\",\"@id\":\"https:\\\/\\\/villena.salesianos.edu\\\/colegio\\\/percusion-corporal-en-la-plaza-de-toros\\\/#article\",\"isPartOf\":{\"@id\":\"https:\\\/\\\/villena.salesianos.edu\\\/colegio\\\/percusion-corporal-en-la-plaza-de-toros\\\/\"},\"author\":{\"name\":\"\",\"@id\":\"\"},\"headline\":\"Percusi\u00f3n corporal en la plaza de toros\",\"datePublished\":\"2019-05-15T18:17:22+00:00\",\"mainEntityOfPage\":{\"@id\":\"https:\\\/\\\/villena.salesianos.edu\\\/colegio\\\/percusion-corporal-en-la-plaza-de-toros\\\/\"},\"wordCount\":1547,\"commentCount\":0,\"image\":{\"@id\":\"https:\\\/\\\/villena.salesianos.edu\\\/colegio\\\/percusion-corporal-en-la-plaza-de-toros\\\/#primaryimage\"},\"thumbnailUrl\":\"https:\\\/\\\/villena.salesianos.edu\\\/colegio\\\/wp-content\\\/uploads\\\/sites\\\/3\\\/2019\\\/05\\\/20190515_102128.jpg\",\"articleSection\":[\"Colegio\",\"Primaria\"],\"inLanguage\":\"es\",\"potentialAction\":[{\"@type\":\"CommentAction\",\"name\":\"Comment\",\"target\":[\"https:\\\/\\\/villena.salesianos.edu\\\/colegio\\\/percusion-corporal-en-la-plaza-de-toros\\\/#respond\"]}]},{\"@type\":\"WebPage\",\"@id\":\"https:\\\/\\\/villena.salesianos.edu\\\/colegio\\\/percusion-corporal-en-la-plaza-de-toros\\\/\",\"url\":\"https:\\\/\\\/villena.salesianos.edu\\\/colegio\\\/percusion-corporal-en-la-plaza-de-toros\\\/\",\"name\":\"Percusi\u00f3n corporal en la plaza de toros - Colegio Salesiano M\u00aa Auxiliadora Villena\",\"isPartOf\":{\"@id\":\"https:\\\/\\\/villena.salesianos.edu\\\/colegio\\\/#website\"},\"primaryImageOfPage\":{\"@id\":\"https:\\\/\\\/villena.salesianos.edu\\\/colegio\\\/percusion-corporal-en-la-plaza-de-toros\\\/#primaryimage\"},\"image\":{\"@id\":\"https:\\\/\\\/villena.salesianos.edu\\\/colegio\\\/percusion-corporal-en-la-plaza-de-toros\\\/#primaryimage\"},\"thumbnailUrl\":\"https:\\\/\\\/villena.salesianos.edu\\\/colegio\\\/wp-content\\\/uploads\\\/sites\\\/3\\\/2019\\\/05\\\/20190515_102128.jpg\",\"datePublished\":\"2019-05-15T18:17:22+00:00\",\"author\":{\"@id\":\"\"},\"breadcrumb\":{\"@id\":\"https:\\\/\\\/villena.salesianos.edu\\\/colegio\\\/percusion-corporal-en-la-plaza-de-toros\\\/#breadcrumb\"},\"inLanguage\":\"es\",\"potentialAction\":[{\"@type\":\"ReadAction\",\"target\":[\"https:\\\/\\\/villena.salesianos.edu\\\/colegio\\\/percusion-corporal-en-la-plaza-de-toros\\\/\"]}]},{\"@type\":\"ImageObject\",\"inLanguage\":\"es\",\"@id\":\"https:\\\/\\\/villena.salesianos.edu\\\/colegio\\\/percusion-corporal-en-la-plaza-de-toros\\\/#primaryimage\",\"url\":\"https:\\\/\\\/villena.salesianos.edu\\\/colegio\\\/wp-content\\\/uploads\\\/sites\\\/3\\\/2019\\\/05\\\/20190515_102128.jpg\",\"contentUrl\":\"https:\\\/\\\/villena.salesianos.edu\\\/colegio\\\/wp-content\\\/uploads\\\/sites\\\/3\\\/2019\\\/05\\\/20190515_102128.jpg\",\"width\":4032,\"height\":1960},{\"@type\":\"BreadcrumbList\",\"@id\":\"https:\\\/\\\/villena.salesianos.edu\\\/colegio\\\/percusion-corporal-en-la-plaza-de-toros\\\/#breadcrumb\",\"itemListElement\":[{\"@type\":\"ListItem\",\"position\":1,\"name\":\"Portada\",\"item\":\"https:\\\/\\\/villena.salesianos.edu\\\/colegio\\\/\"},{\"@type\":\"ListItem\",\"position\":2,\"name\":\"Percusi\u00f3n corporal en la plaza de toros\"}]},{\"@type\":\"WebSite\",\"@id\":\"https:\\\/\\\/villena.salesianos.edu\\\/colegio\\\/#website\",\"url\":\"https:\\\/\\\/villena.salesianos.edu\\\/colegio\\\/\",\"name\":\"Colegio Salesiano M\u00aa Auxiliadora Villena\",\"description\":\"P\u00e1gina oficial Salesianos Villena\",\"potentialAction\":[{\"@type\":\"SearchAction\",\"target\":{\"@type\":\"EntryPoint\",\"urlTemplate\":\"https:\\\/\\\/villena.salesianos.edu\\\/colegio\\\/?s={search_term_string}\"},\"query-input\":{\"@type\":\"PropertyValueSpecification\",\"valueRequired\":true,\"valueName\":\"search_term_string\"}}],\"inLanguage\":\"es\"},{\"@type\":\"Person\",\"@id\":\"\"}]}<\/script>\n<!-- \/ Yoast SEO plugin. -->","yoast_head_json":{"title":"Percusi\u00f3n corporal en la plaza de toros - Colegio Salesiano M\u00aa Auxiliadora Villena","robots":{"index":"index","follow":"follow","max-snippet":"max-snippet:-1","max-image-preview":"max-image-preview:large","max-video-preview":"max-video-preview:-1"},"canonical":"https:\/\/villena.salesianos.edu\/colegio\/percusion-corporal-en-la-plaza-de-toros\/","og_locale":"es_ES","og_type":"article","og_title":"Percusi\u00f3n corporal en la plaza de toros - Colegio Salesiano M\u00aa Auxiliadora Villena","og_description":"M\u00daSICA, PERCUSI\u00d3N CORPORAL, BUEN AMBIENTE Y MUCHA DIVERSI\u00d3N EN EL CONCIERTO-TALLER QUE HEMOS DISFRUTADO ESTA MA\u00d1ANA EN LA PLAZA DE TOROS Por Amalia G\u00f3mez El Conservatorio Municipal de M\u00fasica nos ha tra\u00eddo una vez m\u00e1s al gran m\u00fasico y pedagogo Antonio Domingo. \u00c9l nos ha ense\u00f1ado que todos tenemos inteligencia musical, solo tenemos que escuchar, [&hellip;]","og_url":"https:\/\/villena.salesianos.edu\/colegio\/percusion-corporal-en-la-plaza-de-toros\/","og_site_name":"Colegio Salesiano M\u00aa Auxiliadora Villena","article_published_time":"2019-05-15T18:17:22+00:00","og_image":[{"width":1024,"height":498,"url":"https:\/\/villena.salesianos.edu\/colegio\/wp-content\/uploads\/sites\/3\/2019\/05\/20190515_102128-1024x498.jpg","type":"image\/jpeg"}],"twitter_card":"summary_large_image","twitter_misc":{"Escrito por":"","Tiempo de lectura":"8 minutos"},"schema":{"@context":"https:\/\/schema.org","@graph":[{"@type":"Article","@id":"https:\/\/villena.salesianos.edu\/colegio\/percusion-corporal-en-la-plaza-de-toros\/#article","isPartOf":{"@id":"https:\/\/villena.salesianos.edu\/colegio\/percusion-corporal-en-la-plaza-de-toros\/"},"author":{"name":"","@id":""},"headline":"Percusi\u00f3n corporal en la plaza de toros","datePublished":"2019-05-15T18:17:22+00:00","mainEntityOfPage":{"@id":"https:\/\/villena.salesianos.edu\/colegio\/percusion-corporal-en-la-plaza-de-toros\/"},"wordCount":1547,"commentCount":0,"image":{"@id":"https:\/\/villena.salesianos.edu\/colegio\/percusion-corporal-en-la-plaza-de-toros\/#primaryimage"},"thumbnailUrl":"https:\/\/villena.salesianos.edu\/colegio\/wp-content\/uploads\/sites\/3\/2019\/05\/20190515_102128.jpg","articleSection":["Colegio","Primaria"],"inLanguage":"es","potentialAction":[{"@type":"CommentAction","name":"Comment","target":["https:\/\/villena.salesianos.edu\/colegio\/percusion-corporal-en-la-plaza-de-toros\/#respond"]}]},{"@type":"WebPage","@id":"https:\/\/villena.salesianos.edu\/colegio\/percusion-corporal-en-la-plaza-de-toros\/","url":"https:\/\/villena.salesianos.edu\/colegio\/percusion-corporal-en-la-plaza-de-toros\/","name":"Percusi\u00f3n corporal en la plaza de toros - Colegio Salesiano M\u00aa Auxiliadora Villena","isPartOf":{"@id":"https:\/\/villena.salesianos.edu\/colegio\/#website"},"primaryImageOfPage":{"@id":"https:\/\/villena.salesianos.edu\/colegio\/percusion-corporal-en-la-plaza-de-toros\/#primaryimage"},"image":{"@id":"https:\/\/villena.salesianos.edu\/colegio\/percusion-corporal-en-la-plaza-de-toros\/#primaryimage"},"thumbnailUrl":"https:\/\/villena.salesianos.edu\/colegio\/wp-content\/uploads\/sites\/3\/2019\/05\/20190515_102128.jpg","datePublished":"2019-05-15T18:17:22+00:00","author":{"@id":""},"breadcrumb":{"@id":"https:\/\/villena.salesianos.edu\/colegio\/percusion-corporal-en-la-plaza-de-toros\/#breadcrumb"},"inLanguage":"es","potentialAction":[{"@type":"ReadAction","target":["https:\/\/villena.salesianos.edu\/colegio\/percusion-corporal-en-la-plaza-de-toros\/"]}]},{"@type":"ImageObject","inLanguage":"es","@id":"https:\/\/villena.salesianos.edu\/colegio\/percusion-corporal-en-la-plaza-de-toros\/#primaryimage","url":"https:\/\/villena.salesianos.edu\/colegio\/wp-content\/uploads\/sites\/3\/2019\/05\/20190515_102128.jpg","contentUrl":"https:\/\/villena.salesianos.edu\/colegio\/wp-content\/uploads\/sites\/3\/2019\/05\/20190515_102128.jpg","width":4032,"height":1960},{"@type":"BreadcrumbList","@id":"https:\/\/villena.salesianos.edu\/colegio\/percusion-corporal-en-la-plaza-de-toros\/#breadcrumb","itemListElement":[{"@type":"ListItem","position":1,"name":"Portada","item":"https:\/\/villena.salesianos.edu\/colegio\/"},{"@type":"ListItem","position":2,"name":"Percusi\u00f3n corporal en la plaza de toros"}]},{"@type":"WebSite","@id":"https:\/\/villena.salesianos.edu\/colegio\/#website","url":"https:\/\/villena.salesianos.edu\/colegio\/","name":"Colegio Salesiano M\u00aa Auxiliadora Villena","description":"P\u00e1gina oficial Salesianos Villena","potentialAction":[{"@type":"SearchAction","target":{"@type":"EntryPoint","urlTemplate":"https:\/\/villena.salesianos.edu\/colegio\/?s={search_term_string}"},"query-input":{"@type":"PropertyValueSpecification","valueRequired":true,"valueName":"search_term_string"}}],"inLanguage":"es"},{"@type":"Person","@id":""}]}},"_links":{"self":[{"href":"https:\/\/villena.salesianos.edu\/colegio\/wp-json\/wp\/v2\/posts\/8889","targetHints":{"allow":["GET"]}}],"collection":[{"href":"https:\/\/villena.salesianos.edu\/colegio\/wp-json\/wp\/v2\/posts"}],"about":[{"href":"https:\/\/villena.salesianos.edu\/colegio\/wp-json\/wp\/v2\/types\/post"}],"author":[{"embeddable":true,"href":"https:\/\/villena.salesianos.edu\/colegio\/wp-json\/wp\/v2\/users\/8"}],"replies":[{"embeddable":true,"href":"https:\/\/villena.salesianos.edu\/colegio\/wp-json\/wp\/v2\/comments?post=8889"}],"version-history":[{"count":1,"href":"https:\/\/villena.salesianos.edu\/colegio\/wp-json\/wp\/v2\/posts\/8889\/revisions"}],"predecessor-version":[{"id":8892,"href":"https:\/\/villena.salesianos.edu\/colegio\/wp-json\/wp\/v2\/posts\/8889\/revisions\/8892"}],"wp:featuredmedia":[{"embeddable":true,"href":"https:\/\/villena.salesianos.edu\/colegio\/wp-json\/wp\/v2\/media\/8891"}],"wp:attachment":[{"href":"https:\/\/villena.salesianos.edu\/colegio\/wp-json\/wp\/v2\/media?parent=8889"}],"wp:term":[{"taxonomy":"category","embeddable":true,"href":"https:\/\/villena.salesianos.edu\/colegio\/wp-json\/wp\/v2\/categories?post=8889"},{"taxonomy":"post_tag","embeddable":true,"href":"https:\/\/villena.salesianos.edu\/colegio\/wp-json\/wp\/v2\/tags?post=8889"}],"curies":[{"name":"wp","href":"https:\/\/api.w.org\/{rel}","templated":true}]}}