{"id":3029,"date":"2018-02-01T17:12:49","date_gmt":"2018-02-01T16:12:49","guid":{"rendered":"https:\/\/villena.salesianos.edu\/familiasalesiana\/blog\/2018\/02\/01\/la-familia-salesiana-de-villena-celebra-don-bosco\/"},"modified":"2018-02-02T11:49:15","modified_gmt":"2018-02-02T10:49:15","slug":"la-familia-salesiana-de-villena-celebra-don-bosco","status":"publish","type":"post","link":"https:\/\/villena.salesianos.edu\/familiasalesiana\/la-familia-salesiana-de-villena-celebra-don-bosco\/","title":{"rendered":"La Familia Salesiana de Villena celebra Don Bosco"},"content":{"rendered":"<p>[et_pb_section bb_built=\u00bb1&#8243; admin_label=\u00bbsection\u00bb][et_pb_row admin_label=\u00bbrow\u00bb background_position=\u00bbtop_left\u00bb background_repeat=\u00bbrepeat\u00bb background_size=\u00bbinitial\u00bb][et_pb_column type=\u00bb4_4&#8243;][et_pb_text admin_label=\u00bbEntradilla (Texto)\u00bb _builder_version=\u00bb3.0.92&#8243; background_layout=\u00bblight\u00bb text_orientation=\u00bbjustified\u00bb text_font=\u00bb|on|||\u00bb border_style=\u00bbsolid\u00bb]<\/p>\n<p><span style=\"font-family: 'Decima Nova Pro';\"><span style=\"font-size: medium;\">El 31 de enero se celebra la fiesta de San Juan Bosco, fundador de la Familia Salesiana, declarado \u00abPadre y Maestro de la juventud\u00bb por San Juan Pablo II y patrono de la Formaci\u00f3n Profesional.<\/span><\/span><\/p>\n<p>[\/et_pb_text][et_pb_text admin_label=\u00bbAutor (Texto)\u00bb _builder_version=\u00bb3.0.92&#8243; background_layout=\u00bblight\u00bb text_font=\u00bb||on||\u00bb border_style=\u00bbsolid\u00bb]<\/p>\n<p><em>Por Equipo de Marketing y Comunicaci\u00f3n<\/em><\/p>\n<p>[\/et_pb_text][et_pb_text admin_label=\u00bbDesarrollo (Texto)\u00bb _builder_version=\u00bb3.0.92&#8243; background_layout=\u00bblight\u00bb text_orientation=\u00bbjustified\u00bb border_style=\u00bbsolid\u00bb]<\/p>\n<p><span style=\"font-family: 'Decima Nova Pro';\"><span style=\"font-size: medium;\">Salesianos Villena atiende a m\u00e1s de 500 ni\u00f1os y j\u00f3venes, gracias a la labor unos 100 educadores y colaboradores.<\/span><\/span><\/p>\n<p>La pastoral familiar y la promoci\u00f3n de la cultura vocacional, claves para la acci\u00f3n de los Salesianos en los pr\u00f3ximos a\u00f1os.<\/p>\n<p><span style=\"font-family: 'Decima Nova Pro';\"><span style=\"font-size: medium;\">Las propuestas educativo-pastorales tienen como objetivo dar la oportunidad a los j\u00f3venes de desarrollar sus capacidades y encontrar su sitio en la sociedad.<\/span><\/span><\/p>\n<p>Entre las actividades que se organizaron en nuestra casa destacan:<\/p>\n<p><span style=\"font-family: 'Decima Nova Pro';\"><span style=\"font-size: medium;\"><b>Fiesta Externa a Don Bosco<\/b> realizada el <b>27 de Enero<\/b>, concurso de dibujo, chocolatada y gachamigas organizadas por la Asociaci\u00f3n de Madres y Padres y ambientada por el Centro Juvenil Don Bosco.<\/span><\/span><\/p>\n<p><span style=\"font-family: 'Decima Nova Pro';\"><span style=\"font-size: medium;\"><b>Fiesta de la Uni\u00f3n<\/b> celebrada el <b>28 de Enero<\/b>, la Asociaci\u00f3n de Antiguos Alumnos recuerdan a Don Bosco con la eucarist\u00eda y posterior comida de fraternidad.<\/span><\/span><\/p>\n<p><span style=\"font-family: 'Decima Nova Pro';\"><span style=\"font-size: medium;\"><b>Fiesta Escolar<\/b> realizada el <b>31 de Enero<\/b>, celebraciones, juegos, actividades deportivas, cine, gymkanas, talleres con las familias\u2026 organizadas y disfrutadas por todos los alumnos y PAE \u00c1ngel Tom\u00e1s (Proyecto Educativo) en Honor a Nuestro Santo y Patr\u00f3n, San Juan Bosco.<\/span><\/span><\/p>\n<p><span style=\"font-family: 'Decima Nova Pro';\"><span style=\"font-size: medium;\">Los Salesianos en Espa\u00f1a, somos <b>138 colegios<\/b> con 96.000 alumnos y 6.235 profesores. <b>60 centros de Formaci\u00f3n Profesional<\/b> con 18.700 alumnos atendidos por m\u00e1s de 1.400 docentes.<br \/>\nLos <b>134 centros juveniles<\/b> salesianos ofrecen educaci\u00f3n en el tiempo libre a 42.300 ni\u00f1os y j\u00f3venes. En donde, unos 5.150 animadores se ponen al servicio de estos chavales de manera voluntaria.<\/span><\/span><\/p>\n<p>La labor salesiana llega tambi\u00e9n a los j\u00f3venes en riesgo de exclusi\u00f3n social; <b>293 proyectos sociales,<\/b> con casi 29.500 destinatarios se benefician de estas iniciativas, que cuentan con el apoyo de unos 1.670 educadores.<\/p>\n<p>[\/et_pb_text][et_pb_text admin_label=\u00bbT\u00edtulo: Galer\u00eda de fotos (Texto)\u00bb _builder_version=\u00bb3.0.51&#8243; background_layout=\u00bblight\u00bb text_orientation=\u00bbleft\u00bb text_font=\u00bb|on|||\u00bb text_text_color=\u00bb#dc001b\u00bb border_style=\u00bbsolid\u00bb disabled=\u00bbon\u00bb disabled_on=\u00bbon|on|on\u00bb]<\/p>\n<p>Galer\u00eda de im\u00e1genes<\/p>\n<p>[\/et_pb_text][et_pb_gallery _builder_version=\u00bb3.0.51&#8243; posts_number=\u00bb8&#8243; show_title_and_caption=\u00bboff\u00bb show_pagination=\u00bbon\u00bb fullwidth=\u00bboff\u00bb orientation=\u00bblandscape\u00bb zoom_icon_color=\u00bb#dc001b\u00bb hover_overlay_color=\u00bbrgba(255,255,255,0.9)\u00bb hover_icon=\u00bb%%51%%\u00bb background_layout=\u00bblight\u00bb border_style=\u00bbsolid\u00bb auto=\u00bboff\u00bb disabled=\u00bbon\u00bb disabled_on=\u00bbon|on|on\u00bb \/][et_pb_video _builder_version=\u00bb3.0.51&#8243; disabled=\u00bbon\u00bb disabled_on=\u00bbon|on|on\u00bb \/][\/et_pb_column][\/et_pb_row][et_pb_row][et_pb_column type=\u00bb1_3&#8243;][et_pb_image src=\u00bbhttps:\/\/villena.salesianos.edu\/colegio\/wp-content\/uploads\/sites\/3\/2017\/11\/libreta.png\u00bb show_in_lightbox=\u00bboff\u00bb align=\u00bbcenter\u00bb max_width=\u00bb90px\u00bb max_width_last_edited=\u00bbon|desktop\u00bb _builder_version=\u00bb3.0.92&#8243; custom_margin=\u00bb46px|||\u00bb custom_margin_tablet=\u00bb0px|||\u00bb custom_margin_last_edited=\u00bboff|desktop\u00bb animation_style=\u00bbslide\u00bb animation_direction=\u00bbleft\u00bb animation_duration=\u00bb500ms\u00bb animation_intensity_slide=\u00bb10%\u00bb url_new_window=\u00bbon\u00bb use_overlay=\u00bboff\u00bb always_center_on_mobile=\u00bbon\u00bb force_fullwidth=\u00bboff\u00bb show_bottom_space=\u00bbon\u00bb url=\u00bbhttps:\/\/villena.salesianos.edu\/familiasalesiana\/galeria\/aaaa-fotos\/\u00bb \/][et_pb_blurb admin_label=\u00bbTexto\u00bb title=\u00bbGaler\u00eda Im\u00e1genes Fiesta Uni\u00f3n AA.AA.\u00bb url_new_window=\u00bbon\u00bb use_icon=\u00bboff\u00bb font_icon=\u00bb%%74%%\u00bb use_circle=\u00bbon\u00bb circle_color=\u00bb#ffffff\u00bb use_circle_border=\u00bbon\u00bb circle_border_color=\u00bb#727272&#8243; icon_placement=\u00bbtop\u00bb background_layout=\u00bblight\u00bb text_orientation=\u00bbcenter\u00bb use_icon_font_size=\u00bboff\u00bb border_style=\u00bbsolid\u00bb body_font_size=\u00bb24&#8243; header_font_size=\u00bb14&#8243; background_position=\u00bbtop_left\u00bb background_repeat=\u00bbrepeat\u00bb background_size=\u00bbinitial\u00bb _builder_version=\u00bb3.0.92&#8243; url=\u00bbhttps:\/\/villena.salesianos.edu\/familiasalesiana\/galeria\/aaaa-fotos\/\u00bb header_text_color=\u00bb#727272&#8243; \/][\/et_pb_column][et_pb_column type=\u00bb1_3&#8243;][et_pb_image src=\u00bbhttps:\/\/villena.salesianos.edu\/colegio\/wp-content\/uploads\/sites\/3\/2017\/11\/libreta.png\u00bb show_in_lightbox=\u00bboff\u00bb align=\u00bbcenter\u00bb max_width=\u00bb90px\u00bb max_width_last_edited=\u00bbon|desktop\u00bb _builder_version=\u00bb3.0.92&#8243; custom_margin=\u00bb46px|||\u00bb custom_margin_tablet=\u00bb0px|||\u00bb custom_margin_last_edited=\u00bboff|desktop\u00bb animation_style=\u00bbslide\u00bb animation_direction=\u00bbleft\u00bb animation_duration=\u00bb500ms\u00bb animation_intensity_slide=\u00bb10%\u00bb url_new_window=\u00bbon\u00bb use_overlay=\u00bboff\u00bb always_center_on_mobile=\u00bbon\u00bb force_fullwidth=\u00bboff\u00bb show_bottom_space=\u00bbon\u00bb url=\u00bbhttps:\/\/villena.salesianos.edu\/ampa\/galeria\/\u00bb \/][et_pb_blurb admin_label=\u00bbTexto\u00bb title=\u00bbGaler\u00eda Im\u00e1genes actividades AMPA\u00bb url_new_window=\u00bbon\u00bb use_icon=\u00bboff\u00bb font_icon=\u00bb%%74%%\u00bb use_circle=\u00bbon\u00bb circle_color=\u00bb#ffffff\u00bb use_circle_border=\u00bbon\u00bb circle_border_color=\u00bb#727272&#8243; icon_placement=\u00bbtop\u00bb background_layout=\u00bblight\u00bb text_orientation=\u00bbcenter\u00bb use_icon_font_size=\u00bboff\u00bb border_style=\u00bbsolid\u00bb body_font_size=\u00bb24&#8243; header_font_size=\u00bb14&#8243; background_position=\u00bbtop_left\u00bb background_repeat=\u00bbrepeat\u00bb background_size=\u00bbinitial\u00bb _builder_version=\u00bb3.0.92&#8243; url=\u00bbhttps:\/\/villena.salesianos.edu\/ampa\/galeria\/\u00bb header_text_color=\u00bb#727272&#8243; \/][\/et_pb_column][et_pb_column type=\u00bb1_3&#8243;][et_pb_image src=\u00bbhttps:\/\/villena.salesianos.edu\/colegio\/wp-content\/uploads\/sites\/3\/2017\/11\/libreta.png\u00bb show_in_lightbox=\u00bboff\u00bb align=\u00bbcenter\u00bb max_width=\u00bb90px\u00bb max_width_last_edited=\u00bbon|desktop\u00bb _builder_version=\u00bb3.0.92&#8243; custom_margin=\u00bb46px|||\u00bb custom_margin_tablet=\u00bb0px|||\u00bb custom_margin_last_edited=\u00bboff|desktop\u00bb animation_style=\u00bbslide\u00bb animation_direction=\u00bbleft\u00bb animation_duration=\u00bb500ms\u00bb animation_intensity_slide=\u00bb10%\u00bb url_new_window=\u00bbon\u00bb use_overlay=\u00bboff\u00bb always_center_on_mobile=\u00bbon\u00bb force_fullwidth=\u00bboff\u00bb show_bottom_space=\u00bbon\u00bb url=\u00bbhttps:\/\/villena.salesianos.edu\/colegio\/galeria\/festividades-fotos\/\u00bb \/][et_pb_blurb admin_label=\u00bbTexto\u00bb title=\u00bbGaler\u00eda Im\u00e1genes Celebraciones Colegiales\u00bb url_new_window=\u00bbon\u00bb use_icon=\u00bboff\u00bb font_icon=\u00bb%%74%%\u00bb use_circle=\u00bbon\u00bb circle_color=\u00bb#ffffff\u00bb use_circle_border=\u00bbon\u00bb circle_border_color=\u00bb#727272&#8243; icon_placement=\u00bbtop\u00bb background_layout=\u00bblight\u00bb text_orientation=\u00bbcenter\u00bb use_icon_font_size=\u00bboff\u00bb border_style=\u00bbsolid\u00bb body_font_size=\u00bb24&#8243; header_font_size=\u00bb14&#8243; background_position=\u00bbtop_left\u00bb background_repeat=\u00bbrepeat\u00bb background_size=\u00bbinitial\u00bb _builder_version=\u00bb3.0.92&#8243; url=\u00bbhttps:\/\/villena.salesianos.edu\/colegio\/galeria\/festividades-fotos\/\u00bb header_text_color=\u00bb#727272&#8243; \/][\/et_pb_column][\/et_pb_row][et_pb_row][et_pb_column type=\u00bb1_3&#8243;][et_pb_image src=\u00bbhttps:\/\/villena.salesianos.edu\/colegio\/wp-content\/uploads\/sites\/3\/2017\/11\/libreta.png\u00bb show_in_lightbox=\u00bboff\u00bb align=\u00bbcenter\u00bb max_width=\u00bb90px\u00bb max_width_last_edited=\u00bbon|desktop\u00bb _builder_version=\u00bb3.0.92&#8243; custom_margin=\u00bb46px|||\u00bb custom_margin_tablet=\u00bb0px|||\u00bb custom_margin_last_edited=\u00bboff|desktop\u00bb animation_style=\u00bbslide\u00bb animation_direction=\u00bbleft\u00bb animation_duration=\u00bb500ms\u00bb animation_intensity_slide=\u00bb10%\u00bb url_new_window=\u00bbon\u00bb use_overlay=\u00bboff\u00bb always_center_on_mobile=\u00bbon\u00bb force_fullwidth=\u00bboff\u00bb show_bottom_space=\u00bbon\u00bb url=\u00bbhttps:\/\/villena.salesianos.edu\/colegio\/galeria\/infantil-fotos\/\u00bb \/][et_pb_blurb admin_label=\u00bbTexto\u00bb title=\u00bbGaler\u00eda Actividades Infantil\u00bb url_new_window=\u00bbon\u00bb use_icon=\u00bboff\u00bb font_icon=\u00bb%%74%%\u00bb use_circle=\u00bbon\u00bb circle_color=\u00bb#ffffff\u00bb use_circle_border=\u00bbon\u00bb circle_border_color=\u00bb#727272&#8243; icon_placement=\u00bbtop\u00bb background_layout=\u00bblight\u00bb text_orientation=\u00bbcenter\u00bb use_icon_font_size=\u00bboff\u00bb border_style=\u00bbsolid\u00bb body_font_size=\u00bb24&#8243; header_font_size=\u00bb14&#8243; background_position=\u00bbtop_left\u00bb background_repeat=\u00bbrepeat\u00bb background_size=\u00bbinitial\u00bb _builder_version=\u00bb3.0.92&#8243; url=\u00bbhttps:\/\/villena.salesianos.edu\/colegio\/galeria\/infantil-fotos\/\u00bb header_text_color=\u00bb#727272&#8243; \/][\/et_pb_column][et_pb_column type=\u00bb1_3&#8243;][et_pb_image src=\u00bbhttps:\/\/villena.salesianos.edu\/colegio\/wp-content\/uploads\/sites\/3\/2017\/11\/libreta.png\u00bb show_in_lightbox=\u00bboff\u00bb align=\u00bbcenter\u00bb max_width=\u00bb90px\u00bb max_width_last_edited=\u00bbon|desktop\u00bb _builder_version=\u00bb3.0.92&#8243; custom_margin=\u00bb46px|||\u00bb custom_margin_tablet=\u00bb0px|||\u00bb custom_margin_last_edited=\u00bboff|desktop\u00bb animation_style=\u00bbslide\u00bb animation_direction=\u00bbleft\u00bb animation_duration=\u00bb500ms\u00bb animation_intensity_slide=\u00bb10%\u00bb url_new_window=\u00bbon\u00bb use_overlay=\u00bboff\u00bb always_center_on_mobile=\u00bbon\u00bb force_fullwidth=\u00bboff\u00bb show_bottom_space=\u00bbon\u00bb url=\u00bbhttps:\/\/villena.salesianos.edu\/colegio\/galeria\/primaria-fotos\/\u00bb \/][et_pb_blurb admin_label=\u00bbTexto\u00bb title=\u00bbGaler\u00eda Actividades Primaria\u00bb url_new_window=\u00bbon\u00bb use_icon=\u00bboff\u00bb font_icon=\u00bb%%74%%\u00bb use_circle=\u00bbon\u00bb circle_color=\u00bb#ffffff\u00bb use_circle_border=\u00bbon\u00bb circle_border_color=\u00bb#727272&#8243; icon_placement=\u00bbtop\u00bb background_layout=\u00bblight\u00bb text_orientation=\u00bbcenter\u00bb use_icon_font_size=\u00bboff\u00bb body_font_size=\u00bb24&#8243; header_font_size=\u00bb14&#8243; background_position=\u00bbtop_left\u00bb background_repeat=\u00bbrepeat\u00bb background_size=\u00bbinitial\u00bb _builder_version=\u00bb3.0.92&#8243; url=\u00bbhttps:\/\/villena.salesianos.edu\/colegio\/galeria\/primaria-fotos\/\u00bb header_text_color=\u00bb#727272&#8243; \/][\/et_pb_column][et_pb_column type=\u00bb1_3&#8243;][et_pb_image src=\u00bbhttps:\/\/villena.salesianos.edu\/colegio\/wp-content\/uploads\/sites\/3\/2017\/11\/libreta.png\u00bb show_in_lightbox=\u00bboff\u00bb align=\u00bbcenter\u00bb max_width=\u00bb90px\u00bb max_width_last_edited=\u00bbon|desktop\u00bb _builder_version=\u00bb3.0.92&#8243; custom_margin=\u00bb46px|||\u00bb custom_margin_tablet=\u00bb0px|||\u00bb custom_margin_last_edited=\u00bboff|desktop\u00bb animation_style=\u00bbslide\u00bb animation_direction=\u00bbleft\u00bb animation_duration=\u00bb500ms\u00bb animation_intensity_slide=\u00bb10%\u00bb url_new_window=\u00bbon\u00bb use_overlay=\u00bboff\u00bb always_center_on_mobile=\u00bbon\u00bb force_fullwidth=\u00bboff\u00bb show_bottom_space=\u00bbon\u00bb url=\u00bbhttps:\/\/villena.salesianos.edu\/colegio\/galeria\/secundaria-fotos\/\u00bb \/][et_pb_blurb admin_label=\u00bbTexto\u00bb title=\u00bbGaler\u00eda Im\u00e1genes ESO\u00bb url_new_window=\u00bbon\u00bb use_icon=\u00bboff\u00bb font_icon=\u00bb%%74%%\u00bb use_circle=\u00bbon\u00bb circle_color=\u00bb#ffffff\u00bb use_circle_border=\u00bbon\u00bb circle_border_color=\u00bb#727272&#8243; icon_placement=\u00bbtop\u00bb background_layout=\u00bblight\u00bb text_orientation=\u00bbcenter\u00bb use_icon_font_size=\u00bboff\u00bb body_font_size=\u00bb24&#8243; header_font_size=\u00bb14&#8243; background_position=\u00bbtop_left\u00bb background_repeat=\u00bbrepeat\u00bb background_size=\u00bbinitial\u00bb _builder_version=\u00bb3.0.92&#8243; url=\u00bbhttps:\/\/villena.salesianos.edu\/colegio\/galeria\/secundaria-fotos\/\u00bb header_text_color=\u00bb#727272&#8243; \/][\/et_pb_column][\/et_pb_row][\/et_pb_section]<\/p>\n","protected":false},"excerpt":{"rendered":"<p>El 31 de enero se celebra la fiesta de San Juan Bosco, fundador de la Familia Salesiana, declarado \u00abPadre y Maestro de la juventud\u00bb por San Juan Pablo II y patrono de la Formaci\u00f3n Profesional. Por Equipo de Marketing y Comunicaci\u00f3n Salesianos Villena atiende a m\u00e1s de 500 ni\u00f1os y j\u00f3venes, gracias a la labor [&hellip;]<\/p>\n","protected":false},"author":2,"featured_media":3030,"comment_status":"open","ping_status":"open","sticky":false,"template":"","format":"standard","meta":{"_et_pb_use_builder":"on","_et_pb_old_content":"","_et_gb_content_width":"","footnotes":""},"categories":[14],"tags":[],"class_list":["post-3029","post","type-post","status-publish","format-standard","has-post-thumbnail","hentry","category-portadanoticias"],"yoast_head":"<!-- This site is optimized with the Yoast SEO plugin v28.3 - https:\/\/yoast.com\/product\/yoast-seo-wordpress\/ -->\n<title>La Familia Salesiana de Villena celebra Don Bosco - Familia Salesiana<\/title>\n<meta name=\"robots\" content=\"index, follow, max-snippet:-1, max-image-preview:large, max-video-preview:-1\" \/>\n<link rel=\"canonical\" href=\"https:\/\/villena.salesianos.edu\/familiasalesiana\/la-familia-salesiana-de-villena-celebra-don-bosco\/\" \/>\n<meta property=\"og:locale\" content=\"es_ES\" \/>\n<meta property=\"og:type\" content=\"article\" \/>\n<meta property=\"og:title\" content=\"La Familia Salesiana de Villena celebra Don Bosco - Familia Salesiana\" \/>\n<meta property=\"og:description\" content=\"El 31 de enero se celebra la fiesta de San Juan Bosco, fundador de la Familia Salesiana, declarado &quot;Padre y Maestro de la juventud&quot; por San Juan Pablo II y patrono de la Formaci\u00f3n Profesional. Por Equipo de Marketing y Comunicaci\u00f3n Salesianos Villena atiende a m\u00e1s de 500 ni\u00f1os y j\u00f3venes, gracias a la labor [&hellip;]\" \/>\n<meta property=\"og:url\" content=\"https:\/\/villena.salesianos.edu\/familiasalesiana\/la-familia-salesiana-de-villena-celebra-don-bosco\/\" \/>\n<meta property=\"og:site_name\" content=\"Familia Salesiana\" \/>\n<meta property=\"article:published_time\" content=\"2018-02-01T16:12:49+00:00\" \/>\n<meta property=\"article:modified_time\" content=\"2018-02-02T10:49:15+00:00\" \/>\n<meta property=\"og:image\" content=\"https:\/\/villena.salesianos.edu\/familiasalesiana\/wp-content\/uploads\/sites\/7\/2018\/02\/celebracionDBinfantil24.jpg\" \/>\n\t<meta property=\"og:image:width\" content=\"1024\" \/>\n\t<meta property=\"og:image:height\" content=\"683\" \/>\n\t<meta property=\"og:image:type\" content=\"image\/jpeg\" \/>\n<meta name=\"author\" content=\"Gestor Web\" \/>\n<meta name=\"twitter:card\" content=\"summary_large_image\" \/>\n<meta name=\"twitter:label1\" content=\"Escrito por\" \/>\n\t<meta name=\"twitter:data1\" content=\"Gestor Web\" \/>\n\t<meta name=\"twitter:label2\" content=\"Tiempo de lectura\" \/>\n\t<meta name=\"twitter:data2\" content=\"8 minutos\" \/>\n<script type=\"application\/ld+json\" class=\"yoast-schema-graph\">{\"@context\":\"https:\\\/\\\/schema.org\",\"@graph\":[{\"@type\":\"Article\",\"@id\":\"https:\\\/\\\/villena.salesianos.edu\\\/familiasalesiana\\\/la-familia-salesiana-de-villena-celebra-don-bosco\\\/#article\",\"isPartOf\":{\"@id\":\"https:\\\/\\\/villena.salesianos.edu\\\/familiasalesiana\\\/la-familia-salesiana-de-villena-celebra-don-bosco\\\/\"},\"author\":{\"name\":\"Gestor Web\",\"@id\":\"https:\\\/\\\/villena.salesianos.edu\\\/familiasalesiana\\\/#\\\/schema\\\/person\\\/737fd46edc5ae7d6c9b94da26c0e9302\"},\"headline\":\"La Familia Salesiana de Villena celebra Don Bosco\",\"datePublished\":\"2018-02-01T16:12:49+00:00\",\"dateModified\":\"2018-02-02T10:49:15+00:00\",\"mainEntityOfPage\":{\"@id\":\"https:\\\/\\\/villena.salesianos.edu\\\/familiasalesiana\\\/la-familia-salesiana-de-villena-celebra-don-bosco\\\/\"},\"wordCount\":1553,\"commentCount\":0,\"image\":{\"@id\":\"https:\\\/\\\/villena.salesianos.edu\\\/familiasalesiana\\\/la-familia-salesiana-de-villena-celebra-don-bosco\\\/#primaryimage\"},\"thumbnailUrl\":\"https:\\\/\\\/villena.salesianos.edu\\\/familiasalesiana\\\/wp-content\\\/uploads\\\/sites\\\/7\\\/2018\\\/02\\\/celebracionDBinfantil24.jpg\",\"articleSection\":[\"Portada Noticias\"],\"inLanguage\":\"es\",\"potentialAction\":[{\"@type\":\"CommentAction\",\"name\":\"Comment\",\"target\":[\"https:\\\/\\\/villena.salesianos.edu\\\/familiasalesiana\\\/la-familia-salesiana-de-villena-celebra-don-bosco\\\/#respond\"]}]},{\"@type\":\"WebPage\",\"@id\":\"https:\\\/\\\/villena.salesianos.edu\\\/familiasalesiana\\\/la-familia-salesiana-de-villena-celebra-don-bosco\\\/\",\"url\":\"https:\\\/\\\/villena.salesianos.edu\\\/familiasalesiana\\\/la-familia-salesiana-de-villena-celebra-don-bosco\\\/\",\"name\":\"La Familia Salesiana de Villena celebra Don Bosco - Familia Salesiana\",\"isPartOf\":{\"@id\":\"https:\\\/\\\/villena.salesianos.edu\\\/familiasalesiana\\\/#website\"},\"primaryImageOfPage\":{\"@id\":\"https:\\\/\\\/villena.salesianos.edu\\\/familiasalesiana\\\/la-familia-salesiana-de-villena-celebra-don-bosco\\\/#primaryimage\"},\"image\":{\"@id\":\"https:\\\/\\\/villena.salesianos.edu\\\/familiasalesiana\\\/la-familia-salesiana-de-villena-celebra-don-bosco\\\/#primaryimage\"},\"thumbnailUrl\":\"https:\\\/\\\/villena.salesianos.edu\\\/familiasalesiana\\\/wp-content\\\/uploads\\\/sites\\\/7\\\/2018\\\/02\\\/celebracionDBinfantil24.jpg\",\"datePublished\":\"2018-02-01T16:12:49+00:00\",\"dateModified\":\"2018-02-02T10:49:15+00:00\",\"author\":{\"@id\":\"https:\\\/\\\/villena.salesianos.edu\\\/familiasalesiana\\\/#\\\/schema\\\/person\\\/737fd46edc5ae7d6c9b94da26c0e9302\"},\"breadcrumb\":{\"@id\":\"https:\\\/\\\/villena.salesianos.edu\\\/familiasalesiana\\\/la-familia-salesiana-de-villena-celebra-don-bosco\\\/#breadcrumb\"},\"inLanguage\":\"es\",\"potentialAction\":[{\"@type\":\"ReadAction\",\"target\":[\"https:\\\/\\\/villena.salesianos.edu\\\/familiasalesiana\\\/la-familia-salesiana-de-villena-celebra-don-bosco\\\/\"]}]},{\"@type\":\"ImageObject\",\"inLanguage\":\"es\",\"@id\":\"https:\\\/\\\/villena.salesianos.edu\\\/familiasalesiana\\\/la-familia-salesiana-de-villena-celebra-don-bosco\\\/#primaryimage\",\"url\":\"https:\\\/\\\/villena.salesianos.edu\\\/familiasalesiana\\\/wp-content\\\/uploads\\\/sites\\\/7\\\/2018\\\/02\\\/celebracionDBinfantil24.jpg\",\"contentUrl\":\"https:\\\/\\\/villena.salesianos.edu\\\/familiasalesiana\\\/wp-content\\\/uploads\\\/sites\\\/7\\\/2018\\\/02\\\/celebracionDBinfantil24.jpg\",\"width\":1024,\"height\":683},{\"@type\":\"BreadcrumbList\",\"@id\":\"https:\\\/\\\/villena.salesianos.edu\\\/familiasalesiana\\\/la-familia-salesiana-de-villena-celebra-don-bosco\\\/#breadcrumb\",\"itemListElement\":[{\"@type\":\"ListItem\",\"position\":1,\"name\":\"Portada\",\"item\":\"https:\\\/\\\/villena.salesianos.edu\\\/familiasalesiana\\\/\"},{\"@type\":\"ListItem\",\"position\":2,\"name\":\"La Familia Salesiana de Villena celebra Don Bosco\"}]},{\"@type\":\"WebSite\",\"@id\":\"https:\\\/\\\/villena.salesianos.edu\\\/familiasalesiana\\\/#website\",\"url\":\"https:\\\/\\\/villena.salesianos.edu\\\/familiasalesiana\\\/\",\"name\":\"Familia Salesiana\",\"description\":\"P\u00e1gina oficial Salesianos Villena\",\"potentialAction\":[{\"@type\":\"SearchAction\",\"target\":{\"@type\":\"EntryPoint\",\"urlTemplate\":\"https:\\\/\\\/villena.salesianos.edu\\\/familiasalesiana\\\/?s={search_term_string}\"},\"query-input\":{\"@type\":\"PropertyValueSpecification\",\"valueRequired\":true,\"valueName\":\"search_term_string\"}}],\"inLanguage\":\"es\"},{\"@type\":\"Person\",\"@id\":\"https:\\\/\\\/villena.salesianos.edu\\\/familiasalesiana\\\/#\\\/schema\\\/person\\\/737fd46edc5ae7d6c9b94da26c0e9302\",\"name\":\"Gestor Web\",\"image\":{\"@type\":\"ImageObject\",\"inLanguage\":\"es\",\"@id\":\"https:\\\/\\\/secure.gravatar.com\\\/avatar\\\/44469746e1b6443cd011d1759fdc3b9fdcdae4a08dc0ddd85247651cb065486d?s=96&d=mm&r=g\",\"url\":\"https:\\\/\\\/secure.gravatar.com\\\/avatar\\\/44469746e1b6443cd011d1759fdc3b9fdcdae4a08dc0ddd85247651cb065486d?s=96&d=mm&r=g\",\"contentUrl\":\"https:\\\/\\\/secure.gravatar.com\\\/avatar\\\/44469746e1b6443cd011d1759fdc3b9fdcdae4a08dc0ddd85247651cb065486d?s=96&d=mm&r=g\",\"caption\":\"Gestor Web\"}}]}<\/script>\n<!-- \/ Yoast SEO plugin. -->","yoast_head_json":{"title":"La Familia Salesiana de Villena celebra Don Bosco - Familia Salesiana","robots":{"index":"index","follow":"follow","max-snippet":"max-snippet:-1","max-image-preview":"max-image-preview:large","max-video-preview":"max-video-preview:-1"},"canonical":"https:\/\/villena.salesianos.edu\/familiasalesiana\/la-familia-salesiana-de-villena-celebra-don-bosco\/","og_locale":"es_ES","og_type":"article","og_title":"La Familia Salesiana de Villena celebra Don Bosco - Familia Salesiana","og_description":"El 31 de enero se celebra la fiesta de San Juan Bosco, fundador de la Familia Salesiana, declarado \"Padre y Maestro de la juventud\" por San Juan Pablo II y patrono de la Formaci\u00f3n Profesional. Por Equipo de Marketing y Comunicaci\u00f3n Salesianos Villena atiende a m\u00e1s de 500 ni\u00f1os y j\u00f3venes, gracias a la labor [&hellip;]","og_url":"https:\/\/villena.salesianos.edu\/familiasalesiana\/la-familia-salesiana-de-villena-celebra-don-bosco\/","og_site_name":"Familia Salesiana","article_published_time":"2018-02-01T16:12:49+00:00","article_modified_time":"2018-02-02T10:49:15+00:00","og_image":[{"width":1024,"height":683,"url":"https:\/\/villena.salesianos.edu\/familiasalesiana\/wp-content\/uploads\/sites\/7\/2018\/02\/celebracionDBinfantil24.jpg","type":"image\/jpeg"}],"author":"Gestor Web","twitter_card":"summary_large_image","twitter_misc":{"Escrito por":"Gestor Web","Tiempo de lectura":"8 minutos"},"schema":{"@context":"https:\/\/schema.org","@graph":[{"@type":"Article","@id":"https:\/\/villena.salesianos.edu\/familiasalesiana\/la-familia-salesiana-de-villena-celebra-don-bosco\/#article","isPartOf":{"@id":"https:\/\/villena.salesianos.edu\/familiasalesiana\/la-familia-salesiana-de-villena-celebra-don-bosco\/"},"author":{"name":"Gestor Web","@id":"https:\/\/villena.salesianos.edu\/familiasalesiana\/#\/schema\/person\/737fd46edc5ae7d6c9b94da26c0e9302"},"headline":"La Familia Salesiana de Villena celebra Don Bosco","datePublished":"2018-02-01T16:12:49+00:00","dateModified":"2018-02-02T10:49:15+00:00","mainEntityOfPage":{"@id":"https:\/\/villena.salesianos.edu\/familiasalesiana\/la-familia-salesiana-de-villena-celebra-don-bosco\/"},"wordCount":1553,"commentCount":0,"image":{"@id":"https:\/\/villena.salesianos.edu\/familiasalesiana\/la-familia-salesiana-de-villena-celebra-don-bosco\/#primaryimage"},"thumbnailUrl":"https:\/\/villena.salesianos.edu\/familiasalesiana\/wp-content\/uploads\/sites\/7\/2018\/02\/celebracionDBinfantil24.jpg","articleSection":["Portada Noticias"],"inLanguage":"es","potentialAction":[{"@type":"CommentAction","name":"Comment","target":["https:\/\/villena.salesianos.edu\/familiasalesiana\/la-familia-salesiana-de-villena-celebra-don-bosco\/#respond"]}]},{"@type":"WebPage","@id":"https:\/\/villena.salesianos.edu\/familiasalesiana\/la-familia-salesiana-de-villena-celebra-don-bosco\/","url":"https:\/\/villena.salesianos.edu\/familiasalesiana\/la-familia-salesiana-de-villena-celebra-don-bosco\/","name":"La Familia Salesiana de Villena celebra Don Bosco - Familia Salesiana","isPartOf":{"@id":"https:\/\/villena.salesianos.edu\/familiasalesiana\/#website"},"primaryImageOfPage":{"@id":"https:\/\/villena.salesianos.edu\/familiasalesiana\/la-familia-salesiana-de-villena-celebra-don-bosco\/#primaryimage"},"image":{"@id":"https:\/\/villena.salesianos.edu\/familiasalesiana\/la-familia-salesiana-de-villena-celebra-don-bosco\/#primaryimage"},"thumbnailUrl":"https:\/\/villena.salesianos.edu\/familiasalesiana\/wp-content\/uploads\/sites\/7\/2018\/02\/celebracionDBinfantil24.jpg","datePublished":"2018-02-01T16:12:49+00:00","dateModified":"2018-02-02T10:49:15+00:00","author":{"@id":"https:\/\/villena.salesianos.edu\/familiasalesiana\/#\/schema\/person\/737fd46edc5ae7d6c9b94da26c0e9302"},"breadcrumb":{"@id":"https:\/\/villena.salesianos.edu\/familiasalesiana\/la-familia-salesiana-de-villena-celebra-don-bosco\/#breadcrumb"},"inLanguage":"es","potentialAction":[{"@type":"ReadAction","target":["https:\/\/villena.salesianos.edu\/familiasalesiana\/la-familia-salesiana-de-villena-celebra-don-bosco\/"]}]},{"@type":"ImageObject","inLanguage":"es","@id":"https:\/\/villena.salesianos.edu\/familiasalesiana\/la-familia-salesiana-de-villena-celebra-don-bosco\/#primaryimage","url":"https:\/\/villena.salesianos.edu\/familiasalesiana\/wp-content\/uploads\/sites\/7\/2018\/02\/celebracionDBinfantil24.jpg","contentUrl":"https:\/\/villena.salesianos.edu\/familiasalesiana\/wp-content\/uploads\/sites\/7\/2018\/02\/celebracionDBinfantil24.jpg","width":1024,"height":683},{"@type":"BreadcrumbList","@id":"https:\/\/villena.salesianos.edu\/familiasalesiana\/la-familia-salesiana-de-villena-celebra-don-bosco\/#breadcrumb","itemListElement":[{"@type":"ListItem","position":1,"name":"Portada","item":"https:\/\/villena.salesianos.edu\/familiasalesiana\/"},{"@type":"ListItem","position":2,"name":"La Familia Salesiana de Villena celebra Don Bosco"}]},{"@type":"WebSite","@id":"https:\/\/villena.salesianos.edu\/familiasalesiana\/#website","url":"https:\/\/villena.salesianos.edu\/familiasalesiana\/","name":"Familia Salesiana","description":"P\u00e1gina oficial Salesianos Villena","potentialAction":[{"@type":"SearchAction","target":{"@type":"EntryPoint","urlTemplate":"https:\/\/villena.salesianos.edu\/familiasalesiana\/?s={search_term_string}"},"query-input":{"@type":"PropertyValueSpecification","valueRequired":true,"valueName":"search_term_string"}}],"inLanguage":"es"},{"@type":"Person","@id":"https:\/\/villena.salesianos.edu\/familiasalesiana\/#\/schema\/person\/737fd46edc5ae7d6c9b94da26c0e9302","name":"Gestor Web","image":{"@type":"ImageObject","inLanguage":"es","@id":"https:\/\/secure.gravatar.com\/avatar\/44469746e1b6443cd011d1759fdc3b9fdcdae4a08dc0ddd85247651cb065486d?s=96&d=mm&r=g","url":"https:\/\/secure.gravatar.com\/avatar\/44469746e1b6443cd011d1759fdc3b9fdcdae4a08dc0ddd85247651cb065486d?s=96&d=mm&r=g","contentUrl":"https:\/\/secure.gravatar.com\/avatar\/44469746e1b6443cd011d1759fdc3b9fdcdae4a08dc0ddd85247651cb065486d?s=96&d=mm&r=g","caption":"Gestor Web"}}]}},"_links":{"self":[{"href":"https:\/\/villena.salesianos.edu\/familiasalesiana\/wp-json\/wp\/v2\/posts\/3029","targetHints":{"allow":["GET"]}}],"collection":[{"href":"https:\/\/villena.salesianos.edu\/familiasalesiana\/wp-json\/wp\/v2\/posts"}],"about":[{"href":"https:\/\/villena.salesianos.edu\/familiasalesiana\/wp-json\/wp\/v2\/types\/post"}],"author":[{"embeddable":true,"href":"https:\/\/villena.salesianos.edu\/familiasalesiana\/wp-json\/wp\/v2\/users\/2"}],"replies":[{"embeddable":true,"href":"https:\/\/villena.salesianos.edu\/familiasalesiana\/wp-json\/wp\/v2\/comments?post=3029"}],"version-history":[{"count":2,"href":"https:\/\/villena.salesianos.edu\/familiasalesiana\/wp-json\/wp\/v2\/posts\/3029\/revisions"}],"predecessor-version":[{"id":3032,"href":"https:\/\/villena.salesianos.edu\/familiasalesiana\/wp-json\/wp\/v2\/posts\/3029\/revisions\/3032"}],"wp:featuredmedia":[{"embeddable":true,"href":"https:\/\/villena.salesianos.edu\/familiasalesiana\/wp-json\/wp\/v2\/media\/3030"}],"wp:attachment":[{"href":"https:\/\/villena.salesianos.edu\/familiasalesiana\/wp-json\/wp\/v2\/media?parent=3029"}],"wp:term":[{"taxonomy":"category","embeddable":true,"href":"https:\/\/villena.salesianos.edu\/familiasalesiana\/wp-json\/wp\/v2\/categories?post=3029"},{"taxonomy":"post_tag","embeddable":true,"href":"https:\/\/villena.salesianos.edu\/familiasalesiana\/wp-json\/wp\/v2\/tags?post=3029"}],"curies":[{"name":"wp","href":"https:\/\/api.w.org\/{rel}","templated":true}]}}