{"id":3048,"date":"2018-04-24T10:57:22","date_gmt":"2018-04-24T09:57:22","guid":{"rendered":"https:\/\/villena.salesianos.edu\/familiasalesiana\/blog\/2018\/04\/24\/barcelona-horta-acogera-la-fiesta-de-la-comunidad-inspectorial-2018\/"},"modified":"2018-04-24T10:57:49","modified_gmt":"2018-04-24T09:57:49","slug":"barcelona-horta-acogera-la-fiesta-de-la-comunidad-inspectorial-2018","status":"publish","type":"post","link":"https:\/\/villena.salesianos.edu\/familiasalesiana\/barcelona-horta-acogera-la-fiesta-de-la-comunidad-inspectorial-2018\/","title":{"rendered":"Barcelona Horta acoger\u00e1 la Fiesta de la Comunidad Inspectorial 2018"},"content":{"rendered":"<p>[et_pb_section bb_built=\u00bb1&#8243; admin_label=\u00bbsection\u00bb][et_pb_row admin_label=\u00bbrow\u00bb background_position=\u00bbtop_left\u00bb background_repeat=\u00bbrepeat\u00bb background_size=\u00bbinitial\u00bb][et_pb_column type=\u00bb4_4&#8243;][et_pb_text admin_label=\u00bbEntradilla (Texto)\u00bb _builder_version=\u00bb3.0.92&#8243; background_layout=\u00bblight\u00bb text_orientation=\u00bbjustified\u00bb text_font=\u00bb|on|||\u00bb border_style=\u00bbsolid\u00bb]<\/p>\n<p><span style=\"color: #000000;\"><span style=\"font-family: 'Decima Nova Pro Lt';\"><span style=\"font-size: medium;\">Nuestra casa de Villena, que celebr\u00f3 la fiesta el a\u00f1o pasado con motivo de la celebraci\u00f3n de nuestro Centenario pasa el testigo a nuestros compa\u00f1ero de Salesianos Horta.<\/span><\/span><\/span><\/p>\n<p>[\/et_pb_text][et_pb_text admin_label=\u00bbAutor (Texto)\u00bb _builder_version=\u00bb3.0.92&#8243; background_layout=\u00bblight\u00bb text_font=\u00bb||on||\u00bb border_style=\u00bbsolid\u00bb]<\/p>\n<p><em>Por Comunicaci\u00f3n Social<\/em><\/p>\n<p>[\/et_pb_text][et_pb_text admin_label=\u00bbDesarrollo (Texto)\u00bb _builder_version=\u00bb3.0.92&#8243; background_layout=\u00bblight\u00bb text_orientation=\u00bbjustified\u00bb border_style=\u00bbsolid\u00bb]<\/p>\n<p align=\"justify\"><span style=\"font-family: 'Decima Nova Pro Lt';\"><span style=\"font-size: medium;\"><span style=\"color: #000000;\">La casa salesiana de Horta abrir\u00e1 sus puertas el pr\u00f3ximo 5 de mayo para acoger a los salesianos procedentes de las distintas presencias salesianas de la Inspector\u00eda Salesiana Mar\u00eda Auxiliadora en la celebraci\u00f3n de Fiesta de la Comunidad Inspectorial 2018.<\/span><\/span><\/span><\/p>\n<p align=\"justify\"><span style=\"color: #000000;\"><span style=\"font-family: 'Decima Nova Pro Lt';\"><span style=\"font-size: medium;\">Tras las ediciones celebradas en Valencia-San Antonio Abad, Utrera y Villena, le llega el turno a la ciudad de Barcelona como anfitriona en una jornada que servir\u00e1 para celebrar el\u00a0<\/span><\/span><\/span><span style=\"color: #000000;\"><span style=\"font-family: 'Decima Nova Pro Lt';\"><span style=\"font-size: medium;\"><a href=\"https:\/\/salesianos.edu\/Articulos\/10264\/1\/1\/Primeras-impresiones-de-ngel-Asurmendi-Mart-nez-nuevo-superior-de-la-Inspector-a-Mar-a-Auxiliadora\">inicio del servicio como Inspector de \u00c1ngel Asurmendi Mart\u00ednez, tras el nombramiento el pasado 28 de marzo<\/a><\/span><\/span><\/span><span style=\"color: #000000;\"><span style=\"font-family: 'Decima Nova Pro Lt';\"><span style=\"font-size: medium;\">.\u00a0A partir de las 12:15 tendr\u00e1 lugar la Eucarist\u00eda de inicio del servicio que ser\u00e1 presidida por Francesco Cereda, vicario del Rector Mayor.<\/span><\/span><\/span><\/p>\n<p align=\"justify\"><span style=\"font-family: 'Decima Nova Pro Lt';\"><span style=\"font-size: medium;\"><span style=\"color: #000000;\">La jornada tambi\u00e9n tendr\u00e1 un momento para agradecer los 25 y 50 a\u00f1os de profesi\u00f3n o sacerdocio de un grupo de 25 salesianos de la inspector\u00eda, entre este grupo de sacerdotes cabe destacar como menci\u00f3n especial a nuestro querido Don Eladio, sacerdote de Villena que actualmente convive en nuestra casa.<\/span><\/span><\/span><\/p>\n<p align=\"justify\"><span style=\"font-family: 'Decima Nova Pro Lt';\"><span style=\"font-size: medium;\"><span style=\"color: #000000;\">Adem\u00e1s de homenajear a la casa salesiana de Sevilla-Trinidad que celebra su 125 aniversario durante este curso. La nota festiva de la jornada la pondr\u00e1 la exhibici\u00f3n de Castellers y la tradicional foto de familia con la que se cerrar\u00e1 la ma\u00f1ana.<\/span><\/span><\/span><\/p>\n<p align=\"justify\"><span style=\"font-family: 'Decima Nova Pro Lt';\"><span style=\"font-size: medium;\"><span style=\"color: #000000;\">El momento servir\u00e1 como inicio del servicio como inspector de \u00c1ngel Asurmendi y como agradecimiento a los salesianos que cumplen 25 y 50 a\u00f1os de profesi\u00f3n o sacerdocio.<\/span><\/span><\/span><\/p>\n<p>[\/et_pb_text][et_pb_text admin_label=\u00bbT\u00edtulo: Galer\u00eda de fotos (Texto)\u00bb _builder_version=\u00bb3.0.51&#8243; background_layout=\u00bblight\u00bb text_orientation=\u00bbleft\u00bb text_font=\u00bb|on|||\u00bb text_text_color=\u00bb#dc001b\u00bb border_style=\u00bbsolid\u00bb disabled=\u00bbon\u00bb disabled_on=\u00bbon|on|on\u00bb]<\/p>\n<p>Galer\u00eda de im\u00e1genes<\/p>\n<p>[\/et_pb_text][et_pb_gallery _builder_version=\u00bb3.0.51&#8243; posts_number=\u00bb8&#8243; show_title_and_caption=\u00bboff\u00bb show_pagination=\u00bbon\u00bb fullwidth=\u00bboff\u00bb orientation=\u00bblandscape\u00bb zoom_icon_color=\u00bb#dc001b\u00bb hover_overlay_color=\u00bbrgba(255,255,255,0.9)\u00bb hover_icon=\u00bb%%51%%\u00bb background_layout=\u00bblight\u00bb border_style=\u00bbsolid\u00bb auto=\u00bboff\u00bb disabled=\u00bbon\u00bb disabled_on=\u00bbon|on|on\u00bb \/][et_pb_video _builder_version=\u00bb3.0.51&#8243; disabled=\u00bbon\u00bb disabled_on=\u00bbon|on|on\u00bb \/][\/et_pb_column][\/et_pb_row][\/et_pb_section]<\/p>\n","protected":false},"excerpt":{"rendered":"<p>Nuestra casa de Villena, que celebr\u00f3 la fiesta el a\u00f1o pasado con motivo de la celebraci\u00f3n de nuestro Centenario pasa el testigo a nuestros compa\u00f1ero de Salesianos Horta. Por Comunicaci\u00f3n Social La casa salesiana de Horta abrir\u00e1 sus puertas el pr\u00f3ximo 5 de mayo para acoger a los salesianos procedentes de las distintas presencias salesianas [&hellip;]<\/p>\n","protected":false},"author":2,"featured_media":3049,"comment_status":"open","ping_status":"open","sticky":false,"template":"","format":"standard","meta":{"_et_pb_use_builder":"on","_et_pb_old_content":"","_et_gb_content_width":"","footnotes":""},"categories":[28,14],"tags":[],"class_list":["post-3048","post","type-post","status-publish","format-standard","has-post-thumbnail","hentry","category-familiasalesiana","category-portadanoticias"],"yoast_head":"<!-- This site is optimized with the Yoast SEO plugin v28.3 - https:\/\/yoast.com\/product\/yoast-seo-wordpress\/ -->\n<title>Barcelona Horta acoger\u00e1 la Fiesta de la Comunidad Inspectorial 2018 - Familia Salesiana<\/title>\n<meta name=\"robots\" content=\"index, follow, max-snippet:-1, max-image-preview:large, max-video-preview:-1\" \/>\n<link rel=\"canonical\" href=\"https:\/\/villena.salesianos.edu\/familiasalesiana\/barcelona-horta-acogera-la-fiesta-de-la-comunidad-inspectorial-2018\/\" \/>\n<meta property=\"og:locale\" content=\"es_ES\" \/>\n<meta property=\"og:type\" content=\"article\" \/>\n<meta property=\"og:title\" content=\"Barcelona Horta acoger\u00e1 la Fiesta de la Comunidad Inspectorial 2018 - Familia Salesiana\" \/>\n<meta property=\"og:description\" content=\"Nuestra casa de Villena, que celebr\u00f3 la fiesta el a\u00f1o pasado con motivo de la celebraci\u00f3n de nuestro Centenario pasa el testigo a nuestros compa\u00f1ero de Salesianos Horta. Por Comunicaci\u00f3n Social La casa salesiana de Horta abrir\u00e1 sus puertas el pr\u00f3ximo 5 de mayo para acoger a los salesianos procedentes de las distintas presencias salesianas [&hellip;]\" \/>\n<meta property=\"og:url\" content=\"https:\/\/villena.salesianos.edu\/familiasalesiana\/barcelona-horta-acogera-la-fiesta-de-la-comunidad-inspectorial-2018\/\" \/>\n<meta property=\"og:site_name\" content=\"Familia Salesiana\" \/>\n<meta property=\"article:published_time\" content=\"2018-04-24T09:57:22+00:00\" \/>\n<meta property=\"article:modified_time\" content=\"2018-04-24T09:57:49+00:00\" \/>\n<meta property=\"og:image\" content=\"https:\/\/villena.salesianos.edu\/familiasalesiana\/wp-content\/uploads\/sites\/7\/2018\/04\/Captura-de-pantalla-de-2018-04-24-115343.png\" \/>\n\t<meta property=\"og:image:width\" content=\"670\" \/>\n\t<meta property=\"og:image:height\" content=\"325\" \/>\n\t<meta property=\"og:image:type\" content=\"image\/png\" \/>\n<meta name=\"author\" content=\"Gestor Web\" \/>\n<meta name=\"twitter:card\" content=\"summary_large_image\" \/>\n<meta name=\"twitter:label1\" content=\"Escrito por\" \/>\n\t<meta name=\"twitter:data1\" content=\"Gestor Web\" \/>\n\t<meta name=\"twitter:label2\" content=\"Tiempo de lectura\" \/>\n\t<meta name=\"twitter:data2\" content=\"2 minutos\" \/>\n<script type=\"application\/ld+json\" class=\"yoast-schema-graph\">{\"@context\":\"https:\\\/\\\/schema.org\",\"@graph\":[{\"@type\":\"Article\",\"@id\":\"https:\\\/\\\/villena.salesianos.edu\\\/familiasalesiana\\\/barcelona-horta-acogera-la-fiesta-de-la-comunidad-inspectorial-2018\\\/#article\",\"isPartOf\":{\"@id\":\"https:\\\/\\\/villena.salesianos.edu\\\/familiasalesiana\\\/barcelona-horta-acogera-la-fiesta-de-la-comunidad-inspectorial-2018\\\/\"},\"author\":{\"name\":\"Gestor Web\",\"@id\":\"https:\\\/\\\/villena.salesianos.edu\\\/familiasalesiana\\\/#\\\/schema\\\/person\\\/737fd46edc5ae7d6c9b94da26c0e9302\"},\"headline\":\"Barcelona Horta acoger\u00e1 la Fiesta de la Comunidad Inspectorial 2018\",\"datePublished\":\"2018-04-24T09:57:22+00:00\",\"dateModified\":\"2018-04-24T09:57:49+00:00\",\"mainEntityOfPage\":{\"@id\":\"https:\\\/\\\/villena.salesianos.edu\\\/familiasalesiana\\\/barcelona-horta-acogera-la-fiesta-de-la-comunidad-inspectorial-2018\\\/\"},\"wordCount\":486,\"commentCount\":0,\"image\":{\"@id\":\"https:\\\/\\\/villena.salesianos.edu\\\/familiasalesiana\\\/barcelona-horta-acogera-la-fiesta-de-la-comunidad-inspectorial-2018\\\/#primaryimage\"},\"thumbnailUrl\":\"https:\\\/\\\/villena.salesianos.edu\\\/familiasalesiana\\\/wp-content\\\/uploads\\\/sites\\\/7\\\/2018\\\/04\\\/Captura-de-pantalla-de-2018-04-24-115343.png\",\"articleSection\":[\"Familia Salesiana\",\"Portada Noticias\"],\"inLanguage\":\"es\",\"potentialAction\":[{\"@type\":\"CommentAction\",\"name\":\"Comment\",\"target\":[\"https:\\\/\\\/villena.salesianos.edu\\\/familiasalesiana\\\/barcelona-horta-acogera-la-fiesta-de-la-comunidad-inspectorial-2018\\\/#respond\"]}]},{\"@type\":\"WebPage\",\"@id\":\"https:\\\/\\\/villena.salesianos.edu\\\/familiasalesiana\\\/barcelona-horta-acogera-la-fiesta-de-la-comunidad-inspectorial-2018\\\/\",\"url\":\"https:\\\/\\\/villena.salesianos.edu\\\/familiasalesiana\\\/barcelona-horta-acogera-la-fiesta-de-la-comunidad-inspectorial-2018\\\/\",\"name\":\"Barcelona Horta acoger\u00e1 la Fiesta de la Comunidad Inspectorial 2018 - Familia Salesiana\",\"isPartOf\":{\"@id\":\"https:\\\/\\\/villena.salesianos.edu\\\/familiasalesiana\\\/#website\"},\"primaryImageOfPage\":{\"@id\":\"https:\\\/\\\/villena.salesianos.edu\\\/familiasalesiana\\\/barcelona-horta-acogera-la-fiesta-de-la-comunidad-inspectorial-2018\\\/#primaryimage\"},\"image\":{\"@id\":\"https:\\\/\\\/villena.salesianos.edu\\\/familiasalesiana\\\/barcelona-horta-acogera-la-fiesta-de-la-comunidad-inspectorial-2018\\\/#primaryimage\"},\"thumbnailUrl\":\"https:\\\/\\\/villena.salesianos.edu\\\/familiasalesiana\\\/wp-content\\\/uploads\\\/sites\\\/7\\\/2018\\\/04\\\/Captura-de-pantalla-de-2018-04-24-115343.png\",\"datePublished\":\"2018-04-24T09:57:22+00:00\",\"dateModified\":\"2018-04-24T09:57:49+00:00\",\"author\":{\"@id\":\"https:\\\/\\\/villena.salesianos.edu\\\/familiasalesiana\\\/#\\\/schema\\\/person\\\/737fd46edc5ae7d6c9b94da26c0e9302\"},\"breadcrumb\":{\"@id\":\"https:\\\/\\\/villena.salesianos.edu\\\/familiasalesiana\\\/barcelona-horta-acogera-la-fiesta-de-la-comunidad-inspectorial-2018\\\/#breadcrumb\"},\"inLanguage\":\"es\",\"potentialAction\":[{\"@type\":\"ReadAction\",\"target\":[\"https:\\\/\\\/villena.salesianos.edu\\\/familiasalesiana\\\/barcelona-horta-acogera-la-fiesta-de-la-comunidad-inspectorial-2018\\\/\"]}]},{\"@type\":\"ImageObject\",\"inLanguage\":\"es\",\"@id\":\"https:\\\/\\\/villena.salesianos.edu\\\/familiasalesiana\\\/barcelona-horta-acogera-la-fiesta-de-la-comunidad-inspectorial-2018\\\/#primaryimage\",\"url\":\"https:\\\/\\\/villena.salesianos.edu\\\/familiasalesiana\\\/wp-content\\\/uploads\\\/sites\\\/7\\\/2018\\\/04\\\/Captura-de-pantalla-de-2018-04-24-115343.png\",\"contentUrl\":\"https:\\\/\\\/villena.salesianos.edu\\\/familiasalesiana\\\/wp-content\\\/uploads\\\/sites\\\/7\\\/2018\\\/04\\\/Captura-de-pantalla-de-2018-04-24-115343.png\",\"width\":670,\"height\":325},{\"@type\":\"BreadcrumbList\",\"@id\":\"https:\\\/\\\/villena.salesianos.edu\\\/familiasalesiana\\\/barcelona-horta-acogera-la-fiesta-de-la-comunidad-inspectorial-2018\\\/#breadcrumb\",\"itemListElement\":[{\"@type\":\"ListItem\",\"position\":1,\"name\":\"Portada\",\"item\":\"https:\\\/\\\/villena.salesianos.edu\\\/familiasalesiana\\\/\"},{\"@type\":\"ListItem\",\"position\":2,\"name\":\"Barcelona Horta acoger\u00e1 la Fiesta de la Comunidad Inspectorial 2018\"}]},{\"@type\":\"WebSite\",\"@id\":\"https:\\\/\\\/villena.salesianos.edu\\\/familiasalesiana\\\/#website\",\"url\":\"https:\\\/\\\/villena.salesianos.edu\\\/familiasalesiana\\\/\",\"name\":\"Familia Salesiana\",\"description\":\"P\u00e1gina oficial Salesianos Villena\",\"potentialAction\":[{\"@type\":\"SearchAction\",\"target\":{\"@type\":\"EntryPoint\",\"urlTemplate\":\"https:\\\/\\\/villena.salesianos.edu\\\/familiasalesiana\\\/?s={search_term_string}\"},\"query-input\":{\"@type\":\"PropertyValueSpecification\",\"valueRequired\":true,\"valueName\":\"search_term_string\"}}],\"inLanguage\":\"es\"},{\"@type\":\"Person\",\"@id\":\"https:\\\/\\\/villena.salesianos.edu\\\/familiasalesiana\\\/#\\\/schema\\\/person\\\/737fd46edc5ae7d6c9b94da26c0e9302\",\"name\":\"Gestor Web\",\"image\":{\"@type\":\"ImageObject\",\"inLanguage\":\"es\",\"@id\":\"https:\\\/\\\/secure.gravatar.com\\\/avatar\\\/44469746e1b6443cd011d1759fdc3b9fdcdae4a08dc0ddd85247651cb065486d?s=96&d=mm&r=g\",\"url\":\"https:\\\/\\\/secure.gravatar.com\\\/avatar\\\/44469746e1b6443cd011d1759fdc3b9fdcdae4a08dc0ddd85247651cb065486d?s=96&d=mm&r=g\",\"contentUrl\":\"https:\\\/\\\/secure.gravatar.com\\\/avatar\\\/44469746e1b6443cd011d1759fdc3b9fdcdae4a08dc0ddd85247651cb065486d?s=96&d=mm&r=g\",\"caption\":\"Gestor Web\"}}]}<\/script>\n<!-- \/ Yoast SEO plugin. -->","yoast_head_json":{"title":"Barcelona Horta acoger\u00e1 la Fiesta de la Comunidad Inspectorial 2018 - Familia Salesiana","robots":{"index":"index","follow":"follow","max-snippet":"max-snippet:-1","max-image-preview":"max-image-preview:large","max-video-preview":"max-video-preview:-1"},"canonical":"https:\/\/villena.salesianos.edu\/familiasalesiana\/barcelona-horta-acogera-la-fiesta-de-la-comunidad-inspectorial-2018\/","og_locale":"es_ES","og_type":"article","og_title":"Barcelona Horta acoger\u00e1 la Fiesta de la Comunidad Inspectorial 2018 - Familia Salesiana","og_description":"Nuestra casa de Villena, que celebr\u00f3 la fiesta el a\u00f1o pasado con motivo de la celebraci\u00f3n de nuestro Centenario pasa el testigo a nuestros compa\u00f1ero de Salesianos Horta. Por Comunicaci\u00f3n Social La casa salesiana de Horta abrir\u00e1 sus puertas el pr\u00f3ximo 5 de mayo para acoger a los salesianos procedentes de las distintas presencias salesianas [&hellip;]","og_url":"https:\/\/villena.salesianos.edu\/familiasalesiana\/barcelona-horta-acogera-la-fiesta-de-la-comunidad-inspectorial-2018\/","og_site_name":"Familia Salesiana","article_published_time":"2018-04-24T09:57:22+00:00","article_modified_time":"2018-04-24T09:57:49+00:00","og_image":[{"width":670,"height":325,"url":"https:\/\/villena.salesianos.edu\/familiasalesiana\/wp-content\/uploads\/sites\/7\/2018\/04\/Captura-de-pantalla-de-2018-04-24-115343.png","type":"image\/png"}],"author":"Gestor Web","twitter_card":"summary_large_image","twitter_misc":{"Escrito por":"Gestor Web","Tiempo de lectura":"2 minutos"},"schema":{"@context":"https:\/\/schema.org","@graph":[{"@type":"Article","@id":"https:\/\/villena.salesianos.edu\/familiasalesiana\/barcelona-horta-acogera-la-fiesta-de-la-comunidad-inspectorial-2018\/#article","isPartOf":{"@id":"https:\/\/villena.salesianos.edu\/familiasalesiana\/barcelona-horta-acogera-la-fiesta-de-la-comunidad-inspectorial-2018\/"},"author":{"name":"Gestor Web","@id":"https:\/\/villena.salesianos.edu\/familiasalesiana\/#\/schema\/person\/737fd46edc5ae7d6c9b94da26c0e9302"},"headline":"Barcelona Horta acoger\u00e1 la Fiesta de la Comunidad Inspectorial 2018","datePublished":"2018-04-24T09:57:22+00:00","dateModified":"2018-04-24T09:57:49+00:00","mainEntityOfPage":{"@id":"https:\/\/villena.salesianos.edu\/familiasalesiana\/barcelona-horta-acogera-la-fiesta-de-la-comunidad-inspectorial-2018\/"},"wordCount":486,"commentCount":0,"image":{"@id":"https:\/\/villena.salesianos.edu\/familiasalesiana\/barcelona-horta-acogera-la-fiesta-de-la-comunidad-inspectorial-2018\/#primaryimage"},"thumbnailUrl":"https:\/\/villena.salesianos.edu\/familiasalesiana\/wp-content\/uploads\/sites\/7\/2018\/04\/Captura-de-pantalla-de-2018-04-24-115343.png","articleSection":["Familia Salesiana","Portada Noticias"],"inLanguage":"es","potentialAction":[{"@type":"CommentAction","name":"Comment","target":["https:\/\/villena.salesianos.edu\/familiasalesiana\/barcelona-horta-acogera-la-fiesta-de-la-comunidad-inspectorial-2018\/#respond"]}]},{"@type":"WebPage","@id":"https:\/\/villena.salesianos.edu\/familiasalesiana\/barcelona-horta-acogera-la-fiesta-de-la-comunidad-inspectorial-2018\/","url":"https:\/\/villena.salesianos.edu\/familiasalesiana\/barcelona-horta-acogera-la-fiesta-de-la-comunidad-inspectorial-2018\/","name":"Barcelona Horta acoger\u00e1 la Fiesta de la Comunidad Inspectorial 2018 - Familia Salesiana","isPartOf":{"@id":"https:\/\/villena.salesianos.edu\/familiasalesiana\/#website"},"primaryImageOfPage":{"@id":"https:\/\/villena.salesianos.edu\/familiasalesiana\/barcelona-horta-acogera-la-fiesta-de-la-comunidad-inspectorial-2018\/#primaryimage"},"image":{"@id":"https:\/\/villena.salesianos.edu\/familiasalesiana\/barcelona-horta-acogera-la-fiesta-de-la-comunidad-inspectorial-2018\/#primaryimage"},"thumbnailUrl":"https:\/\/villena.salesianos.edu\/familiasalesiana\/wp-content\/uploads\/sites\/7\/2018\/04\/Captura-de-pantalla-de-2018-04-24-115343.png","datePublished":"2018-04-24T09:57:22+00:00","dateModified":"2018-04-24T09:57:49+00:00","author":{"@id":"https:\/\/villena.salesianos.edu\/familiasalesiana\/#\/schema\/person\/737fd46edc5ae7d6c9b94da26c0e9302"},"breadcrumb":{"@id":"https:\/\/villena.salesianos.edu\/familiasalesiana\/barcelona-horta-acogera-la-fiesta-de-la-comunidad-inspectorial-2018\/#breadcrumb"},"inLanguage":"es","potentialAction":[{"@type":"ReadAction","target":["https:\/\/villena.salesianos.edu\/familiasalesiana\/barcelona-horta-acogera-la-fiesta-de-la-comunidad-inspectorial-2018\/"]}]},{"@type":"ImageObject","inLanguage":"es","@id":"https:\/\/villena.salesianos.edu\/familiasalesiana\/barcelona-horta-acogera-la-fiesta-de-la-comunidad-inspectorial-2018\/#primaryimage","url":"https:\/\/villena.salesianos.edu\/familiasalesiana\/wp-content\/uploads\/sites\/7\/2018\/04\/Captura-de-pantalla-de-2018-04-24-115343.png","contentUrl":"https:\/\/villena.salesianos.edu\/familiasalesiana\/wp-content\/uploads\/sites\/7\/2018\/04\/Captura-de-pantalla-de-2018-04-24-115343.png","width":670,"height":325},{"@type":"BreadcrumbList","@id":"https:\/\/villena.salesianos.edu\/familiasalesiana\/barcelona-horta-acogera-la-fiesta-de-la-comunidad-inspectorial-2018\/#breadcrumb","itemListElement":[{"@type":"ListItem","position":1,"name":"Portada","item":"https:\/\/villena.salesianos.edu\/familiasalesiana\/"},{"@type":"ListItem","position":2,"name":"Barcelona Horta acoger\u00e1 la Fiesta de la Comunidad Inspectorial 2018"}]},{"@type":"WebSite","@id":"https:\/\/villena.salesianos.edu\/familiasalesiana\/#website","url":"https:\/\/villena.salesianos.edu\/familiasalesiana\/","name":"Familia Salesiana","description":"P\u00e1gina oficial Salesianos Villena","potentialAction":[{"@type":"SearchAction","target":{"@type":"EntryPoint","urlTemplate":"https:\/\/villena.salesianos.edu\/familiasalesiana\/?s={search_term_string}"},"query-input":{"@type":"PropertyValueSpecification","valueRequired":true,"valueName":"search_term_string"}}],"inLanguage":"es"},{"@type":"Person","@id":"https:\/\/villena.salesianos.edu\/familiasalesiana\/#\/schema\/person\/737fd46edc5ae7d6c9b94da26c0e9302","name":"Gestor Web","image":{"@type":"ImageObject","inLanguage":"es","@id":"https:\/\/secure.gravatar.com\/avatar\/44469746e1b6443cd011d1759fdc3b9fdcdae4a08dc0ddd85247651cb065486d?s=96&d=mm&r=g","url":"https:\/\/secure.gravatar.com\/avatar\/44469746e1b6443cd011d1759fdc3b9fdcdae4a08dc0ddd85247651cb065486d?s=96&d=mm&r=g","contentUrl":"https:\/\/secure.gravatar.com\/avatar\/44469746e1b6443cd011d1759fdc3b9fdcdae4a08dc0ddd85247651cb065486d?s=96&d=mm&r=g","caption":"Gestor Web"}}]}},"_links":{"self":[{"href":"https:\/\/villena.salesianos.edu\/familiasalesiana\/wp-json\/wp\/v2\/posts\/3048","targetHints":{"allow":["GET"]}}],"collection":[{"href":"https:\/\/villena.salesianos.edu\/familiasalesiana\/wp-json\/wp\/v2\/posts"}],"about":[{"href":"https:\/\/villena.salesianos.edu\/familiasalesiana\/wp-json\/wp\/v2\/types\/post"}],"author":[{"embeddable":true,"href":"https:\/\/villena.salesianos.edu\/familiasalesiana\/wp-json\/wp\/v2\/users\/2"}],"replies":[{"embeddable":true,"href":"https:\/\/villena.salesianos.edu\/familiasalesiana\/wp-json\/wp\/v2\/comments?post=3048"}],"version-history":[{"count":1,"href":"https:\/\/villena.salesianos.edu\/familiasalesiana\/wp-json\/wp\/v2\/posts\/3048\/revisions"}],"predecessor-version":[{"id":3050,"href":"https:\/\/villena.salesianos.edu\/familiasalesiana\/wp-json\/wp\/v2\/posts\/3048\/revisions\/3050"}],"wp:featuredmedia":[{"embeddable":true,"href":"https:\/\/villena.salesianos.edu\/familiasalesiana\/wp-json\/wp\/v2\/media\/3049"}],"wp:attachment":[{"href":"https:\/\/villena.salesianos.edu\/familiasalesiana\/wp-json\/wp\/v2\/media?parent=3048"}],"wp:term":[{"taxonomy":"category","embeddable":true,"href":"https:\/\/villena.salesianos.edu\/familiasalesiana\/wp-json\/wp\/v2\/categories?post=3048"},{"taxonomy":"post_tag","embeddable":true,"href":"https:\/\/villena.salesianos.edu\/familiasalesiana\/wp-json\/wp\/v2\/tags?post=3048"}],"curies":[{"name":"wp","href":"https:\/\/api.w.org\/{rel}","templated":true}]}}