{"id":3107,"date":"2018-10-22T14:33:07","date_gmt":"2018-10-22T13:33:07","guid":{"rendered":"https:\/\/villena.salesianos.edu\/familiasalesiana\/fiesta-del-envio-18-19\/"},"modified":"2018-10-22T15:35:07","modified_gmt":"2018-10-22T14:35:07","slug":"fiesta-del-envio-18-19","status":"publish","type":"post","link":"https:\/\/villena.salesianos.edu\/familiasalesiana\/fiesta-del-envio-18-19\/","title":{"rendered":"Fiesta del Env\u00edo 18-19"},"content":{"rendered":"<p>[et_pb_section bb_built=\u00bb1&#8243; admin_label=\u00bbsection\u00bb][et_pb_row admin_label=\u00bbrow\u00bb background_position=\u00bbtop_left\u00bb background_repeat=\u00bbrepeat\u00bb background_size=\u00bbinitial\u00bb][et_pb_column type=\u00bb4_4&#8243;][et_pb_text admin_label=\u00bbEntradilla (Texto)\u00bb _builder_version=\u00bb3.0.92&#8243; background_layout=\u00bblight\u00bb text_orientation=\u00bbjustified\u00bb text_font=\u00bb|on|||\u00bb border_style=\u00bbsolid\u00bb]<\/p>\n<p><strong>La Comunidad Educativa-Pastoral de Salesianos Villena se re\u00fane para iniciar este curso 18-19.<\/strong><\/p>\n<p>[\/et_pb_text][et_pb_text admin_label=\u00bbAutor (Texto)\u00bb _builder_version=\u00bb3.0.92&#8243; background_layout=\u00bblight\u00bb text_font=\u00bb||on||\u00bb border_style=\u00bbsolid\u00bb]<\/p>\n<p><em>Por Equipo de Comunicaci\u00f3n<\/em><\/p>\n<p>[\/et_pb_text][et_pb_text admin_label=\u00bbDesarrollo (Texto)\u00bb _builder_version=\u00bb3.0.92&#8243; background_layout=\u00bblight\u00bb text_orientation=\u00bbjustified\u00bb]<\/p>\n<p>El domingo 21 de Octubre a las 12:30 horas tuvo lugar la <strong>Primera Eucarist\u00eda<\/strong> celebrada en la <a href=\"https:\/\/villena.salesianos.edu\/iglesia\/\">Iglesia<\/a> del Centro, reuniendo a todos los grupos de la <a href=\"https:\/\/villena.salesianos.edu\/\">Casa Salesiana de Villena<\/a>.<br \/>\nLa celebraci\u00f3n fue oficiada por D. Jos\u00e9 Luis Navarro, Director de la casa, en donde Personal del colegio, Monitores del Centro Juvenil, Cooperadores, Catequistas, Admas, Antiguos Alumnos, familias y miembro del AMPA y Salesianos hicieron del domingo, un d\u00eda especial\u00a0 de encuentro y familiaridad.<\/p>\n<p>El acto estuvo enmarcado en la campa\u00f1a de la <a href=\"https:\/\/www.salesianos.edu\/\">Inspector\u00eda de Mar\u00eda Auxiliadora<\/a> y objetivo principal para nuestra casa durante este curso: \u201c<a href=\"https:\/\/www.primerolosultimos.org\/\">Primero los \u00daltimos<\/a>\u201d. Estar\u00e1 centrada en las pobrezas infantiles y juveniles de nuestra propia zona y va dirigida a todos los miembros de los ambientes de la Casa Salesiana.<\/p>\n<p>Para finalizar el encuentro, los presentes realizaron una foto de familia para recordar el d\u00eda del env\u00edo y el encuentro con todas las personas que formamos esta GRAN FAMILIA.<\/p>\n<hr \/>\n<p><strong>Porque recuerda\u2026<\/strong><\/p>\n<p><em>\u201cDios no quiere que se pierda ni uno s\u00f3lo de estos peque\u00f1os\u201d (Mt. 18, 12 \u2013 14)<\/em><\/p>\n<hr \/>\n<p>S\u00edguenos este curso en nuestras redes y web con el hashtag<em> <strong>#primerolos\u00faltimos<\/strong><\/em><\/p>\n<style id=\"bwg-style-0\">    #bwg_container1_0 #bwg_container2_0 .bwg-container-0.bwg-standard-thumbnails {      width: 1254px;              justify-content: center;        margin:0 auto !important;              background-color: rgba(255, 255, 255, 0.00);            padding-left: 4px;      padding-top: 4px;      max-width: 100%;            }        #bwg_container1_0 #bwg_container2_0 .bwg-container-0.bwg-standard-thumbnails .bwg-item {    justify-content: flex-start;      max-width: 250px;          }    #bwg_container1_0 #bwg_container2_0 .bwg-container-0.bwg-standard-thumbnails .bwg-item a {       margin-right: 4px;       margin-bottom: 4px;    }    #bwg_container1_0 #bwg_container2_0 .bwg-container-0.bwg-standard-thumbnails .bwg-item0 {      padding: 0px;            background-color:rgba(255,255,255, 0.30);      border: 0px none #CCCCCC;      opacity: 1.00;      border-radius: 0;      box-shadow: 0px 0px 0px #888888;    }    #bwg_container1_0 #bwg_container2_0 .bwg-container-0.bwg-standard-thumbnails .bwg-item1 img {      max-height: none;      max-width: none;      padding: 0 !important;    }        @media only screen and (min-width: 480px) {      #bwg_container1_0 #bwg_container2_0 .bwg-container-0.bwg-standard-thumbnails .bwg-item0 {        transition: all 0.3s ease 0s;-webkit-transition: all 0.3s ease 0s;      }      #bwg_container1_0 #bwg_container2_0 .bwg-container-0.bwg-standard-thumbnails .bwg-item0:hover {        -ms-transform: scale(1.1);        -webkit-transform: scale(1.1);        transform: scale(1.1);      }    }          #bwg_container1_0 #bwg_container2_0 .bwg-container-0.bwg-standard-thumbnails .bwg-item1 {      padding-top: 56%;    }        #bwg_container1_0 #bwg_container2_0 .bwg-container-0.bwg-standard-thumbnails .bwg-title1 {      position: absolute;      top: 0;      z-index: 100;      width: 100%;      height: 100%;      display: flex;      justify-content: center;      align-content: center;      flex-direction: column;      opacity: 0;    }\t      #bwg_container1_0 #bwg_container2_0 .bwg-container-0.bwg-standard-thumbnails .bwg-title2,    #bwg_container1_0 #bwg_container2_0 .bwg-container-0.bwg-standard-thumbnails .bwg-ecommerce2 {      color: #FFFFFF;      font-family: segoe ui;      font-size: 16px;      font-weight: bold;      padding: 2px;      text-shadow: 0px 0px 0px #888888;      max-height: 100%;    }    #bwg_container1_0 #bwg_container2_0 .bwg-container-0.bwg-standard-thumbnails .bwg-thumb-description span {    color: #323A45;    font-family: Ubuntu;    font-size: 12px;    max-height: 100%;    word-wrap: break-word;    }    #bwg_container1_0 #bwg_container2_0 .bwg-container-0.bwg-standard-thumbnails .bwg-play-icon2 {      font-size: 32px;    }    #bwg_container1_0 #bwg_container2_0 .bwg-container-0.bwg-standard-thumbnails .bwg-ecommerce2 {      font-size: 19.2px;      color: #CCCCCC;    }    <\/style>    <div id=\"bwg_container1_0\"         class=\"bwg_container bwg_thumbnail bwg_thumbnails \"         data-right-click-protection=\"0\"         data-bwg=\"0\"         data-scroll=\"0\"         data-gallery-type=\"thumbnails\"         data-gallery-view-type=\"thumbnails\"         data-current-url=\"\/familiasalesiana\/wp-json\/wp\/v2\/posts\/3107\"         data-lightbox-url=\"https:\/\/villena.salesianos.edu\/familiasalesiana\/wp-admin\/admin-ajax.php?action=GalleryBox&#038;current_view=0&#038;gallery_id=7&#038;tag=0&#038;theme_id=1&#038;shortcode_id=29&#038;sort_by=order&#038;order_by=asc&#038;current_url=%2Ffamiliasalesiana%2Fwp-json%2Fwp%2Fv2%2Fposts%2F3107\"         data-gallery-id=\"7\"         data-popup-width=\"800\"         data-popup-height=\"500\"         data-is-album=\"gallery\"         data-buttons-position=\"bottom\">      <div id=\"bwg_container2_0\">             <div id=\"ajax_loading_0\" class=\"bwg_loading_div_1\">      <div class=\"bwg_loading_div_2\">        <div class=\"bwg_loading_div_3\">          <div id=\"loading_div_0\" class=\"bwg_spider_ajax_loading\">          <\/div>        <\/div>      <\/div>    <\/div>            <form id=\"gal_front_form_0\"              class=\"bwg-hidden\"              method=\"post\"              action=\"#\"              data-current=\"0\"              data-shortcode-id=\"29\"              data-gallery-type=\"thumbnails\"              data-gallery-id=\"7\"              data-tag=\"0\"              data-album-id=\"0\"              data-theme-id=\"1\"              data-ajax-url=\"https:\/\/villena.salesianos.edu\/familiasalesiana\/wp-admin\/admin-ajax.php?action=bwg_frontend_data\">          <div id=\"bwg_container3_0\" class=\"bwg-background bwg-background-0\">                <div data-max-count=\"5\"         data-thumbnail-width=\"250\"         data-bwg=\"0\"         data-gallery-id=\"7\"         data-lightbox-url=\"https:\/\/villena.salesianos.edu\/familiasalesiana\/wp-admin\/admin-ajax.php?action=GalleryBox&amp;current_view=0&amp;gallery_id=7&amp;tag=0&amp;theme_id=1&amp;shortcode_id=29&amp;sort_by=order&amp;order_by=asc&amp;current_url=%2Ffamiliasalesiana%2Fwp-json%2Fwp%2Fv2%2Fposts%2F3107\"         id=\"bwg_thumbnails_0\"         class=\"bwg-container-0 bwg-thumbnails bwg-standard-thumbnails bwg-container bwg-border-box\">            <div class=\"bwg-item\">        <a class=\"bwg-a  bwg_lightbox\"  data-image-id=\"209\" href=\"https:\/\/villena.salesianos.edu\/familiasalesiana\/wp-content\/uploads\/sites\/7\/photo-gallery\/Fiesta_de_la_Uni\u00f3n\/Euca_env\u00edo-5589.jpg?bwg=1540216823\" data-elementor-open-lightbox=\"no\">                <div class=\"bwg-item0 \">          <div class=\"bwg-item1 \">            <div class=\"bwg-item2\">              <img decoding=\"async\" class=\"skip-lazy bwg_standart_thumb_img_0 \"                   data-id=\"209\"                   data-width=\"\"                   data-height=\"\"                   data-src=\"https:\/\/villena.salesianos.edu\/familiasalesiana\/wp-content\/uploads\/sites\/7\/photo-gallery\/Fiesta_de_la_Uni\u00f3n\/thumb\/Euca_env\u00edo-5589.jpg?bwg=1540216823\"                   src=\"https:\/\/villena.salesianos.edu\/familiasalesiana\/wp-content\/uploads\/sites\/7\/photo-gallery\/Fiesta_de_la_Uni\u00f3n\/thumb\/Euca_env\u00edo-5589.jpg?bwg=1540216823\"                   alt=\"Euca env\u00edo-5589\"                   title=\"Euca env\u00edo-5589\" \/>            <\/div>            <div class=\"\">              <div class=\"bwg-title1\"><div class=\"bwg-title2\">Euca env\u00edo-5589<\/div><\/div>                                        <\/div>          <\/div>        <\/div>                        <\/a>              <\/div>            <div class=\"bwg-item\">        <a class=\"bwg-a  bwg_lightbox\"  data-image-id=\"208\" href=\"https:\/\/villena.salesianos.edu\/familiasalesiana\/wp-content\/uploads\/sites\/7\/photo-gallery\/Fiesta_de_la_Uni\u00f3n\/Euca_env\u00edo-5579.jpg?bwg=1540216823\" data-elementor-open-lightbox=\"no\">                <div class=\"bwg-item0 \">          <div class=\"bwg-item1 \">            <div class=\"bwg-item2\">              <img decoding=\"async\" class=\"skip-lazy bwg_standart_thumb_img_0 \"                   data-id=\"208\"                   data-width=\"\"                   data-height=\"\"                   data-src=\"https:\/\/villena.salesianos.edu\/familiasalesiana\/wp-content\/uploads\/sites\/7\/photo-gallery\/Fiesta_de_la_Uni\u00f3n\/thumb\/Euca_env\u00edo-5579.jpg?bwg=1540216823\"                   src=\"https:\/\/villena.salesianos.edu\/familiasalesiana\/wp-content\/uploads\/sites\/7\/photo-gallery\/Fiesta_de_la_Uni\u00f3n\/thumb\/Euca_env\u00edo-5579.jpg?bwg=1540216823\"                   alt=\"Euca env\u00edo-5579\"                   title=\"Euca env\u00edo-5579\" \/>            <\/div>            <div class=\"\">              <div class=\"bwg-title1\"><div class=\"bwg-title2\">Euca env\u00edo-5579<\/div><\/div>                                        <\/div>          <\/div>        <\/div>                        <\/a>              <\/div>            <div class=\"bwg-item\">        <a class=\"bwg-a  bwg_lightbox\"  data-image-id=\"207\" href=\"https:\/\/villena.salesianos.edu\/familiasalesiana\/wp-content\/uploads\/sites\/7\/photo-gallery\/Fiesta_de_la_Uni\u00f3n\/Euca_env\u00edo-5597.jpg?bwg=1540216823\" data-elementor-open-lightbox=\"no\">                <div class=\"bwg-item0 \">          <div class=\"bwg-item1 \">            <div class=\"bwg-item2\">              <img decoding=\"async\" class=\"skip-lazy bwg_standart_thumb_img_0 \"                   data-id=\"207\"                   data-width=\"\"                   data-height=\"\"                   data-src=\"https:\/\/villena.salesianos.edu\/familiasalesiana\/wp-content\/uploads\/sites\/7\/photo-gallery\/Fiesta_de_la_Uni\u00f3n\/thumb\/Euca_env\u00edo-5597.jpg?bwg=1540216823\"                   src=\"https:\/\/villena.salesianos.edu\/familiasalesiana\/wp-content\/uploads\/sites\/7\/photo-gallery\/Fiesta_de_la_Uni\u00f3n\/thumb\/Euca_env\u00edo-5597.jpg?bwg=1540216823\"                   alt=\"Euca env\u00edo-5597\"                   title=\"Euca env\u00edo-5597\" \/>            <\/div>            <div class=\"\">              <div class=\"bwg-title1\"><div class=\"bwg-title2\">Euca env\u00edo-5597<\/div><\/div>                                        <\/div>          <\/div>        <\/div>                        <\/a>              <\/div>            <div class=\"bwg-item\">        <a class=\"bwg-a  bwg_lightbox\"  data-image-id=\"206\" href=\"https:\/\/villena.salesianos.edu\/familiasalesiana\/wp-content\/uploads\/sites\/7\/photo-gallery\/Fiesta_de_la_Uni\u00f3n\/Euca_env\u00edo-5602.jpg?bwg=1540216823\" data-elementor-open-lightbox=\"no\">                <div class=\"bwg-item0 \">          <div class=\"bwg-item1 \">            <div class=\"bwg-item2\">              <img decoding=\"async\" class=\"skip-lazy bwg_standart_thumb_img_0 \"                   data-id=\"206\"                   data-width=\"\"                   data-height=\"\"                   data-src=\"https:\/\/villena.salesianos.edu\/familiasalesiana\/wp-content\/uploads\/sites\/7\/photo-gallery\/Fiesta_de_la_Uni\u00f3n\/thumb\/Euca_env\u00edo-5602.jpg?bwg=1540216823\"                   src=\"https:\/\/villena.salesianos.edu\/familiasalesiana\/wp-content\/uploads\/sites\/7\/photo-gallery\/Fiesta_de_la_Uni\u00f3n\/thumb\/Euca_env\u00edo-5602.jpg?bwg=1540216823\"                   alt=\"Euca env\u00edo-5602\"                   title=\"Euca env\u00edo-5602\" \/>            <\/div>            <div class=\"\">              <div class=\"bwg-title1\"><div class=\"bwg-title2\">Euca env\u00edo-5602<\/div><\/div>                                        <\/div>          <\/div>        <\/div>                        <\/a>              <\/div>            <div class=\"bwg-item\">        <a class=\"bwg-a  bwg_lightbox\"  data-image-id=\"205\" href=\"https:\/\/villena.salesianos.edu\/familiasalesiana\/wp-content\/uploads\/sites\/7\/photo-gallery\/Fiesta_de_la_Uni\u00f3n\/Euca_env\u00edo-5601.jpg?bwg=1540216823\" data-elementor-open-lightbox=\"no\">                <div class=\"bwg-item0 \">          <div class=\"bwg-item1 \">            <div class=\"bwg-item2\">              <img decoding=\"async\" class=\"skip-lazy bwg_standart_thumb_img_0 \"                   data-id=\"205\"                   data-width=\"\"                   data-height=\"\"                   data-src=\"https:\/\/villena.salesianos.edu\/familiasalesiana\/wp-content\/uploads\/sites\/7\/photo-gallery\/Fiesta_de_la_Uni\u00f3n\/thumb\/Euca_env\u00edo-5601.jpg?bwg=1540216823\"                   src=\"https:\/\/villena.salesianos.edu\/familiasalesiana\/wp-content\/uploads\/sites\/7\/photo-gallery\/Fiesta_de_la_Uni\u00f3n\/thumb\/Euca_env\u00edo-5601.jpg?bwg=1540216823\"                   alt=\"Euca env\u00edo-5601\"                   title=\"Euca env\u00edo-5601\" \/>            <\/div>            <div class=\"\">              <div class=\"bwg-title1\"><div class=\"bwg-title2\">Euca env\u00edo-5601<\/div><\/div>                                        <\/div>          <\/div>        <\/div>                        <\/a>              <\/div>            <div class=\"bwg-item\">        <a class=\"bwg-a  bwg_lightbox\"  data-image-id=\"204\" href=\"https:\/\/villena.salesianos.edu\/familiasalesiana\/wp-content\/uploads\/sites\/7\/photo-gallery\/Fiesta_de_la_Uni\u00f3n\/Euca_env\u00edo-5578.jpg?bwg=1540216823\" data-elementor-open-lightbox=\"no\">                <div class=\"bwg-item0 \">          <div class=\"bwg-item1 \">            <div class=\"bwg-item2\">              <img decoding=\"async\" class=\"skip-lazy bwg_standart_thumb_img_0 \"                   data-id=\"204\"                   data-width=\"\"                   data-height=\"\"                   data-src=\"https:\/\/villena.salesianos.edu\/familiasalesiana\/wp-content\/uploads\/sites\/7\/photo-gallery\/Fiesta_de_la_Uni\u00f3n\/thumb\/Euca_env\u00edo-5578.jpg?bwg=1540216823\"                   src=\"https:\/\/villena.salesianos.edu\/familiasalesiana\/wp-content\/uploads\/sites\/7\/photo-gallery\/Fiesta_de_la_Uni\u00f3n\/thumb\/Euca_env\u00edo-5578.jpg?bwg=1540216823\"                   alt=\"Euca env\u00edo-5578\"                   title=\"Euca env\u00edo-5578\" \/>            <\/div>            <div class=\"\">              <div class=\"bwg-title1\"><div class=\"bwg-title2\">Euca env\u00edo-5578<\/div><\/div>                                        <\/div>          <\/div>        <\/div>                        <\/a>              <\/div>            <div class=\"bwg-item\">        <a class=\"bwg-a  bwg_lightbox\"  data-image-id=\"203\" href=\"https:\/\/villena.salesianos.edu\/familiasalesiana\/wp-content\/uploads\/sites\/7\/photo-gallery\/Fiesta_de_la_Uni\u00f3n\/Euca_env\u00edo-5596.jpg?bwg=1540216823\" data-elementor-open-lightbox=\"no\">                <div class=\"bwg-item0 \">          <div class=\"bwg-item1 \">            <div class=\"bwg-item2\">              <img decoding=\"async\" class=\"skip-lazy bwg_standart_thumb_img_0 \"                   data-id=\"203\"                   data-width=\"\"                   data-height=\"\"                   data-src=\"https:\/\/villena.salesianos.edu\/familiasalesiana\/wp-content\/uploads\/sites\/7\/photo-gallery\/Fiesta_de_la_Uni\u00f3n\/thumb\/Euca_env\u00edo-5596.jpg?bwg=1540216823\"                   src=\"https:\/\/villena.salesianos.edu\/familiasalesiana\/wp-content\/uploads\/sites\/7\/photo-gallery\/Fiesta_de_la_Uni\u00f3n\/thumb\/Euca_env\u00edo-5596.jpg?bwg=1540216823\"                   alt=\"Euca env\u00edo-5596\"                   title=\"Euca env\u00edo-5596\" \/>            <\/div>            <div class=\"\">              <div class=\"bwg-title1\"><div class=\"bwg-title2\">Euca env\u00edo-5596<\/div><\/div>                                        <\/div>          <\/div>        <\/div>                        <\/a>              <\/div>            <div class=\"bwg-item\">        <a class=\"bwg-a  bwg_lightbox\"  data-image-id=\"202\" href=\"https:\/\/villena.salesianos.edu\/familiasalesiana\/wp-content\/uploads\/sites\/7\/photo-gallery\/Fiesta_de_la_Uni\u00f3n\/Euca_env\u00edo-5582.jpg?bwg=1540216823\" data-elementor-open-lightbox=\"no\">                <div class=\"bwg-item0 \">          <div class=\"bwg-item1 \">            <div class=\"bwg-item2\">              <img decoding=\"async\" class=\"skip-lazy bwg_standart_thumb_img_0 \"                   data-id=\"202\"                   data-width=\"\"                   data-height=\"\"                   data-src=\"https:\/\/villena.salesianos.edu\/familiasalesiana\/wp-content\/uploads\/sites\/7\/photo-gallery\/Fiesta_de_la_Uni\u00f3n\/thumb\/Euca_env\u00edo-5582.jpg?bwg=1540216823\"                   src=\"https:\/\/villena.salesianos.edu\/familiasalesiana\/wp-content\/uploads\/sites\/7\/photo-gallery\/Fiesta_de_la_Uni\u00f3n\/thumb\/Euca_env\u00edo-5582.jpg?bwg=1540216823\"                   alt=\"Euca env\u00edo-5582\"                   title=\"Euca env\u00edo-5582\" \/>            <\/div>            <div class=\"\">              <div class=\"bwg-title1\"><div class=\"bwg-title2\">Euca env\u00edo-5582<\/div><\/div>                                        <\/div>          <\/div>        <\/div>                        <\/a>              <\/div>            <div class=\"bwg-item\">        <a class=\"bwg-a  bwg_lightbox\"  data-image-id=\"201\" href=\"https:\/\/villena.salesianos.edu\/familiasalesiana\/wp-content\/uploads\/sites\/7\/photo-gallery\/Fiesta_de_la_Uni\u00f3n\/Euca_env\u00edo-5591.jpg?bwg=1540216823\" data-elementor-open-lightbox=\"no\">                <div class=\"bwg-item0 \">          <div class=\"bwg-item1 \">            <div class=\"bwg-item2\">              <img decoding=\"async\" class=\"skip-lazy bwg_standart_thumb_img_0 \"                   data-id=\"201\"                   data-width=\"\"                   data-height=\"\"                   data-src=\"https:\/\/villena.salesianos.edu\/familiasalesiana\/wp-content\/uploads\/sites\/7\/photo-gallery\/Fiesta_de_la_Uni\u00f3n\/thumb\/Euca_env\u00edo-5591.jpg?bwg=1540216823\"                   src=\"https:\/\/villena.salesianos.edu\/familiasalesiana\/wp-content\/uploads\/sites\/7\/photo-gallery\/Fiesta_de_la_Uni\u00f3n\/thumb\/Euca_env\u00edo-5591.jpg?bwg=1540216823\"                   alt=\"Euca env\u00edo-5591\"                   title=\"Euca env\u00edo-5591\" \/>            <\/div>            <div class=\"\">              <div class=\"bwg-title1\"><div class=\"bwg-title2\">Euca env\u00edo-5591<\/div><\/div>                                        <\/div>          <\/div>        <\/div>                        <\/a>              <\/div>            <div class=\"bwg-item\">        <a class=\"bwg-a  bwg_lightbox\"  data-image-id=\"200\" href=\"https:\/\/villena.salesianos.edu\/familiasalesiana\/wp-content\/uploads\/sites\/7\/photo-gallery\/Fiesta_de_la_Uni\u00f3n\/Euca_env\u00edo-5588.jpg?bwg=1540216823\" data-elementor-open-lightbox=\"no\">                <div class=\"bwg-item0 \">          <div class=\"bwg-item1 \">            <div class=\"bwg-item2\">              <img decoding=\"async\" class=\"skip-lazy bwg_standart_thumb_img_0 \"                   data-id=\"200\"                   data-width=\"\"                   data-height=\"\"                   data-src=\"https:\/\/villena.salesianos.edu\/familiasalesiana\/wp-content\/uploads\/sites\/7\/photo-gallery\/Fiesta_de_la_Uni\u00f3n\/thumb\/Euca_env\u00edo-5588.jpg?bwg=1540216823\"                   src=\"https:\/\/villena.salesianos.edu\/familiasalesiana\/wp-content\/uploads\/sites\/7\/photo-gallery\/Fiesta_de_la_Uni\u00f3n\/thumb\/Euca_env\u00edo-5588.jpg?bwg=1540216823\"                   alt=\"Euca env\u00edo-5588\"                   title=\"Euca env\u00edo-5588\" \/>            <\/div>            <div class=\"\">              <div class=\"bwg-title1\"><div class=\"bwg-title2\">Euca env\u00edo-5588<\/div><\/div>                                        <\/div>          <\/div>        <\/div>                        <\/a>              <\/div>            <div class=\"bwg-item\">        <a class=\"bwg-a  bwg_lightbox\"  data-image-id=\"199\" href=\"https:\/\/villena.salesianos.edu\/familiasalesiana\/wp-content\/uploads\/sites\/7\/photo-gallery\/Fiesta_de_la_Uni\u00f3n\/Euca_env\u00edo-5605.jpg?bwg=1540216823\" data-elementor-open-lightbox=\"no\">                <div class=\"bwg-item0 \">          <div class=\"bwg-item1 \">            <div class=\"bwg-item2\">              <img decoding=\"async\" class=\"skip-lazy bwg_standart_thumb_img_0 \"                   data-id=\"199\"                   data-width=\"\"                   data-height=\"\"                   data-src=\"https:\/\/villena.salesianos.edu\/familiasalesiana\/wp-content\/uploads\/sites\/7\/photo-gallery\/Fiesta_de_la_Uni\u00f3n\/thumb\/Euca_env\u00edo-5605.jpg?bwg=1540216823\"                   src=\"https:\/\/villena.salesianos.edu\/familiasalesiana\/wp-content\/uploads\/sites\/7\/photo-gallery\/Fiesta_de_la_Uni\u00f3n\/thumb\/Euca_env\u00edo-5605.jpg?bwg=1540216823\"                   alt=\"Euca env\u00edo-5605\"                   title=\"Euca env\u00edo-5605\" \/>            <\/div>            <div class=\"\">              <div class=\"bwg-title1\"><div class=\"bwg-title2\">Euca env\u00edo-5605<\/div><\/div>                                        <\/div>          <\/div>        <\/div>                        <\/a>              <\/div>            <div class=\"bwg-item\">        <a class=\"bwg-a  bwg_lightbox\"  data-image-id=\"198\" href=\"https:\/\/villena.salesianos.edu\/familiasalesiana\/wp-content\/uploads\/sites\/7\/photo-gallery\/Fiesta_de_la_Uni\u00f3n\/Euca_env\u00edo-5590.jpg?bwg=1540216823\" data-elementor-open-lightbox=\"no\">                <div class=\"bwg-item0 \">          <div class=\"bwg-item1 \">            <div class=\"bwg-item2\">              <img decoding=\"async\" class=\"skip-lazy bwg_standart_thumb_img_0 \"                   data-id=\"198\"                   data-width=\"\"                   data-height=\"\"                   data-src=\"https:\/\/villena.salesianos.edu\/familiasalesiana\/wp-content\/uploads\/sites\/7\/photo-gallery\/Fiesta_de_la_Uni\u00f3n\/thumb\/Euca_env\u00edo-5590.jpg?bwg=1540216823\"                   src=\"https:\/\/villena.salesianos.edu\/familiasalesiana\/wp-content\/uploads\/sites\/7\/photo-gallery\/Fiesta_de_la_Uni\u00f3n\/thumb\/Euca_env\u00edo-5590.jpg?bwg=1540216823\"                   alt=\"Euca env\u00edo-5590\"                   title=\"Euca env\u00edo-5590\" \/>            <\/div>            <div class=\"\">              <div class=\"bwg-title1\"><div class=\"bwg-title2\">Euca env\u00edo-5590<\/div><\/div>                                        <\/div>          <\/div>        <\/div>                        <\/a>              <\/div>            <div class=\"bwg-item\">        <a class=\"bwg-a  bwg_lightbox\"  data-image-id=\"197\" href=\"https:\/\/villena.salesianos.edu\/familiasalesiana\/wp-content\/uploads\/sites\/7\/photo-gallery\/Fiesta_de_la_Uni\u00f3n\/Euca_env\u00edo-5604.jpg?bwg=1540216823\" data-elementor-open-lightbox=\"no\">                <div class=\"bwg-item0 \">          <div class=\"bwg-item1 \">            <div class=\"bwg-item2\">              <img decoding=\"async\" class=\"skip-lazy bwg_standart_thumb_img_0 \"                   data-id=\"197\"                   data-width=\"\"                   data-height=\"\"                   data-src=\"https:\/\/villena.salesianos.edu\/familiasalesiana\/wp-content\/uploads\/sites\/7\/photo-gallery\/Fiesta_de_la_Uni\u00f3n\/thumb\/Euca_env\u00edo-5604.jpg?bwg=1540216823\"                   src=\"https:\/\/villena.salesianos.edu\/familiasalesiana\/wp-content\/uploads\/sites\/7\/photo-gallery\/Fiesta_de_la_Uni\u00f3n\/thumb\/Euca_env\u00edo-5604.jpg?bwg=1540216823\"                   alt=\"Euca env\u00edo-5604\"                   title=\"Euca env\u00edo-5604\" \/>            <\/div>            <div class=\"\">              <div class=\"bwg-title1\"><div class=\"bwg-title2\">Euca env\u00edo-5604<\/div><\/div>                                        <\/div>          <\/div>        <\/div>                        <\/a>              <\/div>            <div class=\"bwg-item\">        <a class=\"bwg-a  bwg_lightbox\"  data-image-id=\"196\" href=\"https:\/\/villena.salesianos.edu\/familiasalesiana\/wp-content\/uploads\/sites\/7\/photo-gallery\/Fiesta_de_la_Uni\u00f3n\/Euca_env\u00edo-5573.jpg?bwg=1540216823\" data-elementor-open-lightbox=\"no\">                <div class=\"bwg-item0 \">          <div class=\"bwg-item1 \">            <div class=\"bwg-item2\">              <img decoding=\"async\" class=\"skip-lazy bwg_standart_thumb_img_0 \"                   data-id=\"196\"                   data-width=\"\"                   data-height=\"\"                   data-src=\"https:\/\/villena.salesianos.edu\/familiasalesiana\/wp-content\/uploads\/sites\/7\/photo-gallery\/Fiesta_de_la_Uni\u00f3n\/thumb\/Euca_env\u00edo-5573.jpg?bwg=1540216823\"                   src=\"https:\/\/villena.salesianos.edu\/familiasalesiana\/wp-content\/uploads\/sites\/7\/photo-gallery\/Fiesta_de_la_Uni\u00f3n\/thumb\/Euca_env\u00edo-5573.jpg?bwg=1540216823\"                   alt=\"Euca env\u00edo-5573\"                   title=\"Euca env\u00edo-5573\" \/>            <\/div>            <div class=\"\">              <div class=\"bwg-title1\"><div class=\"bwg-title2\">Euca env\u00edo-5573<\/div><\/div>                                        <\/div>          <\/div>        <\/div>                        <\/a>              <\/div>            <div class=\"bwg-item\">        <a class=\"bwg-a  bwg_lightbox\"  data-image-id=\"195\" href=\"https:\/\/villena.salesianos.edu\/familiasalesiana\/wp-content\/uploads\/sites\/7\/photo-gallery\/Fiesta_de_la_Uni\u00f3n\/Euca_env\u00edo-5607.jpg?bwg=1540216819\" data-elementor-open-lightbox=\"no\">                <div class=\"bwg-item0 \">          <div class=\"bwg-item1 \">            <div class=\"bwg-item2\">              <img decoding=\"async\" class=\"skip-lazy bwg_standart_thumb_img_0 \"                   data-id=\"195\"                   data-width=\"\"                   data-height=\"\"                   data-src=\"https:\/\/villena.salesianos.edu\/familiasalesiana\/wp-content\/uploads\/sites\/7\/photo-gallery\/Fiesta_de_la_Uni\u00f3n\/thumb\/Euca_env\u00edo-5607.jpg?bwg=1540216819\"                   src=\"https:\/\/villena.salesianos.edu\/familiasalesiana\/wp-content\/uploads\/sites\/7\/photo-gallery\/Fiesta_de_la_Uni\u00f3n\/thumb\/Euca_env\u00edo-5607.jpg?bwg=1540216819\"                   alt=\"Euca env\u00edo-5607\"                   title=\"Euca env\u00edo-5607\" \/>            <\/div>            <div class=\"\">              <div class=\"bwg-title1\"><div class=\"bwg-title2\">Euca env\u00edo-5607<\/div><\/div>                                        <\/div>          <\/div>        <\/div>                        <\/a>              <\/div>            <div class=\"bwg-item\">        <a class=\"bwg-a  bwg_lightbox\"  data-image-id=\"194\" href=\"https:\/\/villena.salesianos.edu\/familiasalesiana\/wp-content\/uploads\/sites\/7\/photo-gallery\/Fiesta_de_la_Uni\u00f3n\/Euca_env\u00edo-5577.jpg?bwg=1540216819\" data-elementor-open-lightbox=\"no\">                <div class=\"bwg-item0 \">          <div class=\"bwg-item1 \">            <div class=\"bwg-item2\">              <img decoding=\"async\" class=\"skip-lazy bwg_standart_thumb_img_0 \"                   data-id=\"194\"                   data-width=\"\"                   data-height=\"\"                   data-src=\"https:\/\/villena.salesianos.edu\/familiasalesiana\/wp-content\/uploads\/sites\/7\/photo-gallery\/Fiesta_de_la_Uni\u00f3n\/thumb\/Euca_env\u00edo-5577.jpg?bwg=1540216819\"                   src=\"https:\/\/villena.salesianos.edu\/familiasalesiana\/wp-content\/uploads\/sites\/7\/photo-gallery\/Fiesta_de_la_Uni\u00f3n\/thumb\/Euca_env\u00edo-5577.jpg?bwg=1540216819\"                   alt=\"Euca env\u00edo-5577\"                   title=\"Euca env\u00edo-5577\" \/>            <\/div>            <div class=\"\">              <div class=\"bwg-title1\"><div class=\"bwg-title2\">Euca env\u00edo-5577<\/div><\/div>                                        <\/div>          <\/div>        <\/div>                        <\/a>              <\/div>            <div class=\"bwg-item\">        <a class=\"bwg-a  bwg_lightbox\"  data-image-id=\"193\" href=\"https:\/\/villena.salesianos.edu\/familiasalesiana\/wp-content\/uploads\/sites\/7\/photo-gallery\/Fiesta_de_la_Uni\u00f3n\/Euca_env\u00edo-5606.jpg?bwg=1540216819\" data-elementor-open-lightbox=\"no\">                <div class=\"bwg-item0 \">          <div class=\"bwg-item1 \">            <div class=\"bwg-item2\">              <img decoding=\"async\" class=\"skip-lazy bwg_standart_thumb_img_0 \"                   data-id=\"193\"                   data-width=\"\"                   data-height=\"\"                   data-src=\"https:\/\/villena.salesianos.edu\/familiasalesiana\/wp-content\/uploads\/sites\/7\/photo-gallery\/Fiesta_de_la_Uni\u00f3n\/thumb\/Euca_env\u00edo-5606.jpg?bwg=1540216819\"                   src=\"https:\/\/villena.salesianos.edu\/familiasalesiana\/wp-content\/uploads\/sites\/7\/photo-gallery\/Fiesta_de_la_Uni\u00f3n\/thumb\/Euca_env\u00edo-5606.jpg?bwg=1540216819\"                   alt=\"Euca env\u00edo-5606\"                   title=\"Euca env\u00edo-5606\" \/>            <\/div>            <div class=\"\">              <div class=\"bwg-title1\"><div class=\"bwg-title2\">Euca env\u00edo-5606<\/div><\/div>                                        <\/div>          <\/div>        <\/div>                        <\/a>              <\/div>            <div class=\"bwg-item\">        <a class=\"bwg-a  bwg_lightbox\"  data-image-id=\"192\" href=\"https:\/\/villena.salesianos.edu\/familiasalesiana\/wp-content\/uploads\/sites\/7\/photo-gallery\/Fiesta_de_la_Uni\u00f3n\/Euca_env\u00edo-5568.jpg?bwg=1540216819\" data-elementor-open-lightbox=\"no\">                <div class=\"bwg-item0 \">          <div class=\"bwg-item1 \">            <div class=\"bwg-item2\">              <img decoding=\"async\" class=\"skip-lazy bwg_standart_thumb_img_0 \"                   data-id=\"192\"                   data-width=\"\"                   data-height=\"\"                   data-src=\"https:\/\/villena.salesianos.edu\/familiasalesiana\/wp-content\/uploads\/sites\/7\/photo-gallery\/Fiesta_de_la_Uni\u00f3n\/thumb\/Euca_env\u00edo-5568.jpg?bwg=1540216819\"                   src=\"https:\/\/villena.salesianos.edu\/familiasalesiana\/wp-content\/uploads\/sites\/7\/photo-gallery\/Fiesta_de_la_Uni\u00f3n\/thumb\/Euca_env\u00edo-5568.jpg?bwg=1540216819\"                   alt=\"Euca env\u00edo-5568\"                   title=\"Euca env\u00edo-5568\" \/>            <\/div>            <div class=\"\">              <div class=\"bwg-title1\"><div class=\"bwg-title2\">Euca env\u00edo-5568<\/div><\/div>                                        <\/div>          <\/div>        <\/div>                        <\/a>              <\/div>            <div class=\"bwg-item\">        <a class=\"bwg-a  bwg_lightbox\"  data-image-id=\"191\" href=\"https:\/\/villena.salesianos.edu\/familiasalesiana\/wp-content\/uploads\/sites\/7\/photo-gallery\/Fiesta_de_la_Uni\u00f3n\/Euca_env\u00edo-5565.jpg?bwg=1540216819\" data-elementor-open-lightbox=\"no\">                <div class=\"bwg-item0 \">          <div class=\"bwg-item1 \">            <div class=\"bwg-item2\">              <img decoding=\"async\" class=\"skip-lazy bwg_standart_thumb_img_0 \"                   data-id=\"191\"                   data-width=\"\"                   data-height=\"\"                   data-src=\"https:\/\/villena.salesianos.edu\/familiasalesiana\/wp-content\/uploads\/sites\/7\/photo-gallery\/Fiesta_de_la_Uni\u00f3n\/thumb\/Euca_env\u00edo-5565.jpg?bwg=1540216819\"                   src=\"https:\/\/villena.salesianos.edu\/familiasalesiana\/wp-content\/uploads\/sites\/7\/photo-gallery\/Fiesta_de_la_Uni\u00f3n\/thumb\/Euca_env\u00edo-5565.jpg?bwg=1540216819\"                   alt=\"Euca env\u00edo-5565\"                   title=\"Euca env\u00edo-5565\" \/>            <\/div>            <div class=\"\">              <div class=\"bwg-title1\"><div class=\"bwg-title2\">Euca env\u00edo-5565<\/div><\/div>                                        <\/div>          <\/div>        <\/div>                        <\/a>              <\/div>            <div class=\"bwg-item\">        <a class=\"bwg-a  bwg_lightbox\"  data-image-id=\"190\" href=\"https:\/\/villena.salesianos.edu\/familiasalesiana\/wp-content\/uploads\/sites\/7\/photo-gallery\/Fiesta_de_la_Uni\u00f3n\/Euca_env\u00edo-5615.jpg?bwg=1540216819\" data-elementor-open-lightbox=\"no\">                <div class=\"bwg-item0 \">          <div class=\"bwg-item1 \">            <div class=\"bwg-item2\">              <img decoding=\"async\" class=\"skip-lazy bwg_standart_thumb_img_0 \"                   data-id=\"190\"                   data-width=\"\"                   data-height=\"\"                   data-src=\"https:\/\/villena.salesianos.edu\/familiasalesiana\/wp-content\/uploads\/sites\/7\/photo-gallery\/Fiesta_de_la_Uni\u00f3n\/thumb\/Euca_env\u00edo-5615.jpg?bwg=1540216819\"                   src=\"https:\/\/villena.salesianos.edu\/familiasalesiana\/wp-content\/uploads\/sites\/7\/photo-gallery\/Fiesta_de_la_Uni\u00f3n\/thumb\/Euca_env\u00edo-5615.jpg?bwg=1540216819\"                   alt=\"Euca env\u00edo-5615\"                   title=\"Euca env\u00edo-5615\" \/>            <\/div>            <div class=\"\">              <div class=\"bwg-title1\"><div class=\"bwg-title2\">Euca env\u00edo-5615<\/div><\/div>                                        <\/div>          <\/div>        <\/div>                        <\/a>              <\/div>            <div class=\"bwg-item\">        <a class=\"bwg-a  bwg_lightbox\"  data-image-id=\"189\" href=\"https:\/\/villena.salesianos.edu\/familiasalesiana\/wp-content\/uploads\/sites\/7\/photo-gallery\/Fiesta_de_la_Uni\u00f3n\/Euca_env\u00edo-5607-2.jpg?bwg=1540216819\" data-elementor-open-lightbox=\"no\">                <div class=\"bwg-item0 \">          <div class=\"bwg-item1 \">            <div class=\"bwg-item2\">              <img decoding=\"async\" class=\"skip-lazy bwg_standart_thumb_img_0 \"                   data-id=\"189\"                   data-width=\"\"                   data-height=\"\"                   data-src=\"https:\/\/villena.salesianos.edu\/familiasalesiana\/wp-content\/uploads\/sites\/7\/photo-gallery\/Fiesta_de_la_Uni\u00f3n\/thumb\/Euca_env\u00edo-5607-2.jpg?bwg=1540216819\"                   src=\"https:\/\/villena.salesianos.edu\/familiasalesiana\/wp-content\/uploads\/sites\/7\/photo-gallery\/Fiesta_de_la_Uni\u00f3n\/thumb\/Euca_env\u00edo-5607-2.jpg?bwg=1540216819\"                   alt=\"Euca env\u00edo-5607-2\"                   title=\"Euca env\u00edo-5607-2\" \/>            <\/div>            <div class=\"\">              <div class=\"bwg-title1\"><div class=\"bwg-title2\">Euca env\u00edo-5607-2<\/div><\/div>                                        <\/div>          <\/div>        <\/div>                        <\/a>              <\/div>            <div class=\"bwg-item\">        <a class=\"bwg-a  bwg_lightbox\"  data-image-id=\"188\" href=\"https:\/\/villena.salesianos.edu\/familiasalesiana\/wp-content\/uploads\/sites\/7\/photo-gallery\/Fiesta_de_la_Uni\u00f3n\/Euca_env\u00edo-5570.jpg?bwg=1540216819\" data-elementor-open-lightbox=\"no\">                <div class=\"bwg-item0 \">          <div class=\"bwg-item1 \">            <div class=\"bwg-item2\">              <img decoding=\"async\" class=\"skip-lazy bwg_standart_thumb_img_0 \"                   data-id=\"188\"                   data-width=\"\"                   data-height=\"\"                   data-src=\"https:\/\/villena.salesianos.edu\/familiasalesiana\/wp-content\/uploads\/sites\/7\/photo-gallery\/Fiesta_de_la_Uni\u00f3n\/thumb\/Euca_env\u00edo-5570.jpg?bwg=1540216819\"                   src=\"https:\/\/villena.salesianos.edu\/familiasalesiana\/wp-content\/uploads\/sites\/7\/photo-gallery\/Fiesta_de_la_Uni\u00f3n\/thumb\/Euca_env\u00edo-5570.jpg?bwg=1540216819\"                   alt=\"Euca env\u00edo-5570\"                   title=\"Euca env\u00edo-5570\" \/>            <\/div>            <div class=\"\">              <div class=\"bwg-title1\"><div class=\"bwg-title2\">Euca env\u00edo-5570<\/div><\/div>                                        <\/div>          <\/div>        <\/div>                        <\/a>              <\/div>            <div class=\"bwg-item\">        <a class=\"bwg-a  bwg_lightbox\"  data-image-id=\"187\" href=\"https:\/\/villena.salesianos.edu\/familiasalesiana\/wp-content\/uploads\/sites\/7\/photo-gallery\/Fiesta_de_la_Uni\u00f3n\/Euca_env\u00edo-5611.jpg?bwg=1540216819\" data-elementor-open-lightbox=\"no\">                <div class=\"bwg-item0 \">          <div class=\"bwg-item1 \">            <div class=\"bwg-item2\">              <img decoding=\"async\" class=\"skip-lazy bwg_standart_thumb_img_0 \"                   data-id=\"187\"                   data-width=\"\"                   data-height=\"\"                   data-src=\"https:\/\/villena.salesianos.edu\/familiasalesiana\/wp-content\/uploads\/sites\/7\/photo-gallery\/Fiesta_de_la_Uni\u00f3n\/thumb\/Euca_env\u00edo-5611.jpg?bwg=1540216819\"                   src=\"https:\/\/villena.salesianos.edu\/familiasalesiana\/wp-content\/uploads\/sites\/7\/photo-gallery\/Fiesta_de_la_Uni\u00f3n\/thumb\/Euca_env\u00edo-5611.jpg?bwg=1540216819\"                   alt=\"Euca env\u00edo-5611\"                   title=\"Euca env\u00edo-5611\" \/>            <\/div>            <div class=\"\">              <div class=\"bwg-title1\"><div class=\"bwg-title2\">Euca env\u00edo-5611<\/div><\/div>                                        <\/div>          <\/div>        <\/div>                        <\/a>              <\/div>            <div class=\"bwg-item\">        <a class=\"bwg-a  bwg_lightbox\"  data-image-id=\"186\" href=\"https:\/\/villena.salesianos.edu\/familiasalesiana\/wp-content\/uploads\/sites\/7\/photo-gallery\/Fiesta_de_la_Uni\u00f3n\/Euca_env\u00edo-5613.jpg?bwg=1540216819\" data-elementor-open-lightbox=\"no\">                <div class=\"bwg-item0 \">          <div class=\"bwg-item1 \">            <div class=\"bwg-item2\">              <img decoding=\"async\" class=\"skip-lazy bwg_standart_thumb_img_0 \"                   data-id=\"186\"                   data-width=\"\"                   data-height=\"\"                   data-src=\"https:\/\/villena.salesianos.edu\/familiasalesiana\/wp-content\/uploads\/sites\/7\/photo-gallery\/Fiesta_de_la_Uni\u00f3n\/thumb\/Euca_env\u00edo-5613.jpg?bwg=1540216819\"                   src=\"https:\/\/villena.salesianos.edu\/familiasalesiana\/wp-content\/uploads\/sites\/7\/photo-gallery\/Fiesta_de_la_Uni\u00f3n\/thumb\/Euca_env\u00edo-5613.jpg?bwg=1540216819\"                   alt=\"Euca env\u00edo-5613\"                   title=\"Euca env\u00edo-5613\" \/>            <\/div>            <div class=\"\">              <div class=\"bwg-title1\"><div class=\"bwg-title2\">Euca env\u00edo-5613<\/div><\/div>                                        <\/div>          <\/div>        <\/div>                        <\/a>              <\/div>            <div class=\"bwg-item\">        <a class=\"bwg-a  bwg_lightbox\"  data-image-id=\"185\" href=\"https:\/\/villena.salesianos.edu\/familiasalesiana\/wp-content\/uploads\/sites\/7\/photo-gallery\/Fiesta_de_la_Uni\u00f3n\/Euca_env\u00edo-5576.jpg?bwg=1540216819\" data-elementor-open-lightbox=\"no\">                <div class=\"bwg-item0 \">          <div class=\"bwg-item1 \">            <div class=\"bwg-item2\">              <img decoding=\"async\" class=\"skip-lazy bwg_standart_thumb_img_0 \"                   data-id=\"185\"                   data-width=\"\"                   data-height=\"\"                   data-src=\"https:\/\/villena.salesianos.edu\/familiasalesiana\/wp-content\/uploads\/sites\/7\/photo-gallery\/Fiesta_de_la_Uni\u00f3n\/thumb\/Euca_env\u00edo-5576.jpg?bwg=1540216819\"                   src=\"https:\/\/villena.salesianos.edu\/familiasalesiana\/wp-content\/uploads\/sites\/7\/photo-gallery\/Fiesta_de_la_Uni\u00f3n\/thumb\/Euca_env\u00edo-5576.jpg?bwg=1540216819\"                   alt=\"Euca env\u00edo-5576\"                   title=\"Euca env\u00edo-5576\" \/>            <\/div>            <div class=\"\">              <div class=\"bwg-title1\"><div class=\"bwg-title2\">Euca env\u00edo-5576<\/div><\/div>                                        <\/div>          <\/div>        <\/div>                        <\/a>              <\/div>            <div class=\"bwg-item\">        <a class=\"bwg-a  bwg_lightbox\"  data-image-id=\"184\" href=\"https:\/\/villena.salesianos.edu\/familiasalesiana\/wp-content\/uploads\/sites\/7\/photo-gallery\/Fiesta_de_la_Uni\u00f3n\/Euca_env\u00edo-5566.jpg?bwg=1540216819\" data-elementor-open-lightbox=\"no\">                <div class=\"bwg-item0 \">          <div class=\"bwg-item1 \">            <div class=\"bwg-item2\">              <img decoding=\"async\" class=\"skip-lazy bwg_standart_thumb_img_0 \"                   data-id=\"184\"                   data-width=\"\"                   data-height=\"\"                   data-src=\"https:\/\/villena.salesianos.edu\/familiasalesiana\/wp-content\/uploads\/sites\/7\/photo-gallery\/Fiesta_de_la_Uni\u00f3n\/thumb\/Euca_env\u00edo-5566.jpg?bwg=1540216819\"                   src=\"https:\/\/villena.salesianos.edu\/familiasalesiana\/wp-content\/uploads\/sites\/7\/photo-gallery\/Fiesta_de_la_Uni\u00f3n\/thumb\/Euca_env\u00edo-5566.jpg?bwg=1540216819\"                   alt=\"Euca env\u00edo-5566\"                   title=\"Euca env\u00edo-5566\" \/>            <\/div>            <div class=\"\">              <div class=\"bwg-title1\"><div class=\"bwg-title2\">Euca env\u00edo-5566<\/div><\/div>                                        <\/div>          <\/div>        <\/div>                        <\/a>              <\/div>            <div class=\"bwg-item\">        <a class=\"bwg-a  bwg_lightbox\"  data-image-id=\"183\" href=\"https:\/\/villena.salesianos.edu\/familiasalesiana\/wp-content\/uploads\/sites\/7\/photo-gallery\/Fiesta_de_la_Uni\u00f3n\/Euca_env\u00edo-5609.jpg?bwg=1540216819\" data-elementor-open-lightbox=\"no\">                <div class=\"bwg-item0 \">          <div class=\"bwg-item1 \">            <div class=\"bwg-item2\">              <img decoding=\"async\" class=\"skip-lazy bwg_standart_thumb_img_0 \"                   data-id=\"183\"                   data-width=\"\"                   data-height=\"\"                   data-src=\"https:\/\/villena.salesianos.edu\/familiasalesiana\/wp-content\/uploads\/sites\/7\/photo-gallery\/Fiesta_de_la_Uni\u00f3n\/thumb\/Euca_env\u00edo-5609.jpg?bwg=1540216819\"                   src=\"https:\/\/villena.salesianos.edu\/familiasalesiana\/wp-content\/uploads\/sites\/7\/photo-gallery\/Fiesta_de_la_Uni\u00f3n\/thumb\/Euca_env\u00edo-5609.jpg?bwg=1540216819\"                   alt=\"Euca env\u00edo-5609\"                   title=\"Euca env\u00edo-5609\" \/>            <\/div>            <div class=\"\">              <div class=\"bwg-title1\"><div class=\"bwg-title2\">Euca env\u00edo-5609<\/div><\/div>                                        <\/div>          <\/div>        <\/div>                        <\/a>              <\/div>            <div class=\"bwg-item\">        <a class=\"bwg-a  bwg_lightbox\"  data-image-id=\"182\" href=\"https:\/\/villena.salesianos.edu\/familiasalesiana\/wp-content\/uploads\/sites\/7\/photo-gallery\/Fiesta_de_la_Uni\u00f3n\/Euca_env\u00edo-5612.jpg?bwg=1540216819\" data-elementor-open-lightbox=\"no\">                <div class=\"bwg-item0 \">          <div class=\"bwg-item1 \">            <div class=\"bwg-item2\">              <img decoding=\"async\" class=\"skip-lazy bwg_standart_thumb_img_0 \"                   data-id=\"182\"                   data-width=\"\"                   data-height=\"\"                   data-src=\"https:\/\/villena.salesianos.edu\/familiasalesiana\/wp-content\/uploads\/sites\/7\/photo-gallery\/Fiesta_de_la_Uni\u00f3n\/thumb\/Euca_env\u00edo-5612.jpg?bwg=1540216819\"                   src=\"https:\/\/villena.salesianos.edu\/familiasalesiana\/wp-content\/uploads\/sites\/7\/photo-gallery\/Fiesta_de_la_Uni\u00f3n\/thumb\/Euca_env\u00edo-5612.jpg?bwg=1540216819\"                   alt=\"Euca env\u00edo-5612\"                   title=\"Euca env\u00edo-5612\" \/>            <\/div>            <div class=\"\">              <div class=\"bwg-title1\"><div class=\"bwg-title2\">Euca env\u00edo-5612<\/div><\/div>                                        <\/div>          <\/div>        <\/div>                        <\/a>              <\/div>            <div class=\"bwg-item\">        <a class=\"bwg-a  bwg_lightbox\"  data-image-id=\"181\" href=\"https:\/\/villena.salesianos.edu\/familiasalesiana\/wp-content\/uploads\/sites\/7\/photo-gallery\/Fiesta_de_la_Uni\u00f3n\/Euca_env\u00edo-5571.jpg?bwg=1540216819\" data-elementor-open-lightbox=\"no\">                <div class=\"bwg-item0 \">          <div class=\"bwg-item1 \">            <div class=\"bwg-item2\">              <img decoding=\"async\" class=\"skip-lazy bwg_standart_thumb_img_0 \"                   data-id=\"181\"                   data-width=\"\"                   data-height=\"\"                   data-src=\"https:\/\/villena.salesianos.edu\/familiasalesiana\/wp-content\/uploads\/sites\/7\/photo-gallery\/Fiesta_de_la_Uni\u00f3n\/thumb\/Euca_env\u00edo-5571.jpg?bwg=1540216819\"                   src=\"https:\/\/villena.salesianos.edu\/familiasalesiana\/wp-content\/uploads\/sites\/7\/photo-gallery\/Fiesta_de_la_Uni\u00f3n\/thumb\/Euca_env\u00edo-5571.jpg?bwg=1540216819\"                   alt=\"Euca env\u00edo-5571\"                   title=\"Euca env\u00edo-5571\" \/>            <\/div>            <div class=\"\">              <div class=\"bwg-title1\"><div class=\"bwg-title2\">Euca env\u00edo-5571<\/div><\/div>                                        <\/div>          <\/div>        <\/div>                        <\/a>              <\/div>            <div class=\"bwg-item\">        <a class=\"bwg-a  bwg_lightbox\"  data-image-id=\"180\" href=\"https:\/\/villena.salesianos.edu\/familiasalesiana\/wp-content\/uploads\/sites\/7\/photo-gallery\/Fiesta_de_la_Uni\u00f3n\/Euca_env\u00edo-5572.jpg?bwg=1540216819\" data-elementor-open-lightbox=\"no\">                <div class=\"bwg-item0 \">          <div class=\"bwg-item1 \">            <div class=\"bwg-item2\">              <img decoding=\"async\" class=\"skip-lazy bwg_standart_thumb_img_0 \"                   data-id=\"180\"                   data-width=\"\"                   data-height=\"\"                   data-src=\"https:\/\/villena.salesianos.edu\/familiasalesiana\/wp-content\/uploads\/sites\/7\/photo-gallery\/Fiesta_de_la_Uni\u00f3n\/thumb\/Euca_env\u00edo-5572.jpg?bwg=1540216819\"                   src=\"https:\/\/villena.salesianos.edu\/familiasalesiana\/wp-content\/uploads\/sites\/7\/photo-gallery\/Fiesta_de_la_Uni\u00f3n\/thumb\/Euca_env\u00edo-5572.jpg?bwg=1540216819\"                   alt=\"Euca env\u00edo-5572\"                   title=\"Euca env\u00edo-5572\" \/>            <\/div>            <div class=\"\">              <div class=\"bwg-title1\"><div class=\"bwg-title2\">Euca env\u00edo-5572<\/div><\/div>                                        <\/div>          <\/div>        <\/div>                        <\/a>              <\/div>          <\/div>    <style>      \/*pagination styles*\/      #bwg_container1_0 #bwg_container2_0 .tablenav-pages_0 {\t\t\t\ttext-align: center;\t\t\t\tfont-size: 12px;\t\t\t\tfont-family: segoe ui;\t\t\t\tfont-weight: bold;\t\t\t\tcolor: #666666;\t\t\t\tmargin: 6px 0 4px;\t\t\t\tdisplay: block;      }      @media only screen and (max-width : 320px) {      #bwg_container1_0 #bwg_container2_0 .displaying-num_0 {     \t display: none;      }      }      #bwg_container1_0 #bwg_container2_0 .displaying-num_0 {\t\t\t\tfont-size: 12px;\t\t\t\tfont-family: segoe ui;\t\t\t\tfont-weight: bold;\t\t\t\tcolor: #666666;\t\t\t\tmargin-right: 10px;\t\t\t\tvertical-align: middle;      }      #bwg_container1_0 #bwg_container2_0 .paging-input_0 {\t\t\t\tfont-size: 12px;\t\t\t\tfont-family: segoe ui;\t\t\t\tfont-weight: bold;\t\t\t\tcolor: #666666;\t\t\t\tvertical-align: middle;      }      #bwg_container1_0 #bwg_container2_0 .tablenav-pages_0 a.disabled,      #bwg_container1_0 #bwg_container2_0 .tablenav-pages_0 a.disabled:hover,      #bwg_container1_0 #bwg_container2_0 .tablenav-pages_0 a.disabled:focus,\t\t\t#bwg_container1_0 #bwg_container2_0 .tablenav-pages_0 input.bwg_current_page {\t\t\t\tcursor: default;\t\t\t\tcolor: rgba(102, 102, 102, 0.5);      }      #bwg_container1_0 #bwg_container2_0 .tablenav-pages_0 a,      #bwg_container1_0 #bwg_container2_0 .tablenav-pages_0 input.bwg_current_page {\t\t\t\tcursor: pointer;\t\t\t\ttext-align: center;\t\t\t\tfont-size: 12px;\t\t\t\tfont-family: segoe ui;\t\t\t\tfont-weight: bold;\t\t\t\tcolor: #666666;\t\t\t\ttext-decoration: none;\t\t\t\tpadding: 3px 6px;\t\t\t\tmargin: 0;\t\t\t\tborder-radius: 0;\t\t\t\tborder-style: solid;\t\t\t\tborder-width: 1px;\t\t\t\tborder-color: #E3E3E3;\t\t\t\t\t\t\t\tbackground-color: rgba(255, 255, 255, 1.00);\t\t\t\tbox-shadow: 0;\t\t\t\ttransition: all 0.3s ease 0s;-webkit-transition: all 0.3s ease 0s;      }      <\/style>      <span class=\"bwg_nav_cont_0\">              <div class=\"tablenav-pages_0\">                      <span class=\"pagination-links_0 pagination-links\" data-pages-count=\"3\">              <span class=\"pagination-links_col1\">              <a class=\"bwg-a first-page disabled\" title=\"Ir a la primera p\u00e1gina\" >\u00ab<\/a>              <a class=\"bwg-a prev-page disabled\" title=\"Ir a la p\u00e1gina anterior\" >\u2039<\/a>              <\/span>\t\t\t\t\t\t\t<span class=\"pagination-links_col2\">\t\t\t\t\t\t\t\t\t<input type=\"number\" class=\"bwg_current_page\" name=\"bwg_current_page\" value=\"1\" data-url-info=\"page_number_0\" onkeypress=\"return bwg_change_page_0(event, this)\" min=\"1\" oninput=\"validity.valid||(value='')\" \/>\t\t\t\t\t\t\t\t\t\tde\t\t\t\t\t\t\t\t\t\t<span class=\"total-pages_0\">\t\t\t\t\t\t\t\t\t\t\t3\t\t\t\t\t\t\t\t\t\t<\/span>\t\t\t\t\t\t\t<\/span>              <span class=\"pagination-links_col3\">                <a class=\"bwg-a next-page-0\" title=\"Ir a la p\u00e1gina siguiente\" href=\"\/familiasalesiana\/wp-json\/wp\/v2\/posts\/3107?page_number_0=2\">\u203a<\/a>                <a class=\"bwg-a last-page-0\" title=\"Ir a la \u00faltima p\u00e1gina\" href=\"\/familiasalesiana\/wp-json\/wp\/v2\/posts\/3107?page_number_0=3\">\u00bb<\/a>              <\/span>\t\t\t\t\t\t<\/span>\t\t\t\t\t\t        <\/div>                <input type=\"hidden\" id=\"page_number_0\" name=\"page_number_0\" value=\"1\" \/>      <script type=\"text\/javascript\">        if( jQuery('.bwg_nav_cont_0').length > 1 ) {          jQuery('.bwg_nav_cont_0').first().remove()        }        function spider_page_0(cur, x, y, load_more) {          if (typeof load_more == \"undefined\") {            var load_more = false;          }          if (jQuery(cur).hasClass('disabled')) {            return false;          }          var items_county_0 = 3;          switch (y) {            case 1:              if (x >= items_county_0) {                document.getElementById('page_number_0').value = items_county_0;              }              else {                document.getElementById('page_number_0').value = x + 1;              }              break;            case 2:              document.getElementById('page_number_0').value = items_county_0;              break;            case -1:              if (x == 1) {                document.getElementById('page_number_0').value = 1;              }              else {                document.getElementById('page_number_0').value = x - 1;              }              break;            case -2:              document.getElementById('page_number_0').value = 1;              break;\t\t\t\t\t\tcase 0:              document.getElementById('page_number_0').value = x;              break;            default:              document.getElementById('page_number_0').value = 1;          }          bwg_ajax('gal_front_form_0', '0', 'bwg_thumbnails_0', '0', '', 'gallery', 0, '', '', load_more, '', 1);        }                    jQuery('.first-page disabled').on('click', function () {              spider_page_0(this, 1, -2, 'numeric');              return false;            });            jQuery('.prev-page disabled').on('click', function () {              spider_page_0(this, 1, -1, 'numeric');              return false;            });            jQuery('.next-page-0').on('click', function () {              spider_page_0(this, 1, 1, 'numeric');              return false;            });            jQuery('.last-page-0').on('click', function () {              spider_page_0(this, 1, 2, 'numeric');              return false;            });        \t\t\t\t\/* Change page on input enter. *\/        function bwg_change_page_0( e, that ) {          if (  e.key == 'Enter' ) {            var to_page = parseInt(jQuery(that).val());            var pages_count = jQuery(that).parents(\".pagination-links\").data(\"pages-count\");            var current_url_param = jQuery(that).attr('data-url-info');            if (to_page > pages_count) {              to_page = 1;            }\t \t\t\t\t\t\t\t\t\t\t\t\tspider_page_0(this, to_page, 0, 'numeric');\t\t\t\t\t\t\treturn false;\t\t\t\t\t\t          }          return true;        }        jQuery('.bwg_load_btn_0').on('click', function () {            spider_page_0(this, 1, 1, true);            return false;        });      <\/script>      <\/span>                <\/div>        <\/form>        <style>          #bwg_container1_0 #bwg_container2_0 #spider_popup_overlay_0 {          background-color: #000000;          opacity: 0.70;          }          <\/style>        <div id=\"bwg_spider_popup_loading_0\" class=\"bwg_spider_popup_loading\"><\/div>        <div id=\"spider_popup_overlay_0\" class=\"spider_popup_overlay\" onclick=\"spider_destroypopup(1000)\"><\/div>        <input type=\"hidden\" id=\"bwg_random_seed_0\" value=\"1264320920\">                <\/div>    <\/div>    <script>      if (document.readyState === 'complete') {        if( typeof bwg_main_ready == 'function' ) {          if ( jQuery(\"#bwg_container1_0\").height() ) {            bwg_main_ready(jQuery(\"#bwg_container1_0\"));          }        }      } else {        document.addEventListener('DOMContentLoaded', function() {          if( typeof bwg_main_ready == 'function' ) {            if ( jQuery(\"#bwg_container1_0\").height() ) {             bwg_main_ready(jQuery(\"#bwg_container1_0\"));            }          }        });      }    <\/script>    \n<p>[\/et_pb_text][et_pb_text admin_label=\u00bbT\u00edtulo: Galer\u00eda de fotos (Texto)\u00bb _builder_version=\u00bb3.0.51&#8243; background_layout=\u00bblight\u00bb text_orientation=\u00bbleft\u00bb text_font=\u00bb|on|||\u00bb text_text_color=\u00bb#dc001b\u00bb border_style=\u00bbsolid\u00bb disabled=\u00bbon\u00bb disabled_on=\u00bbon|on|on\u00bb]<\/p>\n<p>Galer\u00eda de im\u00e1genes<\/p>\n<p>[\/et_pb_text][et_pb_gallery _builder_version=\u00bb3.0.51&#8243; posts_number=\u00bb8&#8243; show_title_and_caption=\u00bboff\u00bb show_pagination=\u00bbon\u00bb fullwidth=\u00bboff\u00bb orientation=\u00bblandscape\u00bb zoom_icon_color=\u00bb#dc001b\u00bb hover_overlay_color=\u00bbrgba(255,255,255,0.9)\u00bb hover_icon=\u00bb%%51%%\u00bb background_layout=\u00bblight\u00bb border_style=\u00bbsolid\u00bb auto=\u00bboff\u00bb disabled=\u00bbon\u00bb disabled_on=\u00bbon|on|on\u00bb \/][et_pb_video _builder_version=\u00bb3.0.51&#8243; disabled=\u00bbon\u00bb disabled_on=\u00bbon|on|on\u00bb \/][\/et_pb_column][\/et_pb_row][\/et_pb_section]<\/p>\n","protected":false},"excerpt":{"rendered":"<p>La Comunidad Educativa-Pastoral de Salesianos Villena se re\u00fane para iniciar este curso 18-19. Por Equipo de Comunicaci\u00f3n El domingo 21 de Octubre a las 12:30 horas tuvo lugar la Primera Eucarist\u00eda celebrada en la Iglesia del Centro, reuniendo a todos los grupos de la Casa Salesiana de Villena. La celebraci\u00f3n fue oficiada por D. Jos\u00e9 [&hellip;]<\/p>\n","protected":false},"author":2,"featured_media":3108,"comment_status":"open","ping_status":"open","sticky":false,"template":"","format":"standard","meta":{"_et_pb_use_builder":"on","_et_pb_old_content":"","_et_gb_content_width":"","footnotes":""},"categories":[32,42,33,37,38,31,40,14],"tags":[],"class_list":["post-3107","post","type-post","status-publish","format-standard","has-post-thumbnail","hentry","category-admas","category-ampa","category-antiguosalumnos","category-centrojuvenil","category-colegio","category-cooperadores","category-plataformassociales","category-portadanoticias"],"yoast_head":"<!-- This site is optimized with the Yoast SEO plugin v28.3 - https:\/\/yoast.com\/product\/yoast-seo-wordpress\/ -->\n<title>Fiesta del Env\u00edo 18-19 - Familia Salesiana<\/title>\n<meta name=\"robots\" content=\"index, follow, max-snippet:-1, max-image-preview:large, max-video-preview:-1\" \/>\n<link rel=\"canonical\" href=\"https:\/\/villena.salesianos.edu\/familiasalesiana\/fiesta-del-envio-18-19\/\" \/>\n<meta property=\"og:locale\" content=\"es_ES\" \/>\n<meta property=\"og:type\" content=\"article\" \/>\n<meta property=\"og:title\" content=\"Fiesta del Env\u00edo 18-19 - Familia Salesiana\" \/>\n<meta property=\"og:description\" content=\"La Comunidad Educativa-Pastoral de Salesianos Villena se re\u00fane para iniciar este curso 18-19. Por Equipo de Comunicaci\u00f3n El domingo 21 de Octubre a las 12:30 horas tuvo lugar la Primera Eucarist\u00eda celebrada en la Iglesia del Centro, reuniendo a todos los grupos de la Casa Salesiana de Villena. La celebraci\u00f3n fue oficiada por D. Jos\u00e9 [&hellip;]\" \/>\n<meta property=\"og:url\" content=\"https:\/\/villena.salesianos.edu\/familiasalesiana\/fiesta-del-envio-18-19\/\" \/>\n<meta property=\"og:site_name\" content=\"Familia Salesiana\" \/>\n<meta property=\"article:published_time\" content=\"2018-10-22T13:33:07+00:00\" \/>\n<meta property=\"article:modified_time\" content=\"2018-10-22T14:35:07+00:00\" \/>\n<meta property=\"og:image\" content=\"https:\/\/villena.salesianos.edu\/familiasalesiana\/wp-content\/uploads\/sites\/7\/2018\/10\/Euca-env\u00edo-5672-2.jpg\" \/>\n\t<meta property=\"og:image:width\" content=\"1000\" \/>\n\t<meta property=\"og:image:height\" content=\"414\" \/>\n\t<meta property=\"og:image:type\" content=\"image\/jpeg\" \/>\n<meta name=\"author\" content=\"Gestor Web\" \/>\n<meta name=\"twitter:card\" content=\"summary_large_image\" \/>\n<meta name=\"twitter:label1\" content=\"Escrito por\" \/>\n\t<meta name=\"twitter:data1\" content=\"Gestor Web\" \/>\n\t<meta name=\"twitter:label2\" content=\"Tiempo de lectura\" \/>\n\t<meta name=\"twitter:data2\" content=\"2 minutos\" \/>\n<script type=\"application\/ld+json\" class=\"yoast-schema-graph\">{\"@context\":\"https:\\\/\\\/schema.org\",\"@graph\":[{\"@type\":\"Article\",\"@id\":\"https:\\\/\\\/villena.salesianos.edu\\\/familiasalesiana\\\/fiesta-del-envio-18-19\\\/#article\",\"isPartOf\":{\"@id\":\"https:\\\/\\\/villena.salesianos.edu\\\/familiasalesiana\\\/fiesta-del-envio-18-19\\\/\"},\"author\":{\"name\":\"Gestor Web\",\"@id\":\"https:\\\/\\\/villena.salesianos.edu\\\/familiasalesiana\\\/#\\\/schema\\\/person\\\/737fd46edc5ae7d6c9b94da26c0e9302\"},\"headline\":\"Fiesta del Env\u00edo 18-19\",\"datePublished\":\"2018-10-22T13:33:07+00:00\",\"dateModified\":\"2018-10-22T14:35:07+00:00\",\"mainEntityOfPage\":{\"@id\":\"https:\\\/\\\/villena.salesianos.edu\\\/familiasalesiana\\\/fiesta-del-envio-18-19\\\/\"},\"wordCount\":429,\"commentCount\":0,\"image\":{\"@id\":\"https:\\\/\\\/villena.salesianos.edu\\\/familiasalesiana\\\/fiesta-del-envio-18-19\\\/#primaryimage\"},\"thumbnailUrl\":\"https:\\\/\\\/villena.salesianos.edu\\\/familiasalesiana\\\/wp-content\\\/uploads\\\/sites\\\/7\\\/2018\\\/10\\\/Euca-env\u00edo-5672-2.jpg\",\"articleSection\":[\"Admas\",\"AMPA\",\"Antiguos Alumnos\",\"Centro Juvenil\",\"Colegio\",\"Cooperadores\",\"Plataformas Sociales\",\"Portada Noticias\"],\"inLanguage\":\"es\",\"potentialAction\":[{\"@type\":\"CommentAction\",\"name\":\"Comment\",\"target\":[\"https:\\\/\\\/villena.salesianos.edu\\\/familiasalesiana\\\/fiesta-del-envio-18-19\\\/#respond\"]}]},{\"@type\":\"WebPage\",\"@id\":\"https:\\\/\\\/villena.salesianos.edu\\\/familiasalesiana\\\/fiesta-del-envio-18-19\\\/\",\"url\":\"https:\\\/\\\/villena.salesianos.edu\\\/familiasalesiana\\\/fiesta-del-envio-18-19\\\/\",\"name\":\"Fiesta del Env\u00edo 18-19 - Familia Salesiana\",\"isPartOf\":{\"@id\":\"https:\\\/\\\/villena.salesianos.edu\\\/familiasalesiana\\\/#website\"},\"primaryImageOfPage\":{\"@id\":\"https:\\\/\\\/villena.salesianos.edu\\\/familiasalesiana\\\/fiesta-del-envio-18-19\\\/#primaryimage\"},\"image\":{\"@id\":\"https:\\\/\\\/villena.salesianos.edu\\\/familiasalesiana\\\/fiesta-del-envio-18-19\\\/#primaryimage\"},\"thumbnailUrl\":\"https:\\\/\\\/villena.salesianos.edu\\\/familiasalesiana\\\/wp-content\\\/uploads\\\/sites\\\/7\\\/2018\\\/10\\\/Euca-env\u00edo-5672-2.jpg\",\"datePublished\":\"2018-10-22T13:33:07+00:00\",\"dateModified\":\"2018-10-22T14:35:07+00:00\",\"author\":{\"@id\":\"https:\\\/\\\/villena.salesianos.edu\\\/familiasalesiana\\\/#\\\/schema\\\/person\\\/737fd46edc5ae7d6c9b94da26c0e9302\"},\"breadcrumb\":{\"@id\":\"https:\\\/\\\/villena.salesianos.edu\\\/familiasalesiana\\\/fiesta-del-envio-18-19\\\/#breadcrumb\"},\"inLanguage\":\"es\",\"potentialAction\":[{\"@type\":\"ReadAction\",\"target\":[\"https:\\\/\\\/villena.salesianos.edu\\\/familiasalesiana\\\/fiesta-del-envio-18-19\\\/\"]}]},{\"@type\":\"ImageObject\",\"inLanguage\":\"es\",\"@id\":\"https:\\\/\\\/villena.salesianos.edu\\\/familiasalesiana\\\/fiesta-del-envio-18-19\\\/#primaryimage\",\"url\":\"https:\\\/\\\/villena.salesianos.edu\\\/familiasalesiana\\\/wp-content\\\/uploads\\\/sites\\\/7\\\/2018\\\/10\\\/Euca-env\u00edo-5672-2.jpg\",\"contentUrl\":\"https:\\\/\\\/villena.salesianos.edu\\\/familiasalesiana\\\/wp-content\\\/uploads\\\/sites\\\/7\\\/2018\\\/10\\\/Euca-env\u00edo-5672-2.jpg\",\"width\":1000,\"height\":414},{\"@type\":\"BreadcrumbList\",\"@id\":\"https:\\\/\\\/villena.salesianos.edu\\\/familiasalesiana\\\/fiesta-del-envio-18-19\\\/#breadcrumb\",\"itemListElement\":[{\"@type\":\"ListItem\",\"position\":1,\"name\":\"Portada\",\"item\":\"https:\\\/\\\/villena.salesianos.edu\\\/familiasalesiana\\\/\"},{\"@type\":\"ListItem\",\"position\":2,\"name\":\"Fiesta del Env\u00edo 18-19\"}]},{\"@type\":\"WebSite\",\"@id\":\"https:\\\/\\\/villena.salesianos.edu\\\/familiasalesiana\\\/#website\",\"url\":\"https:\\\/\\\/villena.salesianos.edu\\\/familiasalesiana\\\/\",\"name\":\"Familia Salesiana\",\"description\":\"P\u00e1gina oficial Salesianos Villena\",\"potentialAction\":[{\"@type\":\"SearchAction\",\"target\":{\"@type\":\"EntryPoint\",\"urlTemplate\":\"https:\\\/\\\/villena.salesianos.edu\\\/familiasalesiana\\\/?s={search_term_string}\"},\"query-input\":{\"@type\":\"PropertyValueSpecification\",\"valueRequired\":true,\"valueName\":\"search_term_string\"}}],\"inLanguage\":\"es\"},{\"@type\":\"Person\",\"@id\":\"https:\\\/\\\/villena.salesianos.edu\\\/familiasalesiana\\\/#\\\/schema\\\/person\\\/737fd46edc5ae7d6c9b94da26c0e9302\",\"name\":\"Gestor Web\",\"image\":{\"@type\":\"ImageObject\",\"inLanguage\":\"es\",\"@id\":\"https:\\\/\\\/secure.gravatar.com\\\/avatar\\\/44469746e1b6443cd011d1759fdc3b9fdcdae4a08dc0ddd85247651cb065486d?s=96&d=mm&r=g\",\"url\":\"https:\\\/\\\/secure.gravatar.com\\\/avatar\\\/44469746e1b6443cd011d1759fdc3b9fdcdae4a08dc0ddd85247651cb065486d?s=96&d=mm&r=g\",\"contentUrl\":\"https:\\\/\\\/secure.gravatar.com\\\/avatar\\\/44469746e1b6443cd011d1759fdc3b9fdcdae4a08dc0ddd85247651cb065486d?s=96&d=mm&r=g\",\"caption\":\"Gestor Web\"}}]}<\/script>\n<!-- \/ Yoast SEO plugin. -->","yoast_head_json":{"title":"Fiesta del Env\u00edo 18-19 - Familia Salesiana","robots":{"index":"index","follow":"follow","max-snippet":"max-snippet:-1","max-image-preview":"max-image-preview:large","max-video-preview":"max-video-preview:-1"},"canonical":"https:\/\/villena.salesianos.edu\/familiasalesiana\/fiesta-del-envio-18-19\/","og_locale":"es_ES","og_type":"article","og_title":"Fiesta del Env\u00edo 18-19 - Familia Salesiana","og_description":"La Comunidad Educativa-Pastoral de Salesianos Villena se re\u00fane para iniciar este curso 18-19. Por Equipo de Comunicaci\u00f3n El domingo 21 de Octubre a las 12:30 horas tuvo lugar la Primera Eucarist\u00eda celebrada en la Iglesia del Centro, reuniendo a todos los grupos de la Casa Salesiana de Villena. La celebraci\u00f3n fue oficiada por D. Jos\u00e9 [&hellip;]","og_url":"https:\/\/villena.salesianos.edu\/familiasalesiana\/fiesta-del-envio-18-19\/","og_site_name":"Familia Salesiana","article_published_time":"2018-10-22T13:33:07+00:00","article_modified_time":"2018-10-22T14:35:07+00:00","og_image":[{"width":1000,"height":414,"url":"https:\/\/villena.salesianos.edu\/familiasalesiana\/wp-content\/uploads\/sites\/7\/2018\/10\/Euca-env\u00edo-5672-2.jpg","type":"image\/jpeg"}],"author":"Gestor Web","twitter_card":"summary_large_image","twitter_misc":{"Escrito por":"Gestor Web","Tiempo de lectura":"2 minutos"},"schema":{"@context":"https:\/\/schema.org","@graph":[{"@type":"Article","@id":"https:\/\/villena.salesianos.edu\/familiasalesiana\/fiesta-del-envio-18-19\/#article","isPartOf":{"@id":"https:\/\/villena.salesianos.edu\/familiasalesiana\/fiesta-del-envio-18-19\/"},"author":{"name":"Gestor Web","@id":"https:\/\/villena.salesianos.edu\/familiasalesiana\/#\/schema\/person\/737fd46edc5ae7d6c9b94da26c0e9302"},"headline":"Fiesta del Env\u00edo 18-19","datePublished":"2018-10-22T13:33:07+00:00","dateModified":"2018-10-22T14:35:07+00:00","mainEntityOfPage":{"@id":"https:\/\/villena.salesianos.edu\/familiasalesiana\/fiesta-del-envio-18-19\/"},"wordCount":429,"commentCount":0,"image":{"@id":"https:\/\/villena.salesianos.edu\/familiasalesiana\/fiesta-del-envio-18-19\/#primaryimage"},"thumbnailUrl":"https:\/\/villena.salesianos.edu\/familiasalesiana\/wp-content\/uploads\/sites\/7\/2018\/10\/Euca-env\u00edo-5672-2.jpg","articleSection":["Admas","AMPA","Antiguos Alumnos","Centro Juvenil","Colegio","Cooperadores","Plataformas Sociales","Portada Noticias"],"inLanguage":"es","potentialAction":[{"@type":"CommentAction","name":"Comment","target":["https:\/\/villena.salesianos.edu\/familiasalesiana\/fiesta-del-envio-18-19\/#respond"]}]},{"@type":"WebPage","@id":"https:\/\/villena.salesianos.edu\/familiasalesiana\/fiesta-del-envio-18-19\/","url":"https:\/\/villena.salesianos.edu\/familiasalesiana\/fiesta-del-envio-18-19\/","name":"Fiesta del Env\u00edo 18-19 - Familia Salesiana","isPartOf":{"@id":"https:\/\/villena.salesianos.edu\/familiasalesiana\/#website"},"primaryImageOfPage":{"@id":"https:\/\/villena.salesianos.edu\/familiasalesiana\/fiesta-del-envio-18-19\/#primaryimage"},"image":{"@id":"https:\/\/villena.salesianos.edu\/familiasalesiana\/fiesta-del-envio-18-19\/#primaryimage"},"thumbnailUrl":"https:\/\/villena.salesianos.edu\/familiasalesiana\/wp-content\/uploads\/sites\/7\/2018\/10\/Euca-env\u00edo-5672-2.jpg","datePublished":"2018-10-22T13:33:07+00:00","dateModified":"2018-10-22T14:35:07+00:00","author":{"@id":"https:\/\/villena.salesianos.edu\/familiasalesiana\/#\/schema\/person\/737fd46edc5ae7d6c9b94da26c0e9302"},"breadcrumb":{"@id":"https:\/\/villena.salesianos.edu\/familiasalesiana\/fiesta-del-envio-18-19\/#breadcrumb"},"inLanguage":"es","potentialAction":[{"@type":"ReadAction","target":["https:\/\/villena.salesianos.edu\/familiasalesiana\/fiesta-del-envio-18-19\/"]}]},{"@type":"ImageObject","inLanguage":"es","@id":"https:\/\/villena.salesianos.edu\/familiasalesiana\/fiesta-del-envio-18-19\/#primaryimage","url":"https:\/\/villena.salesianos.edu\/familiasalesiana\/wp-content\/uploads\/sites\/7\/2018\/10\/Euca-env\u00edo-5672-2.jpg","contentUrl":"https:\/\/villena.salesianos.edu\/familiasalesiana\/wp-content\/uploads\/sites\/7\/2018\/10\/Euca-env\u00edo-5672-2.jpg","width":1000,"height":414},{"@type":"BreadcrumbList","@id":"https:\/\/villena.salesianos.edu\/familiasalesiana\/fiesta-del-envio-18-19\/#breadcrumb","itemListElement":[{"@type":"ListItem","position":1,"name":"Portada","item":"https:\/\/villena.salesianos.edu\/familiasalesiana\/"},{"@type":"ListItem","position":2,"name":"Fiesta del Env\u00edo 18-19"}]},{"@type":"WebSite","@id":"https:\/\/villena.salesianos.edu\/familiasalesiana\/#website","url":"https:\/\/villena.salesianos.edu\/familiasalesiana\/","name":"Familia Salesiana","description":"P\u00e1gina oficial Salesianos Villena","potentialAction":[{"@type":"SearchAction","target":{"@type":"EntryPoint","urlTemplate":"https:\/\/villena.salesianos.edu\/familiasalesiana\/?s={search_term_string}"},"query-input":{"@type":"PropertyValueSpecification","valueRequired":true,"valueName":"search_term_string"}}],"inLanguage":"es"},{"@type":"Person","@id":"https:\/\/villena.salesianos.edu\/familiasalesiana\/#\/schema\/person\/737fd46edc5ae7d6c9b94da26c0e9302","name":"Gestor Web","image":{"@type":"ImageObject","inLanguage":"es","@id":"https:\/\/secure.gravatar.com\/avatar\/44469746e1b6443cd011d1759fdc3b9fdcdae4a08dc0ddd85247651cb065486d?s=96&d=mm&r=g","url":"https:\/\/secure.gravatar.com\/avatar\/44469746e1b6443cd011d1759fdc3b9fdcdae4a08dc0ddd85247651cb065486d?s=96&d=mm&r=g","contentUrl":"https:\/\/secure.gravatar.com\/avatar\/44469746e1b6443cd011d1759fdc3b9fdcdae4a08dc0ddd85247651cb065486d?s=96&d=mm&r=g","caption":"Gestor Web"}}]}},"_links":{"self":[{"href":"https:\/\/villena.salesianos.edu\/familiasalesiana\/wp-json\/wp\/v2\/posts\/3107","targetHints":{"allow":["GET"]}}],"collection":[{"href":"https:\/\/villena.salesianos.edu\/familiasalesiana\/wp-json\/wp\/v2\/posts"}],"about":[{"href":"https:\/\/villena.salesianos.edu\/familiasalesiana\/wp-json\/wp\/v2\/types\/post"}],"author":[{"embeddable":true,"href":"https:\/\/villena.salesianos.edu\/familiasalesiana\/wp-json\/wp\/v2\/users\/2"}],"replies":[{"embeddable":true,"href":"https:\/\/villena.salesianos.edu\/familiasalesiana\/wp-json\/wp\/v2\/comments?post=3107"}],"version-history":[{"count":3,"href":"https:\/\/villena.salesianos.edu\/familiasalesiana\/wp-json\/wp\/v2\/posts\/3107\/revisions"}],"predecessor-version":[{"id":3118,"href":"https:\/\/villena.salesianos.edu\/familiasalesiana\/wp-json\/wp\/v2\/posts\/3107\/revisions\/3118"}],"wp:featuredmedia":[{"embeddable":true,"href":"https:\/\/villena.salesianos.edu\/familiasalesiana\/wp-json\/wp\/v2\/media\/3108"}],"wp:attachment":[{"href":"https:\/\/villena.salesianos.edu\/familiasalesiana\/wp-json\/wp\/v2\/media?parent=3107"}],"wp:term":[{"taxonomy":"category","embeddable":true,"href":"https:\/\/villena.salesianos.edu\/familiasalesiana\/wp-json\/wp\/v2\/categories?post=3107"},{"taxonomy":"post_tag","embeddable":true,"href":"https:\/\/villena.salesianos.edu\/familiasalesiana\/wp-json\/wp\/v2\/tags?post=3107"}],"curies":[{"name":"wp","href":"https:\/\/api.w.org\/{rel}","templated":true}]}}