{"id":3135,"date":"2018-11-01T15:55:01","date_gmt":"2018-11-01T14:55:01","guid":{"rendered":"https:\/\/villena.salesianos.edu\/familiasalesiana\/cada-hogar-una-escuela-una-escuela-de-vida-y-amor\/"},"modified":"2018-11-01T15:57:35","modified_gmt":"2018-11-01T14:57:35","slug":"cada-hogar-una-escuela-una-escuela-de-vida-y-amor","status":"publish","type":"post","link":"https:\/\/villena.salesianos.edu\/familiasalesiana\/cada-hogar-una-escuela-una-escuela-de-vida-y-amor\/","title":{"rendered":"\u201cCada hogar una escuela, una escuela de Vida y Amor \u201c"},"content":{"rendered":"<p>[et_pb_section bb_built=\u00bb1&#8243; admin_label=\u00bbsection\u00bb][et_pb_row admin_label=\u00bbrow\u00bb background_position=\u00bbtop_left\u00bb background_repeat=\u00bbrepeat\u00bb background_size=\u00bbinitial\u00bb][et_pb_column type=\u00bb4_4&#8243;][et_pb_text admin_label=\u00bbEntradilla (Texto)\u00bb _builder_version=\u00bb3.0.92&#8243; background_layout=\u00bblight\u00bb text_orientation=\u00bbjustified\u00bb text_font=\u00bb|on|||\u00bb border_style=\u00bbsolid\u00bb]<\/p>\n<p><strong>El pasado d\u00eda 27, tuvo lugar La Asamblea General de Asociaciones de la zona Centro de la Inspector\u00eda de M\u00aa Auxiliadora.<\/strong><\/p>\n<p>[\/et_pb_text][et_pb_text admin_label=\u00bbAutor (Texto)\u00bb _builder_version=\u00bb3.0.92&#8243; background_layout=\u00bblight\u00bb text_font=\u00bb||on||\u00bb border_style=\u00bbsolid\u00bb]<\/p>\n<p><em>Por ADMAS<\/em><\/p>\n<p>[\/et_pb_text][et_pb_text admin_label=\u00bbDesarrollo (Texto)\u00bb _builder_version=\u00bb3.0.92&#8243; background_layout=\u00bblight\u00bb text_orientation=\u00bbjustified\u00bb border_style=\u00bbsolid\u00bb]<\/p>\n<p>Algunos temas a tratar fueron:<\/p>\n<ul>\n<li>Programaci\u00f3n, OBJETIVOS y LINEAS DE ACCI\u00d3N.<\/li>\n<li>Informe de la reuni\u00f3n de la Coordinadora Nacional en Madrid.<\/li>\n<li>Peregrinaci\u00f3n a Tur\u00edn.<\/li>\n<li>150 aniversario de la creaci\u00f3n de A.D.M.A. por D. Bosco.<\/li>\n<\/ul>\n<p>El tema formativo \u2013 experiencial, estuvo a cargo de la familia Beneito \u2013 Castells ; Contaron sus vivencias en las Jornadas de ESPIRITUALIDAD de A.D.M.A. para familias. Ellos pertenecen al colegio Salesianas de Sueca.<\/p>\n<p>Estas experiencias\u00a0 se dieron en el Campamento situado en \u00a0Cazorla, durante\u00a0 tres d\u00edas de agosto. Se proyect\u00f3 un video, en el que pudimos ver las diferentes actividades y celebraciones \u00a0de la eucarist\u00eda, talleres de fe,\u00a0 etc. y a los ni\u00f1os participando de ellos.<\/p>\n<p>A todos nos pareci\u00f3 una gran oportunidad para familias, porque pueden pasar unos d\u00edas compartiendo la formaci\u00f3n espiritual y cristiana.<\/p>\n<p>El lema es <strong>\u201cCada\u00a0 hogar una escuela, una escuela de Vida y Amor \u201c<\/strong><\/p>\n<p>Tenemos que animar a las familias a participar en el pr\u00f3ximo campamento los d\u00edas 5 al 8 de agosto 2019.<\/p>\n<p>Por \u00faltimo se comunic\u00f3 que la XXXVIII Concentraci\u00f3n \u00a0Inspectorial ser\u00e1 el 8 de junio de 2019 en Burriana.<\/p>\n<p>Como se puede comprobar, la reuni\u00f3n fue muy interesante y productiva. Luego cada una de nosotras llevamos a nuestros centros las ilusiones recogidas all\u00ed.<\/p>\n<p>[\/et_pb_text][et_pb_text admin_label=\u00bbT\u00edtulo: Galer\u00eda de fotos (Texto)\u00bb _builder_version=\u00bb3.0.92&#8243; background_layout=\u00bblight\u00bb text_font=\u00bb|on|||\u00bb text_text_color=\u00bb#dc001b\u00bb border_style=\u00bbsolid\u00bb disabled=\u00bboff\u00bb disabled_on=\u00bboff|off|off\u00bb]<\/p>\n<p>Momentos del encuentro<\/p>\n<p>[\/et_pb_text][et_pb_gallery _builder_version=\u00bb3.0.92&#8243; posts_number=\u00bb8&#8243; show_title_and_caption=\u00bboff\u00bb show_pagination=\u00bbon\u00bb fullwidth=\u00bboff\u00bb orientation=\u00bblandscape\u00bb zoom_icon_color=\u00bb#dc001b\u00bb hover_overlay_color=\u00bbrgba(255,255,255,0.9)\u00bb hover_icon=\u00bb%%51%%\u00bb background_layout=\u00bblight\u00bb disabled=\u00bboff\u00bb disabled_on=\u00bboff|off|off\u00bb gallery_ids=\u00bb3138,3139,3136&#8243; pagination_font_size_tablet=\u00bb51&#8243; pagination_line_height_tablet=\u00bb2&#8243; \/][et_pb_video _builder_version=\u00bb3.0.51&#8243; disabled=\u00bbon\u00bb disabled_on=\u00bbon|on|on\u00bb \/][\/et_pb_column][\/et_pb_row][\/et_pb_section]<\/p>\n","protected":false},"excerpt":{"rendered":"<p>El pasado d\u00eda 27, tuvo lugar La Asamblea General de Asociaciones de la zona Centro de la Inspector\u00eda de M\u00aa Auxiliadora. Por ADMAS Algunos temas a tratar fueron: Programaci\u00f3n, OBJETIVOS y LINEAS DE ACCI\u00d3N. Informe de la reuni\u00f3n de la Coordinadora Nacional en Madrid. Peregrinaci\u00f3n a Tur\u00edn. 150 aniversario de la creaci\u00f3n de A.D.M.A. por [&hellip;]<\/p>\n","protected":false},"author":2,"featured_media":3136,"comment_status":"open","ping_status":"open","sticky":false,"template":"","format":"standard","meta":{"_et_pb_use_builder":"on","_et_pb_old_content":"","_et_gb_content_width":"","footnotes":""},"categories":[32,28,14],"tags":[],"class_list":["post-3135","post","type-post","status-publish","format-standard","has-post-thumbnail","hentry","category-admas","category-familiasalesiana","category-portadanoticias"],"yoast_head":"<!-- This site is optimized with the Yoast SEO plugin v28.3 - https:\/\/yoast.com\/product\/yoast-seo-wordpress\/ -->\n<title>\u201cCada hogar una escuela, una escuela de Vida y Amor \u201c - Familia Salesiana<\/title>\n<meta name=\"robots\" content=\"index, follow, max-snippet:-1, max-image-preview:large, max-video-preview:-1\" \/>\n<link rel=\"canonical\" href=\"https:\/\/villena.salesianos.edu\/familiasalesiana\/cada-hogar-una-escuela-una-escuela-de-vida-y-amor\/\" \/>\n<meta property=\"og:locale\" content=\"es_ES\" \/>\n<meta property=\"og:type\" content=\"article\" \/>\n<meta property=\"og:title\" content=\"\u201cCada hogar una escuela, una escuela de Vida y Amor \u201c - Familia Salesiana\" \/>\n<meta property=\"og:description\" content=\"El pasado d\u00eda 27, tuvo lugar La Asamblea General de Asociaciones de la zona Centro de la Inspector\u00eda de M\u00aa Auxiliadora. Por ADMAS Algunos temas a tratar fueron: Programaci\u00f3n, OBJETIVOS y LINEAS DE ACCI\u00d3N. Informe de la reuni\u00f3n de la Coordinadora Nacional en Madrid. Peregrinaci\u00f3n a Tur\u00edn. 150 aniversario de la creaci\u00f3n de A.D.M.A. por [&hellip;]\" \/>\n<meta property=\"og:url\" content=\"https:\/\/villena.salesianos.edu\/familiasalesiana\/cada-hogar-una-escuela-una-escuela-de-vida-y-amor\/\" \/>\n<meta property=\"og:site_name\" content=\"Familia Salesiana\" \/>\n<meta property=\"article:published_time\" content=\"2018-11-01T14:55:01+00:00\" \/>\n<meta property=\"article:modified_time\" content=\"2018-11-01T14:57:35+00:00\" \/>\n<meta property=\"og:image\" content=\"https:\/\/villena.salesianos.edu\/familiasalesiana\/wp-content\/uploads\/sites\/7\/2018\/11\/admas2.jpg\" \/>\n\t<meta property=\"og:image:width\" content=\"1600\" \/>\n\t<meta property=\"og:image:height\" content=\"1200\" \/>\n\t<meta property=\"og:image:type\" content=\"image\/jpeg\" \/>\n<meta name=\"author\" content=\"Gestor Web\" \/>\n<meta name=\"twitter:card\" content=\"summary_large_image\" \/>\n<meta name=\"twitter:label1\" content=\"Escrito por\" \/>\n\t<meta name=\"twitter:data1\" content=\"Gestor Web\" \/>\n\t<meta name=\"twitter:label2\" content=\"Tiempo de lectura\" \/>\n\t<meta name=\"twitter:data2\" content=\"2 minutos\" \/>\n<script type=\"application\/ld+json\" class=\"yoast-schema-graph\">{\"@context\":\"https:\\\/\\\/schema.org\",\"@graph\":[{\"@type\":\"Article\",\"@id\":\"https:\\\/\\\/villena.salesianos.edu\\\/familiasalesiana\\\/cada-hogar-una-escuela-una-escuela-de-vida-y-amor\\\/#article\",\"isPartOf\":{\"@id\":\"https:\\\/\\\/villena.salesianos.edu\\\/familiasalesiana\\\/cada-hogar-una-escuela-una-escuela-de-vida-y-amor\\\/\"},\"author\":{\"name\":\"Gestor Web\",\"@id\":\"https:\\\/\\\/villena.salesianos.edu\\\/familiasalesiana\\\/#\\\/schema\\\/person\\\/737fd46edc5ae7d6c9b94da26c0e9302\"},\"headline\":\"\u201cCada hogar una escuela, una escuela de Vida y Amor \u201c\",\"datePublished\":\"2018-11-01T14:55:01+00:00\",\"dateModified\":\"2018-11-01T14:57:35+00:00\",\"mainEntityOfPage\":{\"@id\":\"https:\\\/\\\/villena.salesianos.edu\\\/familiasalesiana\\\/cada-hogar-una-escuela-una-escuela-de-vida-y-amor\\\/\"},\"wordCount\":458,\"commentCount\":0,\"image\":{\"@id\":\"https:\\\/\\\/villena.salesianos.edu\\\/familiasalesiana\\\/cada-hogar-una-escuela-una-escuela-de-vida-y-amor\\\/#primaryimage\"},\"thumbnailUrl\":\"https:\\\/\\\/villena.salesianos.edu\\\/familiasalesiana\\\/wp-content\\\/uploads\\\/sites\\\/7\\\/2018\\\/11\\\/admas2.jpg\",\"articleSection\":[\"Admas\",\"Familia Salesiana\",\"Portada Noticias\"],\"inLanguage\":\"es\",\"potentialAction\":[{\"@type\":\"CommentAction\",\"name\":\"Comment\",\"target\":[\"https:\\\/\\\/villena.salesianos.edu\\\/familiasalesiana\\\/cada-hogar-una-escuela-una-escuela-de-vida-y-amor\\\/#respond\"]}]},{\"@type\":\"WebPage\",\"@id\":\"https:\\\/\\\/villena.salesianos.edu\\\/familiasalesiana\\\/cada-hogar-una-escuela-una-escuela-de-vida-y-amor\\\/\",\"url\":\"https:\\\/\\\/villena.salesianos.edu\\\/familiasalesiana\\\/cada-hogar-una-escuela-una-escuela-de-vida-y-amor\\\/\",\"name\":\"\u201cCada hogar una escuela, una escuela de Vida y Amor \u201c - Familia Salesiana\",\"isPartOf\":{\"@id\":\"https:\\\/\\\/villena.salesianos.edu\\\/familiasalesiana\\\/#website\"},\"primaryImageOfPage\":{\"@id\":\"https:\\\/\\\/villena.salesianos.edu\\\/familiasalesiana\\\/cada-hogar-una-escuela-una-escuela-de-vida-y-amor\\\/#primaryimage\"},\"image\":{\"@id\":\"https:\\\/\\\/villena.salesianos.edu\\\/familiasalesiana\\\/cada-hogar-una-escuela-una-escuela-de-vida-y-amor\\\/#primaryimage\"},\"thumbnailUrl\":\"https:\\\/\\\/villena.salesianos.edu\\\/familiasalesiana\\\/wp-content\\\/uploads\\\/sites\\\/7\\\/2018\\\/11\\\/admas2.jpg\",\"datePublished\":\"2018-11-01T14:55:01+00:00\",\"dateModified\":\"2018-11-01T14:57:35+00:00\",\"author\":{\"@id\":\"https:\\\/\\\/villena.salesianos.edu\\\/familiasalesiana\\\/#\\\/schema\\\/person\\\/737fd46edc5ae7d6c9b94da26c0e9302\"},\"breadcrumb\":{\"@id\":\"https:\\\/\\\/villena.salesianos.edu\\\/familiasalesiana\\\/cada-hogar-una-escuela-una-escuela-de-vida-y-amor\\\/#breadcrumb\"},\"inLanguage\":\"es\",\"potentialAction\":[{\"@type\":\"ReadAction\",\"target\":[\"https:\\\/\\\/villena.salesianos.edu\\\/familiasalesiana\\\/cada-hogar-una-escuela-una-escuela-de-vida-y-amor\\\/\"]}]},{\"@type\":\"ImageObject\",\"inLanguage\":\"es\",\"@id\":\"https:\\\/\\\/villena.salesianos.edu\\\/familiasalesiana\\\/cada-hogar-una-escuela-una-escuela-de-vida-y-amor\\\/#primaryimage\",\"url\":\"https:\\\/\\\/villena.salesianos.edu\\\/familiasalesiana\\\/wp-content\\\/uploads\\\/sites\\\/7\\\/2018\\\/11\\\/admas2.jpg\",\"contentUrl\":\"https:\\\/\\\/villena.salesianos.edu\\\/familiasalesiana\\\/wp-content\\\/uploads\\\/sites\\\/7\\\/2018\\\/11\\\/admas2.jpg\",\"width\":1600,\"height\":1200},{\"@type\":\"BreadcrumbList\",\"@id\":\"https:\\\/\\\/villena.salesianos.edu\\\/familiasalesiana\\\/cada-hogar-una-escuela-una-escuela-de-vida-y-amor\\\/#breadcrumb\",\"itemListElement\":[{\"@type\":\"ListItem\",\"position\":1,\"name\":\"Portada\",\"item\":\"https:\\\/\\\/villena.salesianos.edu\\\/familiasalesiana\\\/\"},{\"@type\":\"ListItem\",\"position\":2,\"name\":\"\u201cCada hogar una escuela, una escuela de Vida y Amor \u201c\"}]},{\"@type\":\"WebSite\",\"@id\":\"https:\\\/\\\/villena.salesianos.edu\\\/familiasalesiana\\\/#website\",\"url\":\"https:\\\/\\\/villena.salesianos.edu\\\/familiasalesiana\\\/\",\"name\":\"Familia Salesiana\",\"description\":\"P\u00e1gina oficial Salesianos Villena\",\"potentialAction\":[{\"@type\":\"SearchAction\",\"target\":{\"@type\":\"EntryPoint\",\"urlTemplate\":\"https:\\\/\\\/villena.salesianos.edu\\\/familiasalesiana\\\/?s={search_term_string}\"},\"query-input\":{\"@type\":\"PropertyValueSpecification\",\"valueRequired\":true,\"valueName\":\"search_term_string\"}}],\"inLanguage\":\"es\"},{\"@type\":\"Person\",\"@id\":\"https:\\\/\\\/villena.salesianos.edu\\\/familiasalesiana\\\/#\\\/schema\\\/person\\\/737fd46edc5ae7d6c9b94da26c0e9302\",\"name\":\"Gestor Web\",\"image\":{\"@type\":\"ImageObject\",\"inLanguage\":\"es\",\"@id\":\"https:\\\/\\\/secure.gravatar.com\\\/avatar\\\/44469746e1b6443cd011d1759fdc3b9fdcdae4a08dc0ddd85247651cb065486d?s=96&d=mm&r=g\",\"url\":\"https:\\\/\\\/secure.gravatar.com\\\/avatar\\\/44469746e1b6443cd011d1759fdc3b9fdcdae4a08dc0ddd85247651cb065486d?s=96&d=mm&r=g\",\"contentUrl\":\"https:\\\/\\\/secure.gravatar.com\\\/avatar\\\/44469746e1b6443cd011d1759fdc3b9fdcdae4a08dc0ddd85247651cb065486d?s=96&d=mm&r=g\",\"caption\":\"Gestor Web\"}}]}<\/script>\n<!-- \/ Yoast SEO plugin. -->","yoast_head_json":{"title":"\u201cCada hogar una escuela, una escuela de Vida y Amor \u201c - Familia Salesiana","robots":{"index":"index","follow":"follow","max-snippet":"max-snippet:-1","max-image-preview":"max-image-preview:large","max-video-preview":"max-video-preview:-1"},"canonical":"https:\/\/villena.salesianos.edu\/familiasalesiana\/cada-hogar-una-escuela-una-escuela-de-vida-y-amor\/","og_locale":"es_ES","og_type":"article","og_title":"\u201cCada hogar una escuela, una escuela de Vida y Amor \u201c - Familia Salesiana","og_description":"El pasado d\u00eda 27, tuvo lugar La Asamblea General de Asociaciones de la zona Centro de la Inspector\u00eda de M\u00aa Auxiliadora. Por ADMAS Algunos temas a tratar fueron: Programaci\u00f3n, OBJETIVOS y LINEAS DE ACCI\u00d3N. Informe de la reuni\u00f3n de la Coordinadora Nacional en Madrid. Peregrinaci\u00f3n a Tur\u00edn. 150 aniversario de la creaci\u00f3n de A.D.M.A. por [&hellip;]","og_url":"https:\/\/villena.salesianos.edu\/familiasalesiana\/cada-hogar-una-escuela-una-escuela-de-vida-y-amor\/","og_site_name":"Familia Salesiana","article_published_time":"2018-11-01T14:55:01+00:00","article_modified_time":"2018-11-01T14:57:35+00:00","og_image":[{"width":1600,"height":1200,"url":"https:\/\/villena.salesianos.edu\/familiasalesiana\/wp-content\/uploads\/sites\/7\/2018\/11\/admas2.jpg","type":"image\/jpeg"}],"author":"Gestor Web","twitter_card":"summary_large_image","twitter_misc":{"Escrito por":"Gestor Web","Tiempo de lectura":"2 minutos"},"schema":{"@context":"https:\/\/schema.org","@graph":[{"@type":"Article","@id":"https:\/\/villena.salesianos.edu\/familiasalesiana\/cada-hogar-una-escuela-una-escuela-de-vida-y-amor\/#article","isPartOf":{"@id":"https:\/\/villena.salesianos.edu\/familiasalesiana\/cada-hogar-una-escuela-una-escuela-de-vida-y-amor\/"},"author":{"name":"Gestor Web","@id":"https:\/\/villena.salesianos.edu\/familiasalesiana\/#\/schema\/person\/737fd46edc5ae7d6c9b94da26c0e9302"},"headline":"\u201cCada hogar una escuela, una escuela de Vida y Amor \u201c","datePublished":"2018-11-01T14:55:01+00:00","dateModified":"2018-11-01T14:57:35+00:00","mainEntityOfPage":{"@id":"https:\/\/villena.salesianos.edu\/familiasalesiana\/cada-hogar-una-escuela-una-escuela-de-vida-y-amor\/"},"wordCount":458,"commentCount":0,"image":{"@id":"https:\/\/villena.salesianos.edu\/familiasalesiana\/cada-hogar-una-escuela-una-escuela-de-vida-y-amor\/#primaryimage"},"thumbnailUrl":"https:\/\/villena.salesianos.edu\/familiasalesiana\/wp-content\/uploads\/sites\/7\/2018\/11\/admas2.jpg","articleSection":["Admas","Familia Salesiana","Portada Noticias"],"inLanguage":"es","potentialAction":[{"@type":"CommentAction","name":"Comment","target":["https:\/\/villena.salesianos.edu\/familiasalesiana\/cada-hogar-una-escuela-una-escuela-de-vida-y-amor\/#respond"]}]},{"@type":"WebPage","@id":"https:\/\/villena.salesianos.edu\/familiasalesiana\/cada-hogar-una-escuela-una-escuela-de-vida-y-amor\/","url":"https:\/\/villena.salesianos.edu\/familiasalesiana\/cada-hogar-una-escuela-una-escuela-de-vida-y-amor\/","name":"\u201cCada hogar una escuela, una escuela de Vida y Amor \u201c - Familia Salesiana","isPartOf":{"@id":"https:\/\/villena.salesianos.edu\/familiasalesiana\/#website"},"primaryImageOfPage":{"@id":"https:\/\/villena.salesianos.edu\/familiasalesiana\/cada-hogar-una-escuela-una-escuela-de-vida-y-amor\/#primaryimage"},"image":{"@id":"https:\/\/villena.salesianos.edu\/familiasalesiana\/cada-hogar-una-escuela-una-escuela-de-vida-y-amor\/#primaryimage"},"thumbnailUrl":"https:\/\/villena.salesianos.edu\/familiasalesiana\/wp-content\/uploads\/sites\/7\/2018\/11\/admas2.jpg","datePublished":"2018-11-01T14:55:01+00:00","dateModified":"2018-11-01T14:57:35+00:00","author":{"@id":"https:\/\/villena.salesianos.edu\/familiasalesiana\/#\/schema\/person\/737fd46edc5ae7d6c9b94da26c0e9302"},"breadcrumb":{"@id":"https:\/\/villena.salesianos.edu\/familiasalesiana\/cada-hogar-una-escuela-una-escuela-de-vida-y-amor\/#breadcrumb"},"inLanguage":"es","potentialAction":[{"@type":"ReadAction","target":["https:\/\/villena.salesianos.edu\/familiasalesiana\/cada-hogar-una-escuela-una-escuela-de-vida-y-amor\/"]}]},{"@type":"ImageObject","inLanguage":"es","@id":"https:\/\/villena.salesianos.edu\/familiasalesiana\/cada-hogar-una-escuela-una-escuela-de-vida-y-amor\/#primaryimage","url":"https:\/\/villena.salesianos.edu\/familiasalesiana\/wp-content\/uploads\/sites\/7\/2018\/11\/admas2.jpg","contentUrl":"https:\/\/villena.salesianos.edu\/familiasalesiana\/wp-content\/uploads\/sites\/7\/2018\/11\/admas2.jpg","width":1600,"height":1200},{"@type":"BreadcrumbList","@id":"https:\/\/villena.salesianos.edu\/familiasalesiana\/cada-hogar-una-escuela-una-escuela-de-vida-y-amor\/#breadcrumb","itemListElement":[{"@type":"ListItem","position":1,"name":"Portada","item":"https:\/\/villena.salesianos.edu\/familiasalesiana\/"},{"@type":"ListItem","position":2,"name":"\u201cCada hogar una escuela, una escuela de Vida y Amor \u201c"}]},{"@type":"WebSite","@id":"https:\/\/villena.salesianos.edu\/familiasalesiana\/#website","url":"https:\/\/villena.salesianos.edu\/familiasalesiana\/","name":"Familia Salesiana","description":"P\u00e1gina oficial Salesianos Villena","potentialAction":[{"@type":"SearchAction","target":{"@type":"EntryPoint","urlTemplate":"https:\/\/villena.salesianos.edu\/familiasalesiana\/?s={search_term_string}"},"query-input":{"@type":"PropertyValueSpecification","valueRequired":true,"valueName":"search_term_string"}}],"inLanguage":"es"},{"@type":"Person","@id":"https:\/\/villena.salesianos.edu\/familiasalesiana\/#\/schema\/person\/737fd46edc5ae7d6c9b94da26c0e9302","name":"Gestor Web","image":{"@type":"ImageObject","inLanguage":"es","@id":"https:\/\/secure.gravatar.com\/avatar\/44469746e1b6443cd011d1759fdc3b9fdcdae4a08dc0ddd85247651cb065486d?s=96&d=mm&r=g","url":"https:\/\/secure.gravatar.com\/avatar\/44469746e1b6443cd011d1759fdc3b9fdcdae4a08dc0ddd85247651cb065486d?s=96&d=mm&r=g","contentUrl":"https:\/\/secure.gravatar.com\/avatar\/44469746e1b6443cd011d1759fdc3b9fdcdae4a08dc0ddd85247651cb065486d?s=96&d=mm&r=g","caption":"Gestor Web"}}]}},"_links":{"self":[{"href":"https:\/\/villena.salesianos.edu\/familiasalesiana\/wp-json\/wp\/v2\/posts\/3135","targetHints":{"allow":["GET"]}}],"collection":[{"href":"https:\/\/villena.salesianos.edu\/familiasalesiana\/wp-json\/wp\/v2\/posts"}],"about":[{"href":"https:\/\/villena.salesianos.edu\/familiasalesiana\/wp-json\/wp\/v2\/types\/post"}],"author":[{"embeddable":true,"href":"https:\/\/villena.salesianos.edu\/familiasalesiana\/wp-json\/wp\/v2\/users\/2"}],"replies":[{"embeddable":true,"href":"https:\/\/villena.salesianos.edu\/familiasalesiana\/wp-json\/wp\/v2\/comments?post=3135"}],"version-history":[{"count":2,"href":"https:\/\/villena.salesianos.edu\/familiasalesiana\/wp-json\/wp\/v2\/posts\/3135\/revisions"}],"predecessor-version":[{"id":3140,"href":"https:\/\/villena.salesianos.edu\/familiasalesiana\/wp-json\/wp\/v2\/posts\/3135\/revisions\/3140"}],"wp:featuredmedia":[{"embeddable":true,"href":"https:\/\/villena.salesianos.edu\/familiasalesiana\/wp-json\/wp\/v2\/media\/3136"}],"wp:attachment":[{"href":"https:\/\/villena.salesianos.edu\/familiasalesiana\/wp-json\/wp\/v2\/media?parent=3135"}],"wp:term":[{"taxonomy":"category","embeddable":true,"href":"https:\/\/villena.salesianos.edu\/familiasalesiana\/wp-json\/wp\/v2\/categories?post=3135"},{"taxonomy":"post_tag","embeddable":true,"href":"https:\/\/villena.salesianos.edu\/familiasalesiana\/wp-json\/wp\/v2\/tags?post=3135"}],"curies":[{"name":"wp","href":"https:\/\/api.w.org\/{rel}","templated":true}]}}