{"id":3145,"date":"2018-12-05T10:29:06","date_gmt":"2018-12-05T09:29:06","guid":{"rendered":"https:\/\/villena.salesianos.edu\/familiasalesiana\/conociendo-a-agueda-y-rafael-matrimonio-y-aspirantes-a-salesianos-cooperadores\/"},"modified":"2018-12-05T10:29:06","modified_gmt":"2018-12-05T09:29:06","slug":"conociendo-a-agueda-y-rafael-matrimonio-y-aspirantes-a-salesianos-cooperadores","status":"publish","type":"post","link":"https:\/\/villena.salesianos.edu\/familiasalesiana\/conociendo-a-agueda-y-rafael-matrimonio-y-aspirantes-a-salesianos-cooperadores\/","title":{"rendered":"Conociendo a \u00c1gueda y Rafael, matrimonio y aspirantes a salesianos cooperadores"},"content":{"rendered":"<p>[et_pb_section bb_built=\u00bb1&#8243; admin_label=\u00bbsection\u00bb][et_pb_row admin_label=\u00bbrow\u00bb background_position=\u00bbtop_left\u00bb background_repeat=\u00bbrepeat\u00bb background_size=\u00bbinitial\u00bb][et_pb_column type=\u00bb4_4&#8243;][et_pb_text admin_label=\u00bbAutor (Texto)\u00bb _builder_version=\u00bb3.0.92&#8243; background_layout=\u00bblight\u00bb text_font=\u00bb||on||\u00bb border_style=\u00bbsolid\u00bb]<\/p>\n<p><em>Por\u00a0Jorge Juan Reyes (Cooperadores Inspector\u00eda SMX)<\/em><\/p>\n<p>[\/et_pb_text][et_pb_text admin_label=\u00bbEntradilla (Texto)\u00bb _builder_version=\u00bb3.0.92&#8243; background_layout=\u00bblight\u00bb text_orientation=\u00bbjustified\u00bb text_font=\u00bb|on|||\u00bb border_style=\u00bbsolid\u00bb]<\/p>\n<p><strong>Entrevista a una de nuestras queridas familias implicadas en muchos de los ambientes de nuestra casa: colegio, catequesis, centro juvenil, PAE \u00c1ngel Tom\u00e1s, Cooperadores, ADMAS y Antiguos Alumnos. En fin, una familia salesiana que nos explican en la <a href=\"https:\/\/inspectoria.salesianos.edu\/revistasmx\/\">REVISTA SMX Comunidad inspectorial, n\u00ba 42<\/a> sus experiencia en la vida.<\/strong><\/p>\n<p>[\/et_pb_text][et_pb_text admin_label=\u00bbDesarrollo (Texto)\u00bb _builder_version=\u00bb3.0.92&#8243; background_layout=\u00bblight\u00bb text_orientation=\u00bbjustified\u00bb border_style=\u00bbsolid\u00bb]<\/p>\n<p><em>Los centros juveniles salesianos son espacios en los que los j\u00f3venes conviven, realizan actividades educativas, celebran la fe, y se convierten en protagonistas de su propio camino educativo. Rafa y \u00c1gueda as\u00ed lo vivieron hace algo m\u00e1s de 30 a\u00f1os en el centro juvenil de la Casa de Villena. All\u00ed participaron como j\u00f3venes inquietos, all\u00ed se conocieron, y all\u00ed comenzaron una relaci\u00f3n de amistad tan profunda que acab\u00f3 en matrimonio, en marzo de 1987. Desde entonces, sus vidas han quedado vinculadas a la familia salesiana.\u00a0<\/em><em>Rafa, funcionario, y \u00c1gueda, administrativa, han respondido con generosidad a la vocaci\u00f3n matrimonial. Hoy tienen dos hijos: Javi, de 30 a\u00f1os, y Rafa, de 26 a\u00f1os, antiguos alumnos y miembros del MJS. A Rafa y a \u00c1gueda les gusta leer, viajar, hacer deporte, montar belenes, disfrutar con la familia, y servir como voluntarios atendiendo a j\u00f3venes en situaci\u00f3n de exclusi\u00f3n social, en la Fundaci\u00f3n \u00c1ngel Tom\u00e1s.<\/em><\/p>\n<p><strong>VyS: \u00bfC\u00f3mo surge vuestra relaci\u00f3n?<\/strong><\/p>\n<p><strong>A y R:\u00a0<\/strong>Nos conocimos en octavo de EGB, siendo destinatarios del Centro Juvenil Don Bosco de Villena. Form\u00e1bamos parte de un grupo de amigos y amigas que participaba de las actividades formativas y l\u00fadicas de los fines de semana. Luego surgi\u00f3 la chispa, el noviazgo y la boda en la Iglesia de los Salesianos\u2026. formando una familia junto al Colegio, pues tenemos el gozo de ver la imagen de Maria Auxiliadora desde las ventanas de nuestra casa.<\/p>\n<p><strong>VyS: \u00bfC\u00f3mo descubristeis el carisma salesiano? \u00bfQu\u00e9 ha\u00a0 aportado \u00e9ste a cada una de vuestras personas?<\/strong><\/p>\n<p><strong>A y R:\u00a0<\/strong>En la juventud fuimos monitores del Centro Juvenil. Nuestros dos hijos estudiaron en el Colegio Salesiano. Rafa fue presidente del AMPA. Nuestros hijos han sido monitores del Centro Juvenil y el mayor su Presidente varios a\u00f1os. La implicaci\u00f3n en el ambiente salesiano junto con la fortuna de conocer a sacerdotes que nos inculcaron su carisma, nos transmiti\u00f3 la gracia que intentamos sirva de gu\u00eda en nuestra vida. Nos aporta fe, esperanza y fuerza para vivir con alegr\u00eda cristiana y sobreponernos a las dificultades.<\/p>\n<p><strong>VyS: \u00bfC\u00f3mo descubristeis que Dios os llamaba a formar una familia?<\/strong><\/p>\n<p><strong>A y R:\u00a0<\/strong>Somos los hijos mayores de nuestras respectivas familias. Nuestra relaci\u00f3n familiar es intensa y enriquecedora. Desde que nos casamos ten\u00edamos claro que quer\u00edamos formar una familia para que el espacio de amor fuera m\u00e1s grande, m\u00e1s intenso. Sin duda, tener hijos es una gracia de Dios y, en nuestro caso, es lo m\u00e1s transcendente. Son nuestro legado y nos gustar\u00eda que pudieran dar testimonio de todo lo que intentamos trasmitirles.<\/p>\n<p><strong>VyS: La vocaci\u00f3n es un don, y necesita discernimiento. Os encontr\u00e1is en un grupo de aspirantes a cooperadores, \u00bfqu\u00e9 hac\u00e9is en \u00e9l?<\/strong><\/p>\n<p><strong>A y R:\u00a0<\/strong>Llevamos varios a\u00f1os reuni\u00e9ndonos para formarnos y dar consistencia a nuestra fe. Necesit\u00e1bamos destinar tiempo a \u201cser\u201d, sin olvidar el \u201chacer\u201d. Nos enriquece como cristianos comentar, debatir y aprender aspectos de la espiritualidad salesiana con los otros miembros del grupo, de la mano de nuestro formador. Finalmente hemos decidido hacer la promesa y ahora estamos preparando los textos y el compromiso que cada uno de los aspirantes queremos alcanzar. Es un paso importante que requiere de un tiempo de reflexi\u00f3n.<\/p>\n<p><strong>VyS: \u00bfQu\u00e9 le dir\u00edais a un chico o una chica que estuviera discerniendo su vocaci\u00f3n?<\/strong><\/p>\n<p><strong>A y R<\/strong>: Que busque en su interior si quiere ser feliz siguiendo el mensaje de salvaci\u00f3n de Dios. Que sea valiente para ir contracorriente. Que Dios es amor y su mensaje es imprescindible propagarlo al amigo, al vecino, al familiar, al compa\u00f1ero\u2026 de manera sencilla y sincera, en las peque\u00f1as cosas del d\u00eda a d\u00eda. Y que si lo hace en un ambiente salesiano podr\u00e1 sumar a su gozo la alegr\u00eda de estar rodeado de los j\u00f3venes y de un carisma que ayuda para vivir la vida en plenitud y paz interior.<\/p>\n<p>[\/et_pb_text][et_pb_text admin_label=\u00bbT\u00edtulo: Galer\u00eda de fotos (Texto)\u00bb _builder_version=\u00bb3.0.51&#8243; background_layout=\u00bblight\u00bb text_orientation=\u00bbleft\u00bb text_font=\u00bb|on|||\u00bb text_text_color=\u00bb#dc001b\u00bb border_style=\u00bbsolid\u00bb disabled=\u00bbon\u00bb disabled_on=\u00bbon|on|on\u00bb]<\/p>\n<p>Galer\u00eda de im\u00e1genes<\/p>\n<p>[\/et_pb_text][et_pb_gallery _builder_version=\u00bb3.0.51&#8243; posts_number=\u00bb8&#8243; show_title_and_caption=\u00bboff\u00bb show_pagination=\u00bbon\u00bb fullwidth=\u00bboff\u00bb orientation=\u00bblandscape\u00bb zoom_icon_color=\u00bb#dc001b\u00bb hover_overlay_color=\u00bbrgba(255,255,255,0.9)\u00bb hover_icon=\u00bb%%51%%\u00bb background_layout=\u00bblight\u00bb border_style=\u00bbsolid\u00bb auto=\u00bboff\u00bb disabled=\u00bbon\u00bb disabled_on=\u00bbon|on|on\u00bb \/][et_pb_video _builder_version=\u00bb3.0.51&#8243; disabled=\u00bbon\u00bb disabled_on=\u00bbon|on|on\u00bb \/][\/et_pb_column][\/et_pb_row][\/et_pb_section]<\/p>\n","protected":false},"excerpt":{"rendered":"<p>Por\u00a0Jorge Juan Reyes (Cooperadores Inspector\u00eda SMX) Entrevista a una de nuestras queridas familias implicadas en muchos de los ambientes de nuestra casa: colegio, catequesis, centro juvenil, PAE \u00c1ngel Tom\u00e1s, Cooperadores, ADMAS y Antiguos Alumnos. En fin, una familia salesiana que nos explican en la REVISTA SMX Comunidad inspectorial, n\u00ba 42 sus experiencia en la vida. [&hellip;]<\/p>\n","protected":false},"author":2,"featured_media":3146,"comment_status":"open","ping_status":"open","sticky":false,"template":"","format":"standard","meta":{"_et_pb_use_builder":"on","_et_pb_old_content":"","_et_gb_content_width":"","footnotes":""},"categories":[31,28,40],"tags":[],"class_list":["post-3145","post","type-post","status-publish","format-standard","has-post-thumbnail","hentry","category-cooperadores","category-familiasalesiana","category-plataformassociales"],"yoast_head":"<!-- This site is optimized with the Yoast SEO plugin v28.3 - https:\/\/yoast.com\/product\/yoast-seo-wordpress\/ -->\n<title>Conociendo a \u00c1gueda y Rafael, matrimonio y aspirantes a salesianos cooperadores - Familia Salesiana<\/title>\n<meta name=\"robots\" content=\"index, follow, max-snippet:-1, max-image-preview:large, max-video-preview:-1\" \/>\n<link rel=\"canonical\" href=\"https:\/\/villena.salesianos.edu\/familiasalesiana\/conociendo-a-agueda-y-rafael-matrimonio-y-aspirantes-a-salesianos-cooperadores\/\" \/>\n<meta property=\"og:locale\" content=\"es_ES\" \/>\n<meta property=\"og:type\" content=\"article\" \/>\n<meta property=\"og:title\" content=\"Conociendo a \u00c1gueda y Rafael, matrimonio y aspirantes a salesianos cooperadores - Familia Salesiana\" \/>\n<meta property=\"og:description\" content=\"Por\u00a0Jorge Juan Reyes (Cooperadores Inspector\u00eda SMX) Entrevista a una de nuestras queridas familias implicadas en muchos de los ambientes de nuestra casa: colegio, catequesis, centro juvenil, PAE \u00c1ngel Tom\u00e1s, Cooperadores, ADMAS y Antiguos Alumnos. En fin, una familia salesiana que nos explican en la REVISTA SMX Comunidad inspectorial, n\u00ba 42 sus experiencia en la vida. [&hellip;]\" \/>\n<meta property=\"og:url\" content=\"https:\/\/villena.salesianos.edu\/familiasalesiana\/conociendo-a-agueda-y-rafael-matrimonio-y-aspirantes-a-salesianos-cooperadores\/\" \/>\n<meta property=\"og:site_name\" content=\"Familia Salesiana\" \/>\n<meta property=\"article:published_time\" content=\"2018-12-05T09:29:06+00:00\" \/>\n<meta property=\"og:image\" content=\"https:\/\/villena.salesianos.edu\/familiasalesiana\/wp-content\/uploads\/sites\/7\/2018\/12\/RafayAguedaSMX.png\" \/>\n\t<meta property=\"og:image:width\" content=\"697\" \/>\n\t<meta property=\"og:image:height\" content=\"477\" \/>\n\t<meta property=\"og:image:type\" content=\"image\/png\" \/>\n<meta name=\"author\" content=\"Gestor Web\" \/>\n<meta name=\"twitter:card\" content=\"summary_large_image\" \/>\n<meta name=\"twitter:label1\" content=\"Escrito por\" \/>\n\t<meta name=\"twitter:data1\" content=\"Gestor Web\" \/>\n\t<meta name=\"twitter:label2\" content=\"Tiempo de lectura\" \/>\n\t<meta name=\"twitter:data2\" content=\"5 minutos\" \/>\n<script type=\"application\/ld+json\" class=\"yoast-schema-graph\">{\"@context\":\"https:\\\/\\\/schema.org\",\"@graph\":[{\"@type\":\"Article\",\"@id\":\"https:\\\/\\\/villena.salesianos.edu\\\/familiasalesiana\\\/conociendo-a-agueda-y-rafael-matrimonio-y-aspirantes-a-salesianos-cooperadores\\\/#article\",\"isPartOf\":{\"@id\":\"https:\\\/\\\/villena.salesianos.edu\\\/familiasalesiana\\\/conociendo-a-agueda-y-rafael-matrimonio-y-aspirantes-a-salesianos-cooperadores\\\/\"},\"author\":{\"name\":\"Gestor Web\",\"@id\":\"https:\\\/\\\/villena.salesianos.edu\\\/familiasalesiana\\\/#\\\/schema\\\/person\\\/737fd46edc5ae7d6c9b94da26c0e9302\"},\"headline\":\"Conociendo a \u00c1gueda y Rafael, matrimonio y aspirantes a salesianos cooperadores\",\"datePublished\":\"2018-12-05T09:29:06+00:00\",\"mainEntityOfPage\":{\"@id\":\"https:\\\/\\\/villena.salesianos.edu\\\/familiasalesiana\\\/conociendo-a-agueda-y-rafael-matrimonio-y-aspirantes-a-salesianos-cooperadores\\\/\"},\"wordCount\":949,\"commentCount\":0,\"image\":{\"@id\":\"https:\\\/\\\/villena.salesianos.edu\\\/familiasalesiana\\\/conociendo-a-agueda-y-rafael-matrimonio-y-aspirantes-a-salesianos-cooperadores\\\/#primaryimage\"},\"thumbnailUrl\":\"https:\\\/\\\/villena.salesianos.edu\\\/familiasalesiana\\\/wp-content\\\/uploads\\\/sites\\\/7\\\/2018\\\/12\\\/RafayAguedaSMX.png\",\"articleSection\":[\"Cooperadores\",\"Familia Salesiana\",\"Plataformas Sociales\"],\"inLanguage\":\"es\",\"potentialAction\":[{\"@type\":\"CommentAction\",\"name\":\"Comment\",\"target\":[\"https:\\\/\\\/villena.salesianos.edu\\\/familiasalesiana\\\/conociendo-a-agueda-y-rafael-matrimonio-y-aspirantes-a-salesianos-cooperadores\\\/#respond\"]}]},{\"@type\":\"WebPage\",\"@id\":\"https:\\\/\\\/villena.salesianos.edu\\\/familiasalesiana\\\/conociendo-a-agueda-y-rafael-matrimonio-y-aspirantes-a-salesianos-cooperadores\\\/\",\"url\":\"https:\\\/\\\/villena.salesianos.edu\\\/familiasalesiana\\\/conociendo-a-agueda-y-rafael-matrimonio-y-aspirantes-a-salesianos-cooperadores\\\/\",\"name\":\"Conociendo a \u00c1gueda y Rafael, matrimonio y aspirantes a salesianos cooperadores - Familia Salesiana\",\"isPartOf\":{\"@id\":\"https:\\\/\\\/villena.salesianos.edu\\\/familiasalesiana\\\/#website\"},\"primaryImageOfPage\":{\"@id\":\"https:\\\/\\\/villena.salesianos.edu\\\/familiasalesiana\\\/conociendo-a-agueda-y-rafael-matrimonio-y-aspirantes-a-salesianos-cooperadores\\\/#primaryimage\"},\"image\":{\"@id\":\"https:\\\/\\\/villena.salesianos.edu\\\/familiasalesiana\\\/conociendo-a-agueda-y-rafael-matrimonio-y-aspirantes-a-salesianos-cooperadores\\\/#primaryimage\"},\"thumbnailUrl\":\"https:\\\/\\\/villena.salesianos.edu\\\/familiasalesiana\\\/wp-content\\\/uploads\\\/sites\\\/7\\\/2018\\\/12\\\/RafayAguedaSMX.png\",\"datePublished\":\"2018-12-05T09:29:06+00:00\",\"author\":{\"@id\":\"https:\\\/\\\/villena.salesianos.edu\\\/familiasalesiana\\\/#\\\/schema\\\/person\\\/737fd46edc5ae7d6c9b94da26c0e9302\"},\"breadcrumb\":{\"@id\":\"https:\\\/\\\/villena.salesianos.edu\\\/familiasalesiana\\\/conociendo-a-agueda-y-rafael-matrimonio-y-aspirantes-a-salesianos-cooperadores\\\/#breadcrumb\"},\"inLanguage\":\"es\",\"potentialAction\":[{\"@type\":\"ReadAction\",\"target\":[\"https:\\\/\\\/villena.salesianos.edu\\\/familiasalesiana\\\/conociendo-a-agueda-y-rafael-matrimonio-y-aspirantes-a-salesianos-cooperadores\\\/\"]}]},{\"@type\":\"ImageObject\",\"inLanguage\":\"es\",\"@id\":\"https:\\\/\\\/villena.salesianos.edu\\\/familiasalesiana\\\/conociendo-a-agueda-y-rafael-matrimonio-y-aspirantes-a-salesianos-cooperadores\\\/#primaryimage\",\"url\":\"https:\\\/\\\/villena.salesianos.edu\\\/familiasalesiana\\\/wp-content\\\/uploads\\\/sites\\\/7\\\/2018\\\/12\\\/RafayAguedaSMX.png\",\"contentUrl\":\"https:\\\/\\\/villena.salesianos.edu\\\/familiasalesiana\\\/wp-content\\\/uploads\\\/sites\\\/7\\\/2018\\\/12\\\/RafayAguedaSMX.png\",\"width\":697,\"height\":477},{\"@type\":\"BreadcrumbList\",\"@id\":\"https:\\\/\\\/villena.salesianos.edu\\\/familiasalesiana\\\/conociendo-a-agueda-y-rafael-matrimonio-y-aspirantes-a-salesianos-cooperadores\\\/#breadcrumb\",\"itemListElement\":[{\"@type\":\"ListItem\",\"position\":1,\"name\":\"Portada\",\"item\":\"https:\\\/\\\/villena.salesianos.edu\\\/familiasalesiana\\\/\"},{\"@type\":\"ListItem\",\"position\":2,\"name\":\"Conociendo a \u00c1gueda y Rafael, matrimonio y aspirantes a salesianos cooperadores\"}]},{\"@type\":\"WebSite\",\"@id\":\"https:\\\/\\\/villena.salesianos.edu\\\/familiasalesiana\\\/#website\",\"url\":\"https:\\\/\\\/villena.salesianos.edu\\\/familiasalesiana\\\/\",\"name\":\"Familia Salesiana\",\"description\":\"P\u00e1gina oficial Salesianos Villena\",\"potentialAction\":[{\"@type\":\"SearchAction\",\"target\":{\"@type\":\"EntryPoint\",\"urlTemplate\":\"https:\\\/\\\/villena.salesianos.edu\\\/familiasalesiana\\\/?s={search_term_string}\"},\"query-input\":{\"@type\":\"PropertyValueSpecification\",\"valueRequired\":true,\"valueName\":\"search_term_string\"}}],\"inLanguage\":\"es\"},{\"@type\":\"Person\",\"@id\":\"https:\\\/\\\/villena.salesianos.edu\\\/familiasalesiana\\\/#\\\/schema\\\/person\\\/737fd46edc5ae7d6c9b94da26c0e9302\",\"name\":\"Gestor Web\",\"image\":{\"@type\":\"ImageObject\",\"inLanguage\":\"es\",\"@id\":\"https:\\\/\\\/secure.gravatar.com\\\/avatar\\\/44469746e1b6443cd011d1759fdc3b9fdcdae4a08dc0ddd85247651cb065486d?s=96&d=mm&r=g\",\"url\":\"https:\\\/\\\/secure.gravatar.com\\\/avatar\\\/44469746e1b6443cd011d1759fdc3b9fdcdae4a08dc0ddd85247651cb065486d?s=96&d=mm&r=g\",\"contentUrl\":\"https:\\\/\\\/secure.gravatar.com\\\/avatar\\\/44469746e1b6443cd011d1759fdc3b9fdcdae4a08dc0ddd85247651cb065486d?s=96&d=mm&r=g\",\"caption\":\"Gestor Web\"}}]}<\/script>\n<!-- \/ Yoast SEO plugin. -->","yoast_head_json":{"title":"Conociendo a \u00c1gueda y Rafael, matrimonio y aspirantes a salesianos cooperadores - Familia Salesiana","robots":{"index":"index","follow":"follow","max-snippet":"max-snippet:-1","max-image-preview":"max-image-preview:large","max-video-preview":"max-video-preview:-1"},"canonical":"https:\/\/villena.salesianos.edu\/familiasalesiana\/conociendo-a-agueda-y-rafael-matrimonio-y-aspirantes-a-salesianos-cooperadores\/","og_locale":"es_ES","og_type":"article","og_title":"Conociendo a \u00c1gueda y Rafael, matrimonio y aspirantes a salesianos cooperadores - Familia Salesiana","og_description":"Por\u00a0Jorge Juan Reyes (Cooperadores Inspector\u00eda SMX) Entrevista a una de nuestras queridas familias implicadas en muchos de los ambientes de nuestra casa: colegio, catequesis, centro juvenil, PAE \u00c1ngel Tom\u00e1s, Cooperadores, ADMAS y Antiguos Alumnos. En fin, una familia salesiana que nos explican en la REVISTA SMX Comunidad inspectorial, n\u00ba 42 sus experiencia en la vida. [&hellip;]","og_url":"https:\/\/villena.salesianos.edu\/familiasalesiana\/conociendo-a-agueda-y-rafael-matrimonio-y-aspirantes-a-salesianos-cooperadores\/","og_site_name":"Familia Salesiana","article_published_time":"2018-12-05T09:29:06+00:00","og_image":[{"width":697,"height":477,"url":"https:\/\/villena.salesianos.edu\/familiasalesiana\/wp-content\/uploads\/sites\/7\/2018\/12\/RafayAguedaSMX.png","type":"image\/png"}],"author":"Gestor Web","twitter_card":"summary_large_image","twitter_misc":{"Escrito por":"Gestor Web","Tiempo de lectura":"5 minutos"},"schema":{"@context":"https:\/\/schema.org","@graph":[{"@type":"Article","@id":"https:\/\/villena.salesianos.edu\/familiasalesiana\/conociendo-a-agueda-y-rafael-matrimonio-y-aspirantes-a-salesianos-cooperadores\/#article","isPartOf":{"@id":"https:\/\/villena.salesianos.edu\/familiasalesiana\/conociendo-a-agueda-y-rafael-matrimonio-y-aspirantes-a-salesianos-cooperadores\/"},"author":{"name":"Gestor Web","@id":"https:\/\/villena.salesianos.edu\/familiasalesiana\/#\/schema\/person\/737fd46edc5ae7d6c9b94da26c0e9302"},"headline":"Conociendo a \u00c1gueda y Rafael, matrimonio y aspirantes a salesianos cooperadores","datePublished":"2018-12-05T09:29:06+00:00","mainEntityOfPage":{"@id":"https:\/\/villena.salesianos.edu\/familiasalesiana\/conociendo-a-agueda-y-rafael-matrimonio-y-aspirantes-a-salesianos-cooperadores\/"},"wordCount":949,"commentCount":0,"image":{"@id":"https:\/\/villena.salesianos.edu\/familiasalesiana\/conociendo-a-agueda-y-rafael-matrimonio-y-aspirantes-a-salesianos-cooperadores\/#primaryimage"},"thumbnailUrl":"https:\/\/villena.salesianos.edu\/familiasalesiana\/wp-content\/uploads\/sites\/7\/2018\/12\/RafayAguedaSMX.png","articleSection":["Cooperadores","Familia Salesiana","Plataformas Sociales"],"inLanguage":"es","potentialAction":[{"@type":"CommentAction","name":"Comment","target":["https:\/\/villena.salesianos.edu\/familiasalesiana\/conociendo-a-agueda-y-rafael-matrimonio-y-aspirantes-a-salesianos-cooperadores\/#respond"]}]},{"@type":"WebPage","@id":"https:\/\/villena.salesianos.edu\/familiasalesiana\/conociendo-a-agueda-y-rafael-matrimonio-y-aspirantes-a-salesianos-cooperadores\/","url":"https:\/\/villena.salesianos.edu\/familiasalesiana\/conociendo-a-agueda-y-rafael-matrimonio-y-aspirantes-a-salesianos-cooperadores\/","name":"Conociendo a \u00c1gueda y Rafael, matrimonio y aspirantes a salesianos cooperadores - Familia Salesiana","isPartOf":{"@id":"https:\/\/villena.salesianos.edu\/familiasalesiana\/#website"},"primaryImageOfPage":{"@id":"https:\/\/villena.salesianos.edu\/familiasalesiana\/conociendo-a-agueda-y-rafael-matrimonio-y-aspirantes-a-salesianos-cooperadores\/#primaryimage"},"image":{"@id":"https:\/\/villena.salesianos.edu\/familiasalesiana\/conociendo-a-agueda-y-rafael-matrimonio-y-aspirantes-a-salesianos-cooperadores\/#primaryimage"},"thumbnailUrl":"https:\/\/villena.salesianos.edu\/familiasalesiana\/wp-content\/uploads\/sites\/7\/2018\/12\/RafayAguedaSMX.png","datePublished":"2018-12-05T09:29:06+00:00","author":{"@id":"https:\/\/villena.salesianos.edu\/familiasalesiana\/#\/schema\/person\/737fd46edc5ae7d6c9b94da26c0e9302"},"breadcrumb":{"@id":"https:\/\/villena.salesianos.edu\/familiasalesiana\/conociendo-a-agueda-y-rafael-matrimonio-y-aspirantes-a-salesianos-cooperadores\/#breadcrumb"},"inLanguage":"es","potentialAction":[{"@type":"ReadAction","target":["https:\/\/villena.salesianos.edu\/familiasalesiana\/conociendo-a-agueda-y-rafael-matrimonio-y-aspirantes-a-salesianos-cooperadores\/"]}]},{"@type":"ImageObject","inLanguage":"es","@id":"https:\/\/villena.salesianos.edu\/familiasalesiana\/conociendo-a-agueda-y-rafael-matrimonio-y-aspirantes-a-salesianos-cooperadores\/#primaryimage","url":"https:\/\/villena.salesianos.edu\/familiasalesiana\/wp-content\/uploads\/sites\/7\/2018\/12\/RafayAguedaSMX.png","contentUrl":"https:\/\/villena.salesianos.edu\/familiasalesiana\/wp-content\/uploads\/sites\/7\/2018\/12\/RafayAguedaSMX.png","width":697,"height":477},{"@type":"BreadcrumbList","@id":"https:\/\/villena.salesianos.edu\/familiasalesiana\/conociendo-a-agueda-y-rafael-matrimonio-y-aspirantes-a-salesianos-cooperadores\/#breadcrumb","itemListElement":[{"@type":"ListItem","position":1,"name":"Portada","item":"https:\/\/villena.salesianos.edu\/familiasalesiana\/"},{"@type":"ListItem","position":2,"name":"Conociendo a \u00c1gueda y Rafael, matrimonio y aspirantes a salesianos cooperadores"}]},{"@type":"WebSite","@id":"https:\/\/villena.salesianos.edu\/familiasalesiana\/#website","url":"https:\/\/villena.salesianos.edu\/familiasalesiana\/","name":"Familia Salesiana","description":"P\u00e1gina oficial Salesianos Villena","potentialAction":[{"@type":"SearchAction","target":{"@type":"EntryPoint","urlTemplate":"https:\/\/villena.salesianos.edu\/familiasalesiana\/?s={search_term_string}"},"query-input":{"@type":"PropertyValueSpecification","valueRequired":true,"valueName":"search_term_string"}}],"inLanguage":"es"},{"@type":"Person","@id":"https:\/\/villena.salesianos.edu\/familiasalesiana\/#\/schema\/person\/737fd46edc5ae7d6c9b94da26c0e9302","name":"Gestor Web","image":{"@type":"ImageObject","inLanguage":"es","@id":"https:\/\/secure.gravatar.com\/avatar\/44469746e1b6443cd011d1759fdc3b9fdcdae4a08dc0ddd85247651cb065486d?s=96&d=mm&r=g","url":"https:\/\/secure.gravatar.com\/avatar\/44469746e1b6443cd011d1759fdc3b9fdcdae4a08dc0ddd85247651cb065486d?s=96&d=mm&r=g","contentUrl":"https:\/\/secure.gravatar.com\/avatar\/44469746e1b6443cd011d1759fdc3b9fdcdae4a08dc0ddd85247651cb065486d?s=96&d=mm&r=g","caption":"Gestor Web"}}]}},"_links":{"self":[{"href":"https:\/\/villena.salesianos.edu\/familiasalesiana\/wp-json\/wp\/v2\/posts\/3145","targetHints":{"allow":["GET"]}}],"collection":[{"href":"https:\/\/villena.salesianos.edu\/familiasalesiana\/wp-json\/wp\/v2\/posts"}],"about":[{"href":"https:\/\/villena.salesianos.edu\/familiasalesiana\/wp-json\/wp\/v2\/types\/post"}],"author":[{"embeddable":true,"href":"https:\/\/villena.salesianos.edu\/familiasalesiana\/wp-json\/wp\/v2\/users\/2"}],"replies":[{"embeddable":true,"href":"https:\/\/villena.salesianos.edu\/familiasalesiana\/wp-json\/wp\/v2\/comments?post=3145"}],"version-history":[{"count":0,"href":"https:\/\/villena.salesianos.edu\/familiasalesiana\/wp-json\/wp\/v2\/posts\/3145\/revisions"}],"wp:featuredmedia":[{"embeddable":true,"href":"https:\/\/villena.salesianos.edu\/familiasalesiana\/wp-json\/wp\/v2\/media\/3146"}],"wp:attachment":[{"href":"https:\/\/villena.salesianos.edu\/familiasalesiana\/wp-json\/wp\/v2\/media?parent=3145"}],"wp:term":[{"taxonomy":"category","embeddable":true,"href":"https:\/\/villena.salesianos.edu\/familiasalesiana\/wp-json\/wp\/v2\/categories?post=3145"},{"taxonomy":"post_tag","embeddable":true,"href":"https:\/\/villena.salesianos.edu\/familiasalesiana\/wp-json\/wp\/v2\/tags?post=3145"}],"curies":[{"name":"wp","href":"https:\/\/api.w.org\/{rel}","templated":true}]}}