{"id":3165,"date":"2019-02-19T16:07:01","date_gmt":"2019-02-19T15:07:01","guid":{"rendered":"https:\/\/villena.salesianos.edu\/familiasalesiana\/centenario-de-la-presencia-de-maria-auxiliadora-en-nuestra-casa\/"},"modified":"2019-02-19T16:07:02","modified_gmt":"2019-02-19T15:07:02","slug":"centenario-de-la-presencia-de-maria-auxiliadora-en-nuestra-casa","status":"publish","type":"post","link":"https:\/\/villena.salesianos.edu\/familiasalesiana\/centenario-de-la-presencia-de-maria-auxiliadora-en-nuestra-casa\/","title":{"rendered":"Centenario de la presencia de Mar\u00eda Auxiliadora en nuestra casa"},"content":{"rendered":"<p>[et_pb_section bb_built=\u00bb1&#8243; admin_label=\u00bbsection\u00bb][et_pb_row admin_label=\u00bbrow\u00bb background_position=\u00bbtop_left\u00bb background_repeat=\u00bbrepeat\u00bb background_size=\u00bbinitial\u00bb][et_pb_column type=\u00bb4_4&#8243;][et_pb_text admin_label=\u00bbEntradilla (Texto)\u00bb _builder_version=\u00bb3.18.7&#8243; text_orientation=\u00bbjustified\u00bb text_font=\u00bb|on|||\u00bb]<\/p>\n<p><strong>Comienzan los actos organizados por la Asociaci\u00f3n de Mar\u00eda Auxiliadora \u00abADMA\u00bb con motivo de los 100 a\u00f1os de nuestra Virgen Mar\u00eda Auxiliadora en Villena.<\/strong><\/p>\n<p>[\/et_pb_text][et_pb_text admin_label=\u00bbAutor (Texto)\u00bb _builder_version=\u00bb3.18.7&#8243; text_font=\u00bb||on||\u00bb]<\/p>\n<p><em>Por ADMA<\/em><\/p>\n<p>[\/et_pb_text][et_pb_text admin_label=\u00bbDesarrollo (Texto)\u00bb _builder_version=\u00bb3.18.7&#8243; text_orientation=\u00bbjustified\u00bb]<\/p>\n<p>El pr\u00f3ximo s\u00e1bado 23 de Febrero a partir de las 19,30 horas, en la<a href=\"http:\/\/villena.salesianos.edu\/iglesia\"><strong> Iglesia de Mar\u00eda Auxiliadora<\/strong><\/a>, tendr\u00e1 lugar el inicio del centenario que celebraremos en toda la casa con motivo de la Presencia de Nuestra Madre Auxiliadora en Villena.<\/p>\n<p>Nuestra querida <a href=\"https:\/\/villena.salesianos.edu\/familiasalesiana\/admas\/\"><strong>Asociaci\u00f3n de Mar\u00eda Auxiliadora \u00abADMA\u00bb<\/strong> <\/a>organizar\u00e1 una serie de actos durante el a\u00f1o para conmemorar este hecho tan iimportante para toda nuestra casa salesiana en Villena. Por ello, os invitamos y animamos a que particip\u00e9is de este momento tan especial.<\/p>\n<p>\u00a0<\/p>\n<p>\u00a0<\/p>\n<p>[\/et_pb_text][et_pb_text admin_label=\u00bbT\u00edtulo: Galer\u00eda de fotos (Texto)\u00bb _builder_version=\u00bb3.0.51&#8243; background_layout=\u00bblight\u00bb text_orientation=\u00bbleft\u00bb text_font=\u00bb|on|||\u00bb text_text_color=\u00bb#dc001b\u00bb border_style=\u00bbsolid\u00bb disabled=\u00bbon\u00bb disabled_on=\u00bbon|on|on\u00bb]<\/p>\n<p>Galer\u00eda de im\u00e1genes<\/p>\n<p>[\/et_pb_text][et_pb_gallery _builder_version=\u00bb3.0.51&#8243; posts_number=\u00bb8&#8243; show_title_and_caption=\u00bboff\u00bb show_pagination=\u00bbon\u00bb fullwidth=\u00bboff\u00bb orientation=\u00bblandscape\u00bb zoom_icon_color=\u00bb#dc001b\u00bb hover_overlay_color=\u00bbrgba(255,255,255,0.9)\u00bb hover_icon=\u00bb%%51%%\u00bb background_layout=\u00bblight\u00bb border_style=\u00bbsolid\u00bb auto=\u00bboff\u00bb disabled=\u00bbon\u00bb disabled_on=\u00bbon|on|on\u00bb \/][et_pb_video _builder_version=\u00bb3.0.51&#8243; disabled=\u00bbon\u00bb disabled_on=\u00bbon|on|on\u00bb \/][\/et_pb_column][\/et_pb_row][\/et_pb_section]<\/p>\n","protected":false},"excerpt":{"rendered":"<p>Comienzan los actos organizados por la Asociaci\u00f3n de Mar\u00eda Auxiliadora \u00abADMA\u00bb con motivo de los 100 a\u00f1os de nuestra Virgen Mar\u00eda Auxiliadora en Villena. Por ADMA El pr\u00f3ximo s\u00e1bado 23 de Febrero a partir de las 19,30 horas, en la Iglesia de Mar\u00eda Auxiliadora, tendr\u00e1 lugar el inicio del centenario que celebraremos en toda la [&hellip;]<\/p>\n","protected":false},"author":2,"featured_media":3166,"comment_status":"open","ping_status":"open","sticky":false,"template":"","format":"standard","meta":{"_et_pb_use_builder":"on","_et_pb_old_content":"","_et_gb_content_width":"","footnotes":""},"categories":[32,28,14],"tags":[],"class_list":["post-3165","post","type-post","status-publish","format-standard","has-post-thumbnail","hentry","category-admas","category-familiasalesiana","category-portadanoticias"],"yoast_head":"<!-- This site is optimized with the Yoast SEO plugin v28.3 - https:\/\/yoast.com\/product\/yoast-seo-wordpress\/ -->\n<title>Centenario de la presencia de Mar\u00eda Auxiliadora en nuestra casa - Familia Salesiana<\/title>\n<meta name=\"robots\" content=\"index, follow, max-snippet:-1, max-image-preview:large, max-video-preview:-1\" \/>\n<link rel=\"canonical\" href=\"https:\/\/villena.salesianos.edu\/familiasalesiana\/centenario-de-la-presencia-de-maria-auxiliadora-en-nuestra-casa\/\" \/>\n<meta property=\"og:locale\" content=\"es_ES\" \/>\n<meta property=\"og:type\" content=\"article\" \/>\n<meta property=\"og:title\" content=\"Centenario de la presencia de Mar\u00eda Auxiliadora en nuestra casa - Familia Salesiana\" \/>\n<meta property=\"og:description\" content=\"Comienzan los actos organizados por la Asociaci\u00f3n de Mar\u00eda Auxiliadora &quot;ADMA&quot; con motivo de los 100 a\u00f1os de nuestra Virgen Mar\u00eda Auxiliadora en Villena. Por ADMA El pr\u00f3ximo s\u00e1bado 23 de Febrero a partir de las 19,30 horas, en la Iglesia de Mar\u00eda Auxiliadora, tendr\u00e1 lugar el inicio del centenario que celebraremos en toda la [&hellip;]\" \/>\n<meta property=\"og:url\" content=\"https:\/\/villena.salesianos.edu\/familiasalesiana\/centenario-de-la-presencia-de-maria-auxiliadora-en-nuestra-casa\/\" \/>\n<meta property=\"og:site_name\" content=\"Familia Salesiana\" \/>\n<meta property=\"article:published_time\" content=\"2019-02-19T15:07:01+00:00\" \/>\n<meta property=\"article:modified_time\" content=\"2019-02-19T15:07:02+00:00\" \/>\n<meta property=\"og:image\" content=\"https:\/\/villena.salesianos.edu\/familiasalesiana\/wp-content\/uploads\/sites\/7\/2019\/02\/IMG-20190219-WA0003.jpg\" \/>\n\t<meta property=\"og:image:width\" content=\"1131\" \/>\n\t<meta property=\"og:image:height\" content=\"1600\" \/>\n\t<meta property=\"og:image:type\" content=\"image\/jpeg\" \/>\n<meta name=\"author\" content=\"Gestor Web\" \/>\n<meta name=\"twitter:card\" content=\"summary_large_image\" \/>\n<meta name=\"twitter:label1\" content=\"Escrito por\" \/>\n\t<meta name=\"twitter:data1\" content=\"Gestor Web\" \/>\n\t<meta name=\"twitter:label2\" content=\"Tiempo de lectura\" \/>\n\t<meta name=\"twitter:data2\" content=\"2 minutos\" \/>\n<script type=\"application\/ld+json\" class=\"yoast-schema-graph\">{\"@context\":\"https:\\\/\\\/schema.org\",\"@graph\":[{\"@type\":\"Article\",\"@id\":\"https:\\\/\\\/villena.salesianos.edu\\\/familiasalesiana\\\/centenario-de-la-presencia-de-maria-auxiliadora-en-nuestra-casa\\\/#article\",\"isPartOf\":{\"@id\":\"https:\\\/\\\/villena.salesianos.edu\\\/familiasalesiana\\\/centenario-de-la-presencia-de-maria-auxiliadora-en-nuestra-casa\\\/\"},\"author\":{\"name\":\"Gestor Web\",\"@id\":\"https:\\\/\\\/villena.salesianos.edu\\\/familiasalesiana\\\/#\\\/schema\\\/person\\\/737fd46edc5ae7d6c9b94da26c0e9302\"},\"headline\":\"Centenario de la presencia de Mar\u00eda Auxiliadora en nuestra casa\",\"datePublished\":\"2019-02-19T15:07:01+00:00\",\"dateModified\":\"2019-02-19T15:07:02+00:00\",\"mainEntityOfPage\":{\"@id\":\"https:\\\/\\\/villena.salesianos.edu\\\/familiasalesiana\\\/centenario-de-la-presencia-de-maria-auxiliadora-en-nuestra-casa\\\/\"},\"wordCount\":316,\"commentCount\":0,\"image\":{\"@id\":\"https:\\\/\\\/villena.salesianos.edu\\\/familiasalesiana\\\/centenario-de-la-presencia-de-maria-auxiliadora-en-nuestra-casa\\\/#primaryimage\"},\"thumbnailUrl\":\"https:\\\/\\\/villena.salesianos.edu\\\/familiasalesiana\\\/wp-content\\\/uploads\\\/sites\\\/7\\\/2019\\\/02\\\/IMG-20190219-WA0003.jpg\",\"articleSection\":[\"Admas\",\"Familia Salesiana\",\"Portada Noticias\"],\"inLanguage\":\"es\",\"potentialAction\":[{\"@type\":\"CommentAction\",\"name\":\"Comment\",\"target\":[\"https:\\\/\\\/villena.salesianos.edu\\\/familiasalesiana\\\/centenario-de-la-presencia-de-maria-auxiliadora-en-nuestra-casa\\\/#respond\"]}]},{\"@type\":\"WebPage\",\"@id\":\"https:\\\/\\\/villena.salesianos.edu\\\/familiasalesiana\\\/centenario-de-la-presencia-de-maria-auxiliadora-en-nuestra-casa\\\/\",\"url\":\"https:\\\/\\\/villena.salesianos.edu\\\/familiasalesiana\\\/centenario-de-la-presencia-de-maria-auxiliadora-en-nuestra-casa\\\/\",\"name\":\"Centenario de la presencia de Mar\u00eda Auxiliadora en nuestra casa - Familia Salesiana\",\"isPartOf\":{\"@id\":\"https:\\\/\\\/villena.salesianos.edu\\\/familiasalesiana\\\/#website\"},\"primaryImageOfPage\":{\"@id\":\"https:\\\/\\\/villena.salesianos.edu\\\/familiasalesiana\\\/centenario-de-la-presencia-de-maria-auxiliadora-en-nuestra-casa\\\/#primaryimage\"},\"image\":{\"@id\":\"https:\\\/\\\/villena.salesianos.edu\\\/familiasalesiana\\\/centenario-de-la-presencia-de-maria-auxiliadora-en-nuestra-casa\\\/#primaryimage\"},\"thumbnailUrl\":\"https:\\\/\\\/villena.salesianos.edu\\\/familiasalesiana\\\/wp-content\\\/uploads\\\/sites\\\/7\\\/2019\\\/02\\\/IMG-20190219-WA0003.jpg\",\"datePublished\":\"2019-02-19T15:07:01+00:00\",\"dateModified\":\"2019-02-19T15:07:02+00:00\",\"author\":{\"@id\":\"https:\\\/\\\/villena.salesianos.edu\\\/familiasalesiana\\\/#\\\/schema\\\/person\\\/737fd46edc5ae7d6c9b94da26c0e9302\"},\"breadcrumb\":{\"@id\":\"https:\\\/\\\/villena.salesianos.edu\\\/familiasalesiana\\\/centenario-de-la-presencia-de-maria-auxiliadora-en-nuestra-casa\\\/#breadcrumb\"},\"inLanguage\":\"es\",\"potentialAction\":[{\"@type\":\"ReadAction\",\"target\":[\"https:\\\/\\\/villena.salesianos.edu\\\/familiasalesiana\\\/centenario-de-la-presencia-de-maria-auxiliadora-en-nuestra-casa\\\/\"]}]},{\"@type\":\"ImageObject\",\"inLanguage\":\"es\",\"@id\":\"https:\\\/\\\/villena.salesianos.edu\\\/familiasalesiana\\\/centenario-de-la-presencia-de-maria-auxiliadora-en-nuestra-casa\\\/#primaryimage\",\"url\":\"https:\\\/\\\/villena.salesianos.edu\\\/familiasalesiana\\\/wp-content\\\/uploads\\\/sites\\\/7\\\/2019\\\/02\\\/IMG-20190219-WA0003.jpg\",\"contentUrl\":\"https:\\\/\\\/villena.salesianos.edu\\\/familiasalesiana\\\/wp-content\\\/uploads\\\/sites\\\/7\\\/2019\\\/02\\\/IMG-20190219-WA0003.jpg\",\"width\":1131,\"height\":1600},{\"@type\":\"BreadcrumbList\",\"@id\":\"https:\\\/\\\/villena.salesianos.edu\\\/familiasalesiana\\\/centenario-de-la-presencia-de-maria-auxiliadora-en-nuestra-casa\\\/#breadcrumb\",\"itemListElement\":[{\"@type\":\"ListItem\",\"position\":1,\"name\":\"Portada\",\"item\":\"https:\\\/\\\/villena.salesianos.edu\\\/familiasalesiana\\\/\"},{\"@type\":\"ListItem\",\"position\":2,\"name\":\"Centenario de la presencia de Mar\u00eda Auxiliadora en nuestra casa\"}]},{\"@type\":\"WebSite\",\"@id\":\"https:\\\/\\\/villena.salesianos.edu\\\/familiasalesiana\\\/#website\",\"url\":\"https:\\\/\\\/villena.salesianos.edu\\\/familiasalesiana\\\/\",\"name\":\"Familia Salesiana\",\"description\":\"P\u00e1gina oficial Salesianos Villena\",\"potentialAction\":[{\"@type\":\"SearchAction\",\"target\":{\"@type\":\"EntryPoint\",\"urlTemplate\":\"https:\\\/\\\/villena.salesianos.edu\\\/familiasalesiana\\\/?s={search_term_string}\"},\"query-input\":{\"@type\":\"PropertyValueSpecification\",\"valueRequired\":true,\"valueName\":\"search_term_string\"}}],\"inLanguage\":\"es\"},{\"@type\":\"Person\",\"@id\":\"https:\\\/\\\/villena.salesianos.edu\\\/familiasalesiana\\\/#\\\/schema\\\/person\\\/737fd46edc5ae7d6c9b94da26c0e9302\",\"name\":\"Gestor Web\",\"image\":{\"@type\":\"ImageObject\",\"inLanguage\":\"es\",\"@id\":\"https:\\\/\\\/secure.gravatar.com\\\/avatar\\\/44469746e1b6443cd011d1759fdc3b9fdcdae4a08dc0ddd85247651cb065486d?s=96&d=mm&r=g\",\"url\":\"https:\\\/\\\/secure.gravatar.com\\\/avatar\\\/44469746e1b6443cd011d1759fdc3b9fdcdae4a08dc0ddd85247651cb065486d?s=96&d=mm&r=g\",\"contentUrl\":\"https:\\\/\\\/secure.gravatar.com\\\/avatar\\\/44469746e1b6443cd011d1759fdc3b9fdcdae4a08dc0ddd85247651cb065486d?s=96&d=mm&r=g\",\"caption\":\"Gestor Web\"}}]}<\/script>\n<!-- \/ Yoast SEO plugin. -->","yoast_head_json":{"title":"Centenario de la presencia de Mar\u00eda Auxiliadora en nuestra casa - Familia Salesiana","robots":{"index":"index","follow":"follow","max-snippet":"max-snippet:-1","max-image-preview":"max-image-preview:large","max-video-preview":"max-video-preview:-1"},"canonical":"https:\/\/villena.salesianos.edu\/familiasalesiana\/centenario-de-la-presencia-de-maria-auxiliadora-en-nuestra-casa\/","og_locale":"es_ES","og_type":"article","og_title":"Centenario de la presencia de Mar\u00eda Auxiliadora en nuestra casa - Familia Salesiana","og_description":"Comienzan los actos organizados por la Asociaci\u00f3n de Mar\u00eda Auxiliadora \"ADMA\" con motivo de los 100 a\u00f1os de nuestra Virgen Mar\u00eda Auxiliadora en Villena. Por ADMA El pr\u00f3ximo s\u00e1bado 23 de Febrero a partir de las 19,30 horas, en la Iglesia de Mar\u00eda Auxiliadora, tendr\u00e1 lugar el inicio del centenario que celebraremos en toda la [&hellip;]","og_url":"https:\/\/villena.salesianos.edu\/familiasalesiana\/centenario-de-la-presencia-de-maria-auxiliadora-en-nuestra-casa\/","og_site_name":"Familia Salesiana","article_published_time":"2019-02-19T15:07:01+00:00","article_modified_time":"2019-02-19T15:07:02+00:00","og_image":[{"width":1131,"height":1600,"url":"https:\/\/villena.salesianos.edu\/familiasalesiana\/wp-content\/uploads\/sites\/7\/2019\/02\/IMG-20190219-WA0003.jpg","type":"image\/jpeg"}],"author":"Gestor Web","twitter_card":"summary_large_image","twitter_misc":{"Escrito por":"Gestor Web","Tiempo de lectura":"2 minutos"},"schema":{"@context":"https:\/\/schema.org","@graph":[{"@type":"Article","@id":"https:\/\/villena.salesianos.edu\/familiasalesiana\/centenario-de-la-presencia-de-maria-auxiliadora-en-nuestra-casa\/#article","isPartOf":{"@id":"https:\/\/villena.salesianos.edu\/familiasalesiana\/centenario-de-la-presencia-de-maria-auxiliadora-en-nuestra-casa\/"},"author":{"name":"Gestor Web","@id":"https:\/\/villena.salesianos.edu\/familiasalesiana\/#\/schema\/person\/737fd46edc5ae7d6c9b94da26c0e9302"},"headline":"Centenario de la presencia de Mar\u00eda Auxiliadora en nuestra casa","datePublished":"2019-02-19T15:07:01+00:00","dateModified":"2019-02-19T15:07:02+00:00","mainEntityOfPage":{"@id":"https:\/\/villena.salesianos.edu\/familiasalesiana\/centenario-de-la-presencia-de-maria-auxiliadora-en-nuestra-casa\/"},"wordCount":316,"commentCount":0,"image":{"@id":"https:\/\/villena.salesianos.edu\/familiasalesiana\/centenario-de-la-presencia-de-maria-auxiliadora-en-nuestra-casa\/#primaryimage"},"thumbnailUrl":"https:\/\/villena.salesianos.edu\/familiasalesiana\/wp-content\/uploads\/sites\/7\/2019\/02\/IMG-20190219-WA0003.jpg","articleSection":["Admas","Familia Salesiana","Portada Noticias"],"inLanguage":"es","potentialAction":[{"@type":"CommentAction","name":"Comment","target":["https:\/\/villena.salesianos.edu\/familiasalesiana\/centenario-de-la-presencia-de-maria-auxiliadora-en-nuestra-casa\/#respond"]}]},{"@type":"WebPage","@id":"https:\/\/villena.salesianos.edu\/familiasalesiana\/centenario-de-la-presencia-de-maria-auxiliadora-en-nuestra-casa\/","url":"https:\/\/villena.salesianos.edu\/familiasalesiana\/centenario-de-la-presencia-de-maria-auxiliadora-en-nuestra-casa\/","name":"Centenario de la presencia de Mar\u00eda Auxiliadora en nuestra casa - Familia Salesiana","isPartOf":{"@id":"https:\/\/villena.salesianos.edu\/familiasalesiana\/#website"},"primaryImageOfPage":{"@id":"https:\/\/villena.salesianos.edu\/familiasalesiana\/centenario-de-la-presencia-de-maria-auxiliadora-en-nuestra-casa\/#primaryimage"},"image":{"@id":"https:\/\/villena.salesianos.edu\/familiasalesiana\/centenario-de-la-presencia-de-maria-auxiliadora-en-nuestra-casa\/#primaryimage"},"thumbnailUrl":"https:\/\/villena.salesianos.edu\/familiasalesiana\/wp-content\/uploads\/sites\/7\/2019\/02\/IMG-20190219-WA0003.jpg","datePublished":"2019-02-19T15:07:01+00:00","dateModified":"2019-02-19T15:07:02+00:00","author":{"@id":"https:\/\/villena.salesianos.edu\/familiasalesiana\/#\/schema\/person\/737fd46edc5ae7d6c9b94da26c0e9302"},"breadcrumb":{"@id":"https:\/\/villena.salesianos.edu\/familiasalesiana\/centenario-de-la-presencia-de-maria-auxiliadora-en-nuestra-casa\/#breadcrumb"},"inLanguage":"es","potentialAction":[{"@type":"ReadAction","target":["https:\/\/villena.salesianos.edu\/familiasalesiana\/centenario-de-la-presencia-de-maria-auxiliadora-en-nuestra-casa\/"]}]},{"@type":"ImageObject","inLanguage":"es","@id":"https:\/\/villena.salesianos.edu\/familiasalesiana\/centenario-de-la-presencia-de-maria-auxiliadora-en-nuestra-casa\/#primaryimage","url":"https:\/\/villena.salesianos.edu\/familiasalesiana\/wp-content\/uploads\/sites\/7\/2019\/02\/IMG-20190219-WA0003.jpg","contentUrl":"https:\/\/villena.salesianos.edu\/familiasalesiana\/wp-content\/uploads\/sites\/7\/2019\/02\/IMG-20190219-WA0003.jpg","width":1131,"height":1600},{"@type":"BreadcrumbList","@id":"https:\/\/villena.salesianos.edu\/familiasalesiana\/centenario-de-la-presencia-de-maria-auxiliadora-en-nuestra-casa\/#breadcrumb","itemListElement":[{"@type":"ListItem","position":1,"name":"Portada","item":"https:\/\/villena.salesianos.edu\/familiasalesiana\/"},{"@type":"ListItem","position":2,"name":"Centenario de la presencia de Mar\u00eda Auxiliadora en nuestra casa"}]},{"@type":"WebSite","@id":"https:\/\/villena.salesianos.edu\/familiasalesiana\/#website","url":"https:\/\/villena.salesianos.edu\/familiasalesiana\/","name":"Familia Salesiana","description":"P\u00e1gina oficial Salesianos Villena","potentialAction":[{"@type":"SearchAction","target":{"@type":"EntryPoint","urlTemplate":"https:\/\/villena.salesianos.edu\/familiasalesiana\/?s={search_term_string}"},"query-input":{"@type":"PropertyValueSpecification","valueRequired":true,"valueName":"search_term_string"}}],"inLanguage":"es"},{"@type":"Person","@id":"https:\/\/villena.salesianos.edu\/familiasalesiana\/#\/schema\/person\/737fd46edc5ae7d6c9b94da26c0e9302","name":"Gestor Web","image":{"@type":"ImageObject","inLanguage":"es","@id":"https:\/\/secure.gravatar.com\/avatar\/44469746e1b6443cd011d1759fdc3b9fdcdae4a08dc0ddd85247651cb065486d?s=96&d=mm&r=g","url":"https:\/\/secure.gravatar.com\/avatar\/44469746e1b6443cd011d1759fdc3b9fdcdae4a08dc0ddd85247651cb065486d?s=96&d=mm&r=g","contentUrl":"https:\/\/secure.gravatar.com\/avatar\/44469746e1b6443cd011d1759fdc3b9fdcdae4a08dc0ddd85247651cb065486d?s=96&d=mm&r=g","caption":"Gestor Web"}}]}},"_links":{"self":[{"href":"https:\/\/villena.salesianos.edu\/familiasalesiana\/wp-json\/wp\/v2\/posts\/3165","targetHints":{"allow":["GET"]}}],"collection":[{"href":"https:\/\/villena.salesianos.edu\/familiasalesiana\/wp-json\/wp\/v2\/posts"}],"about":[{"href":"https:\/\/villena.salesianos.edu\/familiasalesiana\/wp-json\/wp\/v2\/types\/post"}],"author":[{"embeddable":true,"href":"https:\/\/villena.salesianos.edu\/familiasalesiana\/wp-json\/wp\/v2\/users\/2"}],"replies":[{"embeddable":true,"href":"https:\/\/villena.salesianos.edu\/familiasalesiana\/wp-json\/wp\/v2\/comments?post=3165"}],"version-history":[{"count":1,"href":"https:\/\/villena.salesianos.edu\/familiasalesiana\/wp-json\/wp\/v2\/posts\/3165\/revisions"}],"predecessor-version":[{"id":3167,"href":"https:\/\/villena.salesianos.edu\/familiasalesiana\/wp-json\/wp\/v2\/posts\/3165\/revisions\/3167"}],"wp:featuredmedia":[{"embeddable":true,"href":"https:\/\/villena.salesianos.edu\/familiasalesiana\/wp-json\/wp\/v2\/media\/3166"}],"wp:attachment":[{"href":"https:\/\/villena.salesianos.edu\/familiasalesiana\/wp-json\/wp\/v2\/media?parent=3165"}],"wp:term":[{"taxonomy":"category","embeddable":true,"href":"https:\/\/villena.salesianos.edu\/familiasalesiana\/wp-json\/wp\/v2\/categories?post=3165"},{"taxonomy":"post_tag","embeddable":true,"href":"https:\/\/villena.salesianos.edu\/familiasalesiana\/wp-json\/wp\/v2\/tags?post=3165"}],"curies":[{"name":"wp","href":"https:\/\/api.w.org\/{rel}","templated":true}]}}