{"id":3199,"date":"2019-06-20T09:11:19","date_gmt":"2019-06-20T08:11:19","guid":{"rendered":"https:\/\/villena.salesianos.edu\/familiasalesiana\/tu-voz-tambien-es-refugio-la-campana-de-las-plataformas-sociales-salesianas-por-el-dia-de-las-personas-refugiadas\/"},"modified":"2019-06-20T09:11:22","modified_gmt":"2019-06-20T08:11:22","slug":"tu-voz-tambien-es-refugio-la-campana-de-las-plataformas-sociales-salesianas-por-el-dia-de-las-personas-refugiadas","status":"publish","type":"post","link":"https:\/\/villena.salesianos.edu\/familiasalesiana\/tu-voz-tambien-es-refugio-la-campana-de-las-plataformas-sociales-salesianas-por-el-dia-de-las-personas-refugiadas\/","title":{"rendered":"&#8216;Tu voz tambi\u00e9n es refugio&#8217;, la campa\u00f1a de las Plataformas Sociales Salesianas por el D\u00eda de las Personas Refugiadas"},"content":{"rendered":"<p>[et_pb_section bb_built=\u00bb1&#8243; admin_label=\u00bbsection\u00bb inner_width=\u00bbauto\u00bb inner_max_width=\u00bbnone\u00bb][et_pb_row admin_label=\u00bbrow\u00bb background_position=\u00bbtop_left\u00bb background_repeat=\u00bbrepeat\u00bb background_size=\u00bbinitial\u00bb width=\u00bb80%\u00bb max_width=\u00bb1080px\u00bb][et_pb_column type=\u00bb4_4&#8243;][et_pb_text admin_label=\u00bbEntradilla (Texto)\u00bb _builder_version=\u00bb3.23.3&#8243; text_orientation=\u00bbjustified\u00bb text_font=\u00bb|on|||\u00bb text_text_shadow_horizontal_length=\u00bbtext_text_shadow_style,%91object Object%93&#8243; text_text_shadow_horizontal_length_tablet=\u00bb0px\u00bb text_text_shadow_vertical_length=\u00bbtext_text_shadow_style,%91object Object%93&#8243; text_text_shadow_vertical_length_tablet=\u00bb0px\u00bb text_text_shadow_blur_strength=\u00bbtext_text_shadow_style,%91object Object%93&#8243; text_text_shadow_blur_strength_tablet=\u00bb1px\u00bb link_text_shadow_horizontal_length=\u00bblink_text_shadow_style,%91object Object%93&#8243; link_text_shadow_horizontal_length_tablet=\u00bb0px\u00bb link_text_shadow_vertical_length=\u00bblink_text_shadow_style,%91object Object%93&#8243; link_text_shadow_vertical_length_tablet=\u00bb0px\u00bb link_text_shadow_blur_strength=\u00bblink_text_shadow_style,%91object Object%93&#8243; link_text_shadow_blur_strength_tablet=\u00bb1px\u00bb ul_text_shadow_horizontal_length=\u00bbul_text_shadow_style,%91object Object%93&#8243; ul_text_shadow_horizontal_length_tablet=\u00bb0px\u00bb ul_text_shadow_vertical_length=\u00bbul_text_shadow_style,%91object Object%93&#8243; ul_text_shadow_vertical_length_tablet=\u00bb0px\u00bb ul_text_shadow_blur_strength=\u00bbul_text_shadow_style,%91object Object%93&#8243; ul_text_shadow_blur_strength_tablet=\u00bb1px\u00bb ol_text_shadow_horizontal_length=\u00bbol_text_shadow_style,%91object Object%93&#8243; ol_text_shadow_horizontal_length_tablet=\u00bb0px\u00bb ol_text_shadow_vertical_length=\u00bbol_text_shadow_style,%91object Object%93&#8243; ol_text_shadow_vertical_length_tablet=\u00bb0px\u00bb ol_text_shadow_blur_strength=\u00bbol_text_shadow_style,%91object Object%93&#8243; ol_text_shadow_blur_strength_tablet=\u00bb1px\u00bb quote_text_shadow_horizontal_length=\u00bbquote_text_shadow_style,%91object Object%93&#8243; quote_text_shadow_horizontal_length_tablet=\u00bb0px\u00bb quote_text_shadow_vertical_length=\u00bbquote_text_shadow_style,%91object Object%93&#8243; quote_text_shadow_vertical_length_tablet=\u00bb0px\u00bb quote_text_shadow_blur_strength=\u00bbquote_text_shadow_style,%91object Object%93&#8243; quote_text_shadow_blur_strength_tablet=\u00bb1px\u00bb header_text_shadow_horizontal_length=\u00bbheader_text_shadow_style,%91object Object%93&#8243; header_text_shadow_horizontal_length_tablet=\u00bb0px\u00bb header_text_shadow_vertical_length=\u00bbheader_text_shadow_style,%91object Object%93&#8243; header_text_shadow_vertical_length_tablet=\u00bb0px\u00bb header_text_shadow_blur_strength=\u00bbheader_text_shadow_style,%91object Object%93&#8243; header_text_shadow_blur_strength_tablet=\u00bb1px\u00bb header_2_text_shadow_horizontal_length=\u00bbheader_2_text_shadow_style,%91object Object%93&#8243; header_2_text_shadow_horizontal_length_tablet=\u00bb0px\u00bb header_2_text_shadow_vertical_length=\u00bbheader_2_text_shadow_style,%91object Object%93&#8243; header_2_text_shadow_vertical_length_tablet=\u00bb0px\u00bb header_2_text_shadow_blur_strength=\u00bbheader_2_text_shadow_style,%91object Object%93&#8243; header_2_text_shadow_blur_strength_tablet=\u00bb1px\u00bb header_3_text_shadow_horizontal_length=\u00bbheader_3_text_shadow_style,%91object Object%93&#8243; header_3_text_shadow_horizontal_length_tablet=\u00bb0px\u00bb header_3_text_shadow_vertical_length=\u00bbheader_3_text_shadow_style,%91object Object%93&#8243; header_3_text_shadow_vertical_length_tablet=\u00bb0px\u00bb header_3_text_shadow_blur_strength=\u00bbheader_3_text_shadow_style,%91object Object%93&#8243; header_3_text_shadow_blur_strength_tablet=\u00bb1px\u00bb header_4_text_shadow_horizontal_length=\u00bbheader_4_text_shadow_style,%91object Object%93&#8243; header_4_text_shadow_horizontal_length_tablet=\u00bb0px\u00bb header_4_text_shadow_vertical_length=\u00bbheader_4_text_shadow_style,%91object Object%93&#8243; header_4_text_shadow_vertical_length_tablet=\u00bb0px\u00bb header_4_text_shadow_blur_strength=\u00bbheader_4_text_shadow_style,%91object Object%93&#8243; header_4_text_shadow_blur_strength_tablet=\u00bb1px\u00bb header_5_text_shadow_horizontal_length=\u00bbheader_5_text_shadow_style,%91object Object%93&#8243; header_5_text_shadow_horizontal_length_tablet=\u00bb0px\u00bb header_5_text_shadow_vertical_length=\u00bbheader_5_text_shadow_style,%91object Object%93&#8243; header_5_text_shadow_vertical_length_tablet=\u00bb0px\u00bb header_5_text_shadow_blur_strength=\u00bbheader_5_text_shadow_style,%91object Object%93&#8243; header_5_text_shadow_blur_strength_tablet=\u00bb1px\u00bb header_6_text_shadow_horizontal_length=\u00bbheader_6_text_shadow_style,%91object Object%93&#8243; header_6_text_shadow_horizontal_length_tablet=\u00bb0px\u00bb header_6_text_shadow_vertical_length=\u00bbheader_6_text_shadow_style,%91object Object%93&#8243; header_6_text_shadow_vertical_length_tablet=\u00bb0px\u00bb header_6_text_shadow_blur_strength=\u00bbheader_6_text_shadow_style,%91object Object%93&#8243; header_6_text_shadow_blur_strength_tablet=\u00bb1px\u00bb box_shadow_horizontal_tablet=\u00bb0px\u00bb box_shadow_vertical_tablet=\u00bb0px\u00bb box_shadow_blur_tablet=\u00bb40px\u00bb box_shadow_spread_tablet=\u00bb0px\u00bb z_index_tablet=\u00bb500&#8243;]<\/p>\n<p class=\"m_94020375035714443gmail-m_3040733794529264009m_-6219863980196318172m_7312079824561926633m_-6310439055575611537m_2643115853750832855gmail-m_3721538974529764531gmail-m_7625299561657163850gmail-m_-4318669840364441529gmail-m_3892099665254708804gmail-m_-8380671894163222435gmail-m_-63682995321607190gmail-m_2823686417445825668gmail-m_6898504508707525410m_2820494927776630153m_-7541369897381392137gmail-m_1434305911372745807gmail-m_1695322958592858887gmail-m_1034030453465344578gmail-m_-8071590103414236141gmail-m_5665758057498950630gmail-m_-4783839476105539354gmail-m_8703673601977462755gmail-m_2363433344713005083gmail-m_4325860677102890682gmail-m_-3766000925648598967gmail-m_-3292454419312465018m_-6540439062432316261m_-1533650366747581968m_8525797210454393047m_2644247103730690846gmail-m_-1197398411288683278gmail-m_2674877245814488648gmail-m_3061767230600766615gmail-m_-1165524130841892315gmail-m_3121292901960538292m_6558795615748036787m_3846243454495305427m_-6835860096298194509gmail-m_2265243057598123833m_-7591528812984671515m_-3567390508403123256gmail-m_5191370442338301699m_-7512637635244697911m_605004807515857483gmail-m_-6699888997544705377gmail-m_5723869892783595085gmail-m_1186727880826695859m_6038762005535007213m_-8697936413575281793gmail-m_-5696944121187007352gmail-m_717626300624442234m_6099916135274858017m_5687961198713356206m_-7245814942405066797m_9084143662377091948gmail-m_7044329583223849451m_9143024234614293648m_-846638295172102678m_-9197666017999673401m_-4180027907053749705gmail-m_1300767875705183189gmail-m_6215361764429624436m_-4359162194348234787m_-9147517406302591135gmail-m_-5692376551089007353gmail-m_-4290169500602160071gmail-m_-3793312534930803294m_2279916894270115457m_1904921934390735287m_8024662906795278892m_-1976595155147208162gmail-m_1689159205796133715m_5325119048725880321m_-7040795597722670247m_-7428212259715261956gmail-m_1718862164951382711gmail-MsoNormal\"><span><b>\u2022\u00a0<\/b><\/span><span style=\"font-family: verdana, sans-serif;\"><b>3 de cada 4 solicitudes de asilo son rechazadas en Espa\u00f1a.<\/b><\/span><\/p>\n<p class=\"m_94020375035714443gmail-m_3040733794529264009m_-6219863980196318172m_7312079824561926633m_-6310439055575611537m_2643115853750832855gmail-m_3721538974529764531gmail-m_7625299561657163850gmail-m_-4318669840364441529gmail-m_3892099665254708804gmail-m_-8380671894163222435gmail-m_-63682995321607190gmail-m_2823686417445825668gmail-m_6898504508707525410m_2820494927776630153m_-7541369897381392137gmail-m_1434305911372745807gmail-m_1695322958592858887gmail-m_1034030453465344578gmail-m_-8071590103414236141gmail-m_5665758057498950630gmail-m_-4783839476105539354gmail-m_8703673601977462755gmail-m_2363433344713005083gmail-m_4325860677102890682gmail-m_-3766000925648598967gmail-m_-3292454419312465018m_-6540439062432316261m_-1533650366747581968m_8525797210454393047m_2644247103730690846gmail-m_-1197398411288683278gmail-m_2674877245814488648gmail-m_3061767230600766615gmail-m_-1165524130841892315gmail-m_3121292901960538292m_6558795615748036787m_3846243454495305427m_-6835860096298194509gmail-m_2265243057598123833m_-7591528812984671515m_-3567390508403123256gmail-m_5191370442338301699m_-7512637635244697911m_605004807515857483gmail-m_-6699888997544705377gmail-m_5723869892783595085gmail-m_1186727880826695859m_6038762005535007213m_-8697936413575281793gmail-m_-5696944121187007352gmail-m_717626300624442234m_6099916135274858017m_5687961198713356206m_-7245814942405066797m_9084143662377091948gmail-m_7044329583223849451m_9143024234614293648m_-846638295172102678m_-9197666017999673401m_-4180027907053749705gmail-m_1300767875705183189gmail-m_6215361764429624436m_-4359162194348234787m_-9147517406302591135gmail-m_-5692376551089007353gmail-m_-4290169500602160071gmail-m_-3793312534930803294m_2279916894270115457m_1904921934390735287m_8024662906795278892m_-1976595155147208162gmail-m_1689159205796133715m_5325119048725880321m_-7040795597722670247m_-7428212259715261956gmail-m_1718862164951382711gmail-MsoNormal\"><span><b>\u2022\u00a0<\/b><\/span><span style=\"font-family: verdana, sans-serif;\"><b>Potenciar una cultura de acogida, un reto para la sociedad actual.<\/b><\/span><\/p>\n<p class=\"m_94020375035714443gmail-m_3040733794529264009m_-6219863980196318172m_7312079824561926633m_-6310439055575611537m_2643115853750832855gmail-m_3721538974529764531gmail-m_7625299561657163850gmail-m_-4318669840364441529gmail-m_3892099665254708804gmail-m_-8380671894163222435gmail-m_-63682995321607190gmail-m_2823686417445825668gmail-m_6898504508707525410m_2820494927776630153m_-7541369897381392137gmail-m_1434305911372745807gmail-m_1695322958592858887gmail-m_1034030453465344578gmail-m_-8071590103414236141gmail-m_5665758057498950630gmail-m_-4783839476105539354gmail-m_8703673601977462755gmail-m_2363433344713005083gmail-m_4325860677102890682gmail-m_-3766000925648598967gmail-m_-3292454419312465018m_-6540439062432316261m_-1533650366747581968m_8525797210454393047m_2644247103730690846gmail-m_-1197398411288683278gmail-m_2674877245814488648gmail-m_3061767230600766615gmail-m_-1165524130841892315gmail-m_3121292901960538292m_6558795615748036787m_3846243454495305427m_-6835860096298194509gmail-m_2265243057598123833m_-7591528812984671515m_-3567390508403123256gmail-m_5191370442338301699m_-7512637635244697911m_605004807515857483gmail-m_-6699888997544705377gmail-m_5723869892783595085gmail-m_1186727880826695859m_6038762005535007213m_-8697936413575281793gmail-m_-5696944121187007352gmail-m_717626300624442234m_6099916135274858017m_5687961198713356206m_-7245814942405066797m_9084143662377091948gmail-m_7044329583223849451m_9143024234614293648m_-846638295172102678m_-9197666017999673401m_-4180027907053749705gmail-m_1300767875705183189gmail-m_6215361764429624436m_-4359162194348234787m_-9147517406302591135gmail-m_-5692376551089007353gmail-m_-4290169500602160071gmail-m_-3793312534930803294m_2279916894270115457m_1904921934390735287m_8024662906795278892m_-1976595155147208162gmail-m_1689159205796133715m_5325119048725880321m_-7040795597722670247m_-7428212259715261956gmail-m_1718862164951382711gmail-MsoNormal\"><span style=\"font-family: verdana, sans-serif;\"><b>\u2022\u00a0\u00a0Las Plataformas Sociales Salesianas animan a combatir los bulos sobre las personas refugiadas.<\/b><\/span><\/p>\n<p>[\/et_pb_text][et_pb_text admin_label=\u00bbAutor (Texto)\u00bb _builder_version=\u00bb3.23.3&#8243; text_font=\u00bb||on||\u00bb text_text_shadow_horizontal_length=\u00bbtext_text_shadow_style,%91object Object%93&#8243; text_text_shadow_horizontal_length_tablet=\u00bb0px\u00bb text_text_shadow_vertical_length=\u00bbtext_text_shadow_style,%91object Object%93&#8243; text_text_shadow_vertical_length_tablet=\u00bb0px\u00bb text_text_shadow_blur_strength=\u00bbtext_text_shadow_style,%91object Object%93&#8243; text_text_shadow_blur_strength_tablet=\u00bb1px\u00bb link_text_shadow_horizontal_length=\u00bblink_text_shadow_style,%91object Object%93&#8243; link_text_shadow_horizontal_length_tablet=\u00bb0px\u00bb link_text_shadow_vertical_length=\u00bblink_text_shadow_style,%91object Object%93&#8243; link_text_shadow_vertical_length_tablet=\u00bb0px\u00bb link_text_shadow_blur_strength=\u00bblink_text_shadow_style,%91object Object%93&#8243; link_text_shadow_blur_strength_tablet=\u00bb1px\u00bb ul_text_shadow_horizontal_length=\u00bbul_text_shadow_style,%91object Object%93&#8243; ul_text_shadow_horizontal_length_tablet=\u00bb0px\u00bb ul_text_shadow_vertical_length=\u00bbul_text_shadow_style,%91object Object%93&#8243; ul_text_shadow_vertical_length_tablet=\u00bb0px\u00bb ul_text_shadow_blur_strength=\u00bbul_text_shadow_style,%91object Object%93&#8243; ul_text_shadow_blur_strength_tablet=\u00bb1px\u00bb ol_text_shadow_horizontal_length=\u00bbol_text_shadow_style,%91object Object%93&#8243; ol_text_shadow_horizontal_length_tablet=\u00bb0px\u00bb ol_text_shadow_vertical_length=\u00bbol_text_shadow_style,%91object Object%93&#8243; ol_text_shadow_vertical_length_tablet=\u00bb0px\u00bb ol_text_shadow_blur_strength=\u00bbol_text_shadow_style,%91object Object%93&#8243; ol_text_shadow_blur_strength_tablet=\u00bb1px\u00bb quote_text_shadow_horizontal_length=\u00bbquote_text_shadow_style,%91object Object%93&#8243; quote_text_shadow_horizontal_length_tablet=\u00bb0px\u00bb quote_text_shadow_vertical_length=\u00bbquote_text_shadow_style,%91object Object%93&#8243; quote_text_shadow_vertical_length_tablet=\u00bb0px\u00bb quote_text_shadow_blur_strength=\u00bbquote_text_shadow_style,%91object Object%93&#8243; quote_text_shadow_blur_strength_tablet=\u00bb1px\u00bb header_text_shadow_horizontal_length=\u00bbheader_text_shadow_style,%91object Object%93&#8243; header_text_shadow_horizontal_length_tablet=\u00bb0px\u00bb header_text_shadow_vertical_length=\u00bbheader_text_shadow_style,%91object Object%93&#8243; header_text_shadow_vertical_length_tablet=\u00bb0px\u00bb header_text_shadow_blur_strength=\u00bbheader_text_shadow_style,%91object Object%93&#8243; header_text_shadow_blur_strength_tablet=\u00bb1px\u00bb header_2_text_shadow_horizontal_length=\u00bbheader_2_text_shadow_style,%91object Object%93&#8243; header_2_text_shadow_horizontal_length_tablet=\u00bb0px\u00bb header_2_text_shadow_vertical_length=\u00bbheader_2_text_shadow_style,%91object Object%93&#8243; header_2_text_shadow_vertical_length_tablet=\u00bb0px\u00bb header_2_text_shadow_blur_strength=\u00bbheader_2_text_shadow_style,%91object Object%93&#8243; header_2_text_shadow_blur_strength_tablet=\u00bb1px\u00bb header_3_text_shadow_horizontal_length=\u00bbheader_3_text_shadow_style,%91object Object%93&#8243; header_3_text_shadow_horizontal_length_tablet=\u00bb0px\u00bb header_3_text_shadow_vertical_length=\u00bbheader_3_text_shadow_style,%91object Object%93&#8243; header_3_text_shadow_vertical_length_tablet=\u00bb0px\u00bb header_3_text_shadow_blur_strength=\u00bbheader_3_text_shadow_style,%91object Object%93&#8243; header_3_text_shadow_blur_strength_tablet=\u00bb1px\u00bb header_4_text_shadow_horizontal_length=\u00bbheader_4_text_shadow_style,%91object Object%93&#8243; header_4_text_shadow_horizontal_length_tablet=\u00bb0px\u00bb header_4_text_shadow_vertical_length=\u00bbheader_4_text_shadow_style,%91object Object%93&#8243; header_4_text_shadow_vertical_length_tablet=\u00bb0px\u00bb header_4_text_shadow_blur_strength=\u00bbheader_4_text_shadow_style,%91object Object%93&#8243; header_4_text_shadow_blur_strength_tablet=\u00bb1px\u00bb header_5_text_shadow_horizontal_length=\u00bbheader_5_text_shadow_style,%91object Object%93&#8243; header_5_text_shadow_horizontal_length_tablet=\u00bb0px\u00bb header_5_text_shadow_vertical_length=\u00bbheader_5_text_shadow_style,%91object Object%93&#8243; header_5_text_shadow_vertical_length_tablet=\u00bb0px\u00bb header_5_text_shadow_blur_strength=\u00bbheader_5_text_shadow_style,%91object Object%93&#8243; header_5_text_shadow_blur_strength_tablet=\u00bb1px\u00bb header_6_text_shadow_horizontal_length=\u00bbheader_6_text_shadow_style,%91object Object%93&#8243; header_6_text_shadow_horizontal_length_tablet=\u00bb0px\u00bb header_6_text_shadow_vertical_length=\u00bbheader_6_text_shadow_style,%91object Object%93&#8243; header_6_text_shadow_vertical_length_tablet=\u00bb0px\u00bb header_6_text_shadow_blur_strength=\u00bbheader_6_text_shadow_style,%91object Object%93&#8243; header_6_text_shadow_blur_strength_tablet=\u00bb1px\u00bb box_shadow_horizontal_tablet=\u00bb0px\u00bb box_shadow_vertical_tablet=\u00bb0px\u00bb box_shadow_blur_tablet=\u00bb40px\u00bb box_shadow_spread_tablet=\u00bb0px\u00bb z_index_tablet=\u00bb500&#8243;]<\/p>\n<p><em>Por Comunicaci\u00f3n Salesianos Espa\u00f1a<\/em><\/p>\n<p>[\/et_pb_text][et_pb_text admin_label=\u00bbDesarrollo (Texto)\u00bb _builder_version=\u00bb3.23.3&#8243; text_orientation=\u00bbjustified\u00bb text_text_shadow_horizontal_length=\u00bbtext_text_shadow_style,%91object Object%93&#8243; text_text_shadow_horizontal_length_tablet=\u00bb0px\u00bb text_text_shadow_vertical_length=\u00bbtext_text_shadow_style,%91object Object%93&#8243; text_text_shadow_vertical_length_tablet=\u00bb0px\u00bb text_text_shadow_blur_strength=\u00bbtext_text_shadow_style,%91object Object%93&#8243; text_text_shadow_blur_strength_tablet=\u00bb1px\u00bb link_text_shadow_horizontal_length=\u00bblink_text_shadow_style,%91object Object%93&#8243; link_text_shadow_horizontal_length_tablet=\u00bb0px\u00bb link_text_shadow_vertical_length=\u00bblink_text_shadow_style,%91object Object%93&#8243; link_text_shadow_vertical_length_tablet=\u00bb0px\u00bb link_text_shadow_blur_strength=\u00bblink_text_shadow_style,%91object Object%93&#8243; link_text_shadow_blur_strength_tablet=\u00bb1px\u00bb ul_text_shadow_horizontal_length=\u00bbul_text_shadow_style,%91object Object%93&#8243; ul_text_shadow_horizontal_length_tablet=\u00bb0px\u00bb ul_text_shadow_vertical_length=\u00bbul_text_shadow_style,%91object Object%93&#8243; ul_text_shadow_vertical_length_tablet=\u00bb0px\u00bb ul_text_shadow_blur_strength=\u00bbul_text_shadow_style,%91object Object%93&#8243; ul_text_shadow_blur_strength_tablet=\u00bb1px\u00bb ol_text_shadow_horizontal_length=\u00bbol_text_shadow_style,%91object Object%93&#8243; ol_text_shadow_horizontal_length_tablet=\u00bb0px\u00bb ol_text_shadow_vertical_length=\u00bbol_text_shadow_style,%91object Object%93&#8243; ol_text_shadow_vertical_length_tablet=\u00bb0px\u00bb ol_text_shadow_blur_strength=\u00bbol_text_shadow_style,%91object Object%93&#8243; ol_text_shadow_blur_strength_tablet=\u00bb1px\u00bb quote_text_shadow_horizontal_length=\u00bbquote_text_shadow_style,%91object Object%93&#8243; quote_text_shadow_horizontal_length_tablet=\u00bb0px\u00bb quote_text_shadow_vertical_length=\u00bbquote_text_shadow_style,%91object Object%93&#8243; quote_text_shadow_vertical_length_tablet=\u00bb0px\u00bb quote_text_shadow_blur_strength=\u00bbquote_text_shadow_style,%91object Object%93&#8243; quote_text_shadow_blur_strength_tablet=\u00bb1px\u00bb header_text_shadow_horizontal_length=\u00bbheader_text_shadow_style,%91object Object%93&#8243; header_text_shadow_horizontal_length_tablet=\u00bb0px\u00bb header_text_shadow_vertical_length=\u00bbheader_text_shadow_style,%91object Object%93&#8243; header_text_shadow_vertical_length_tablet=\u00bb0px\u00bb header_text_shadow_blur_strength=\u00bbheader_text_shadow_style,%91object Object%93&#8243; header_text_shadow_blur_strength_tablet=\u00bb1px\u00bb header_2_text_shadow_horizontal_length=\u00bbheader_2_text_shadow_style,%91object Object%93&#8243; header_2_text_shadow_horizontal_length_tablet=\u00bb0px\u00bb header_2_text_shadow_vertical_length=\u00bbheader_2_text_shadow_style,%91object Object%93&#8243; header_2_text_shadow_vertical_length_tablet=\u00bb0px\u00bb header_2_text_shadow_blur_strength=\u00bbheader_2_text_shadow_style,%91object Object%93&#8243; header_2_text_shadow_blur_strength_tablet=\u00bb1px\u00bb header_3_text_shadow_horizontal_length=\u00bbheader_3_text_shadow_style,%91object Object%93&#8243; header_3_text_shadow_horizontal_length_tablet=\u00bb0px\u00bb header_3_text_shadow_vertical_length=\u00bbheader_3_text_shadow_style,%91object Object%93&#8243; header_3_text_shadow_vertical_length_tablet=\u00bb0px\u00bb header_3_text_shadow_blur_strength=\u00bbheader_3_text_shadow_style,%91object Object%93&#8243; header_3_text_shadow_blur_strength_tablet=\u00bb1px\u00bb header_4_text_shadow_horizontal_length=\u00bbheader_4_text_shadow_style,%91object Object%93&#8243; header_4_text_shadow_horizontal_length_tablet=\u00bb0px\u00bb header_4_text_shadow_vertical_length=\u00bbheader_4_text_shadow_style,%91object Object%93&#8243; header_4_text_shadow_vertical_length_tablet=\u00bb0px\u00bb header_4_text_shadow_blur_strength=\u00bbheader_4_text_shadow_style,%91object Object%93&#8243; header_4_text_shadow_blur_strength_tablet=\u00bb1px\u00bb header_5_text_shadow_horizontal_length=\u00bbheader_5_text_shadow_style,%91object Object%93&#8243; header_5_text_shadow_horizontal_length_tablet=\u00bb0px\u00bb header_5_text_shadow_vertical_length=\u00bbheader_5_text_shadow_style,%91object Object%93&#8243; header_5_text_shadow_vertical_length_tablet=\u00bb0px\u00bb header_5_text_shadow_blur_strength=\u00bbheader_5_text_shadow_style,%91object Object%93&#8243; header_5_text_shadow_blur_strength_tablet=\u00bb1px\u00bb header_6_text_shadow_horizontal_length=\u00bbheader_6_text_shadow_style,%91object Object%93&#8243; header_6_text_shadow_horizontal_length_tablet=\u00bb0px\u00bb header_6_text_shadow_vertical_length=\u00bbheader_6_text_shadow_style,%91object Object%93&#8243; header_6_text_shadow_vertical_length_tablet=\u00bb0px\u00bb header_6_text_shadow_blur_strength=\u00bbheader_6_text_shadow_style,%91object Object%93&#8243; header_6_text_shadow_blur_strength_tablet=\u00bb1px\u00bb box_shadow_horizontal_tablet=\u00bb0px\u00bb box_shadow_vertical_tablet=\u00bb0px\u00bb box_shadow_blur_tablet=\u00bb40px\u00bb box_shadow_spread_tablet=\u00bb0px\u00bb z_index_tablet=\u00bb500&#8243;]<\/p>\n<div class=\"gmail_quote\">\n<div dir=\"ltr\">\n<div class=\"gmail_quote\">\n<div dir=\"ltr\">\n<p class=\"m_94020375035714443gmail-m_3040733794529264009m_-6219863980196318172m_7312079824561926633m_-6310439055575611537m_2643115853750832855gmail-m_3721538974529764531gmail-m_7625299561657163850gmail-m_-4318669840364441529gmail-m_3892099665254708804gmail-m_-8380671894163222435gmail-m_-63682995321607190gmail-m_2823686417445825668gmail-m_6898504508707525410m_2820494927776630153m_-7541369897381392137gmail-m_1434305911372745807gmail-m_1695322958592858887gmail-m_1034030453465344578gmail-m_-8071590103414236141gmail-m_5665758057498950630gmail-m_-4783839476105539354gmail-m_8703673601977462755gmail-m_2363433344713005083gmail-m_4325860677102890682gmail-m_-3766000925648598967gmail-m_-3292454419312465018m_-6540439062432316261m_-1533650366747581968m_8525797210454393047m_2644247103730690846gmail-m_-1197398411288683278gmail-m_2674877245814488648gmail-m_3061767230600766615gmail-m_-1165524130841892315gmail-m_3121292901960538292m_6558795615748036787m_3846243454495305427m_-6835860096298194509gmail-MsoNormalCxSpMiddle\"><span style=\"font-size: large;\"><span style=\"color: #000000;\"><b>Madrid, 20 de junio de 2019.- <\/b><\/span>En la actualidad, seg\u00fan datos de la Agencia de la ONU para los Refugiados (ACNUR), m\u00e1s de 68&#8217;5 millones de personas en el mundo se han visto obligadas a huir de sus hogares por conflictos b\u00e9licos, por persecuciones por su g\u00e9nero, raza, religi\u00f3n, orientaci\u00f3n sexual u opiniones pol\u00edticas o debido a las consecuencias del cambio clim\u00e1tico. En Espa\u00f1a, las solicitudes de protecci\u00f3n internacional aumentaron de forma significativa durante el \u00faltimo a\u00f1o. Sin embargo, la Comisi\u00f3n Espa\u00f1ola de Ayuda al Refugiado (CEAR) apunta que se rechazaron 3 de cada 4 solicitudes de asilo y se acumularon m\u00e1s de 78.000 solicitudes pendientes de resolver.<\/p>\n<p>Ante esta realidad, las Plataformas Sociales Salesianas trabajan en acompa\u00f1ar los procesos de acogida e integraci\u00f3n de las personas solicitantes de protecci\u00f3n internacional en Espa\u00f1a. Principalmente se acompa\u00f1a a ni\u00f1os, ni\u00f1as, adolescentes y j\u00f3venes, en su mayor\u00eda no acompa\u00f1ados, pero tambi\u00e9n desarrollan programas para atender a sus familias y a personas adultas especialmente vulnerables. Asociaci\u00f3n Valponasca, Federaci\u00f3n Pinardi, FISAT, Fundaci\u00f3n Boscos, Fundaci\u00f3n Don Bosco, Fundaci\u00f3n JuanSo\u00f1ador, Fundaci\u00f3n Mar\u00eda Auxiliadora, Fundaci\u00f3n Mornese, Fundaci\u00f3n Vals\u00e9 y Salesians Sant Jordi son las entidades que forman parte de la Coordinadora Estatal de Plataformas Sociales Salesianas. Actualmente, entre otras iniciativas, atienden a m\u00e1s de 500 personas solicitantes de protecci\u00f3n internacional o refugiadas.<\/p>\n<p>Especialmente, destaca el programa de acogida integral de j\u00f3venes de 18 a 26 a\u00f1os, solicitantes de protecci\u00f3n internacional y refugiados. Se considera que su condici\u00f3n de refugiado y joven les hace doblemente vulnerables. Adem\u00e1s, se encuentran solos, sin ninguna red de apoyo familiar y sin posibilidad de acceso a la vivienda y a empleo en condiciones dignas. Durante 2018 se han atendido a 38 j\u00f3venes solicitantes protecci\u00f3n internacional procedentes principalmente de Guinea Conakry, Afganist\u00e1n, Siria y Palestina. Del total de solicitudes presentadas, solamente una ha sido aprobada, habi\u00e9ndole reconocido el estatus de protecci\u00f3n subsidiaria y el resto contin\u00faan pendiente de resoluci\u00f3n.\u00a0<\/p>\n<p>En los d\u00edas previos a la conmemoraci\u00f3n del D\u00eda de las Personas Refugiadas, que se celebra el 20 de junio, las Plataformas Sociales Salesianas a trav\u00e9s de la campa\u00f1a &#8216;<span class=\"m_94020375035714443gmail-il\">Tu<\/span>\u00a0<span class=\"m_94020375035714443gmail-il\">voz<\/span>\u00a0tambi\u00e9n es refugio&#8217; quieren sellar su compromiso por la acogida y la inclusi\u00f3n de todas aquellas personas solicitantes de protecci\u00f3n internacional y en situaci\u00f3n de vulnerabilidad de nuestra sociedad. Por ello, se piden a ellas mismas, a los miembros de la Familia Salesiana, a todas las personas cristianas, a nuestros gobiernos locales, regionales y central y a la ciudadan\u00eda en general que se garanticen los medios necesarios para defender los derechos y la dignidad de las personas solicitantes de protecci\u00f3n internacional o refugiadas.<\/p>\n<p>Para asegurar condiciones adecuadas de recepci\u00f3n, el fomento de su desarrollo integral y promover la integraci\u00f3n a trav\u00e9s de la participaci\u00f3n de las personas migrantes y refugiadas para enriquecer las comunidades, se requiere mejorar el sistema de solicitud de protecci\u00f3n internacional. Actualmente \u00abnos preocupa el tiempo que transcurre desde que se pide cita hasta que te la dan; por ejemplo, ahora mismo si pides una cita de renovaci\u00f3n, te dan la cita para dentro de 5 meses. Adem\u00e1s, los tiempos de recuperaci\u00f3n de las personas no son tan cortos como el programa de acogida que el Estado espa\u00f1ol plantea\u00bb, se\u00f1ala una t\u00e9cnica especializada en refugio de las plataformas sociales salesianas.\u00a0<br \/>\u00a0<br \/>Con esta campa\u00f1a se pretende defender y exigir que se cumplan los Derechos Humanos, as\u00ed como frenar los bulos y las mentiras que da\u00f1an cada d\u00eda a las personas solicitantes de protecci\u00f3n internacional y refugiados. Los educadores de las plataformas sociales salesianas, a trav\u00e9s de las redes sociales oficiales de las entidades con el hashtag\u00a0<a href=\"https:\/\/twitter.com\/hashtag\/TuVozTambi%C3%A9nEsRefugio?src=hash\" target=\"_blank\" rel=\"noopener noreferrer\" data-saferedirecturl=\"https:\/\/www.google.com\/url?q=https:\/\/twitter.com\/hashtag\/TuVozTambi%25C3%25A9nEsRefugio?src%3Dhash&amp;source=gmail&amp;ust=1561104501482000&amp;usg=AFQjCNHm2pm61vm3Tz-w3R8drD4s1mBZgw\">#TuVozTambi\u00e9nEsRefugio<\/a><wbr \/>, han narrado el testimonio de j\u00f3venes solicitantes de protecci\u00f3n internacional, prestando su\u00a0<span class=\"m_94020375035714443gmail-il\">voz<\/span>\u00a0para visibilizar su esfuerzo y coraje. Asimismo, animan a toda la sociedad a que d\u00e9 un paso al frente por estas personas, dando su\u00a0<span class=\"m_94020375035714443gmail-il\">voz<\/span>\u00a0para combatir noticias falsas y mentiras. Entre todos podemos construir una sociedad mejor, m\u00e1s fraterna, m\u00e1s justa y m\u00e1s solidaria, donde sea reconocida la dignidad de todas las personas.<\/span><\/p>\n<\/div>\n<\/div>\n<\/div>\n<\/div>\n<div class=\"m_94020375035714443gmail-m_3040733794529264009m_-6219863980196318172m_7312079824561926633gmail_signature\" dir=\"ltr\">\n<div dir=\"ltr\">\n<div>\n<div dir=\"ltr\">\n<div>\n<div dir=\"ltr\">\n<div>\u00a0<\/div>\n<\/div>\n<\/div>\n<\/div>\n<\/div>\n<\/div>\n<\/div>\n<p>[\/et_pb_text][et_pb_text admin_label=\u00bbT\u00edtulo: Galer\u00eda de fotos (Texto)\u00bb _builder_version=\u00bb3.0.51&#8243; background_layout=\u00bblight\u00bb text_orientation=\u00bbleft\u00bb text_font=\u00bb|on|||\u00bb text_text_color=\u00bb#dc001b\u00bb border_style=\u00bbsolid\u00bb disabled=\u00bbon\u00bb disabled_on=\u00bbon|on|on\u00bb]<\/p>\n<p>Galer\u00eda de im\u00e1genes<\/p>\n<p>[\/et_pb_text][et_pb_gallery _builder_version=\u00bb3.0.51&#8243; posts_number=\u00bb8&#8243; show_title_and_caption=\u00bboff\u00bb show_pagination=\u00bbon\u00bb fullwidth=\u00bboff\u00bb orientation=\u00bblandscape\u00bb zoom_icon_color=\u00bb#dc001b\u00bb hover_overlay_color=\u00bbrgba(255,255,255,0.9)\u00bb hover_icon=\u00bb%%51%%\u00bb background_layout=\u00bblight\u00bb border_style=\u00bbsolid\u00bb auto=\u00bboff\u00bb disabled=\u00bbon\u00bb disabled_on=\u00bbon|on|on\u00bb \/][et_pb_video _builder_version=\u00bb3.0.51&#8243; disabled=\u00bbon\u00bb disabled_on=\u00bbon|on|on\u00bb \/][\/et_pb_column][\/et_pb_row][\/et_pb_section]<\/p>\n","protected":false},"excerpt":{"rendered":"<p>\u2022\u00a03 de cada 4 solicitudes de asilo son rechazadas en Espa\u00f1a.\u2022\u00a0Potenciar una cultura de acogida, un reto para la sociedad actual.\u2022\u00a0\u00a0Las Plataformas Sociales Salesianas animan a combatir los bulos sobre las personas refugiadas. Por Comunicaci\u00f3n Salesianos Espa\u00f1a Madrid, 20 de junio de 2019.- En la actualidad, seg\u00fan datos de la Agencia de la ONU para [&hellip;]<\/p>\n","protected":false},"author":2,"featured_media":3200,"comment_status":"open","ping_status":"open","sticky":false,"template":"","format":"standard","meta":{"_et_pb_use_builder":"on","_et_pb_old_content":"","_et_gb_content_width":"","footnotes":""},"categories":[40,14],"tags":[],"class_list":["post-3199","post","type-post","status-publish","format-standard","has-post-thumbnail","hentry","category-plataformassociales","category-portadanoticias"],"yoast_head":"<!-- This site is optimized with the Yoast SEO plugin v28.3 - https:\/\/yoast.com\/product\/yoast-seo-wordpress\/ -->\n<title>&#8216;Tu voz tambi\u00e9n es refugio&#8217;, la campa\u00f1a de las Plataformas Sociales Salesianas por el D\u00eda de las Personas Refugiadas - Familia Salesiana<\/title>\n<meta name=\"robots\" content=\"index, follow, max-snippet:-1, max-image-preview:large, max-video-preview:-1\" \/>\n<link rel=\"canonical\" href=\"https:\/\/villena.salesianos.edu\/familiasalesiana\/tu-voz-tambien-es-refugio-la-campana-de-las-plataformas-sociales-salesianas-por-el-dia-de-las-personas-refugiadas\/\" \/>\n<meta property=\"og:locale\" content=\"es_ES\" \/>\n<meta property=\"og:type\" content=\"article\" \/>\n<meta property=\"og:title\" content=\"&#8216;Tu voz tambi\u00e9n es refugio&#8217;, la campa\u00f1a de las Plataformas Sociales Salesianas por el D\u00eda de las Personas Refugiadas - Familia Salesiana\" \/>\n<meta property=\"og:description\" content=\"\u2022\u00a03 de cada 4 solicitudes de asilo son rechazadas en Espa\u00f1a.\u2022\u00a0Potenciar una cultura de acogida, un reto para la sociedad actual.\u2022\u00a0\u00a0Las Plataformas Sociales Salesianas animan a combatir los bulos sobre las personas refugiadas. Por Comunicaci\u00f3n Salesianos Espa\u00f1a Madrid, 20 de junio de 2019.- En la actualidad, seg\u00fan datos de la Agencia de la ONU para [&hellip;]\" \/>\n<meta property=\"og:url\" content=\"https:\/\/villena.salesianos.edu\/familiasalesiana\/tu-voz-tambien-es-refugio-la-campana-de-las-plataformas-sociales-salesianas-por-el-dia-de-las-personas-refugiadas\/\" \/>\n<meta property=\"og:site_name\" content=\"Familia Salesiana\" \/>\n<meta property=\"article:published_time\" content=\"2019-06-20T08:11:19+00:00\" \/>\n<meta property=\"article:modified_time\" content=\"2019-06-20T08:11:22+00:00\" \/>\n<meta property=\"og:image\" content=\"https:\/\/villena.salesianos.edu\/familiasalesiana\/wp-content\/uploads\/sites\/7\/2019\/06\/NdP-Di\u0301a-Mundial-Refugiados.jpg\" \/>\n\t<meta property=\"og:image:width\" content=\"2480\" \/>\n\t<meta property=\"og:image:height\" content=\"2480\" \/>\n\t<meta property=\"og:image:type\" content=\"image\/jpeg\" \/>\n<meta name=\"author\" content=\"Gestor Web\" \/>\n<meta name=\"twitter:card\" content=\"summary_large_image\" \/>\n<meta name=\"twitter:label1\" content=\"Escrito por\" \/>\n\t<meta name=\"twitter:data1\" content=\"Gestor Web\" \/>\n\t<meta name=\"twitter:label2\" content=\"Tiempo de lectura\" \/>\n\t<meta name=\"twitter:data2\" content=\"14 minutos\" \/>\n<script type=\"application\/ld+json\" class=\"yoast-schema-graph\">{\"@context\":\"https:\\\/\\\/schema.org\",\"@graph\":[{\"@type\":\"Article\",\"@id\":\"https:\\\/\\\/villena.salesianos.edu\\\/familiasalesiana\\\/tu-voz-tambien-es-refugio-la-campana-de-las-plataformas-sociales-salesianas-por-el-dia-de-las-personas-refugiadas\\\/#article\",\"isPartOf\":{\"@id\":\"https:\\\/\\\/villena.salesianos.edu\\\/familiasalesiana\\\/tu-voz-tambien-es-refugio-la-campana-de-las-plataformas-sociales-salesianas-por-el-dia-de-las-personas-refugiadas\\\/\"},\"author\":{\"name\":\"Gestor Web\",\"@id\":\"https:\\\/\\\/villena.salesianos.edu\\\/familiasalesiana\\\/#\\\/schema\\\/person\\\/737fd46edc5ae7d6c9b94da26c0e9302\"},\"headline\":\"&#8216;Tu voz tambi\u00e9n es refugio&#8217;, la campa\u00f1a de las Plataformas Sociales Salesianas por el D\u00eda de las Personas Refugiadas\",\"datePublished\":\"2019-06-20T08:11:19+00:00\",\"dateModified\":\"2019-06-20T08:11:22+00:00\",\"mainEntityOfPage\":{\"@id\":\"https:\\\/\\\/villena.salesianos.edu\\\/familiasalesiana\\\/tu-voz-tambien-es-refugio-la-campana-de-las-plataformas-sociales-salesianas-por-el-dia-de-las-personas-refugiadas\\\/\"},\"wordCount\":2845,\"commentCount\":0,\"image\":{\"@id\":\"https:\\\/\\\/villena.salesianos.edu\\\/familiasalesiana\\\/tu-voz-tambien-es-refugio-la-campana-de-las-plataformas-sociales-salesianas-por-el-dia-de-las-personas-refugiadas\\\/#primaryimage\"},\"thumbnailUrl\":\"https:\\\/\\\/villena.salesianos.edu\\\/familiasalesiana\\\/wp-content\\\/uploads\\\/sites\\\/7\\\/2019\\\/06\\\/NdP-Di\u0301a-Mundial-Refugiados.jpg\",\"articleSection\":[\"Plataformas Sociales\",\"Portada Noticias\"],\"inLanguage\":\"es\",\"potentialAction\":[{\"@type\":\"CommentAction\",\"name\":\"Comment\",\"target\":[\"https:\\\/\\\/villena.salesianos.edu\\\/familiasalesiana\\\/tu-voz-tambien-es-refugio-la-campana-de-las-plataformas-sociales-salesianas-por-el-dia-de-las-personas-refugiadas\\\/#respond\"]}]},{\"@type\":\"WebPage\",\"@id\":\"https:\\\/\\\/villena.salesianos.edu\\\/familiasalesiana\\\/tu-voz-tambien-es-refugio-la-campana-de-las-plataformas-sociales-salesianas-por-el-dia-de-las-personas-refugiadas\\\/\",\"url\":\"https:\\\/\\\/villena.salesianos.edu\\\/familiasalesiana\\\/tu-voz-tambien-es-refugio-la-campana-de-las-plataformas-sociales-salesianas-por-el-dia-de-las-personas-refugiadas\\\/\",\"name\":\"&#8216;Tu voz tambi\u00e9n es refugio&#8217;, la campa\u00f1a de las Plataformas Sociales Salesianas por el D\u00eda de las Personas Refugiadas - Familia Salesiana\",\"isPartOf\":{\"@id\":\"https:\\\/\\\/villena.salesianos.edu\\\/familiasalesiana\\\/#website\"},\"primaryImageOfPage\":{\"@id\":\"https:\\\/\\\/villena.salesianos.edu\\\/familiasalesiana\\\/tu-voz-tambien-es-refugio-la-campana-de-las-plataformas-sociales-salesianas-por-el-dia-de-las-personas-refugiadas\\\/#primaryimage\"},\"image\":{\"@id\":\"https:\\\/\\\/villena.salesianos.edu\\\/familiasalesiana\\\/tu-voz-tambien-es-refugio-la-campana-de-las-plataformas-sociales-salesianas-por-el-dia-de-las-personas-refugiadas\\\/#primaryimage\"},\"thumbnailUrl\":\"https:\\\/\\\/villena.salesianos.edu\\\/familiasalesiana\\\/wp-content\\\/uploads\\\/sites\\\/7\\\/2019\\\/06\\\/NdP-Di\u0301a-Mundial-Refugiados.jpg\",\"datePublished\":\"2019-06-20T08:11:19+00:00\",\"dateModified\":\"2019-06-20T08:11:22+00:00\",\"author\":{\"@id\":\"https:\\\/\\\/villena.salesianos.edu\\\/familiasalesiana\\\/#\\\/schema\\\/person\\\/737fd46edc5ae7d6c9b94da26c0e9302\"},\"breadcrumb\":{\"@id\":\"https:\\\/\\\/villena.salesianos.edu\\\/familiasalesiana\\\/tu-voz-tambien-es-refugio-la-campana-de-las-plataformas-sociales-salesianas-por-el-dia-de-las-personas-refugiadas\\\/#breadcrumb\"},\"inLanguage\":\"es\",\"potentialAction\":[{\"@type\":\"ReadAction\",\"target\":[\"https:\\\/\\\/villena.salesianos.edu\\\/familiasalesiana\\\/tu-voz-tambien-es-refugio-la-campana-de-las-plataformas-sociales-salesianas-por-el-dia-de-las-personas-refugiadas\\\/\"]}]},{\"@type\":\"ImageObject\",\"inLanguage\":\"es\",\"@id\":\"https:\\\/\\\/villena.salesianos.edu\\\/familiasalesiana\\\/tu-voz-tambien-es-refugio-la-campana-de-las-plataformas-sociales-salesianas-por-el-dia-de-las-personas-refugiadas\\\/#primaryimage\",\"url\":\"https:\\\/\\\/villena.salesianos.edu\\\/familiasalesiana\\\/wp-content\\\/uploads\\\/sites\\\/7\\\/2019\\\/06\\\/NdP-Di\u0301a-Mundial-Refugiados.jpg\",\"contentUrl\":\"https:\\\/\\\/villena.salesianos.edu\\\/familiasalesiana\\\/wp-content\\\/uploads\\\/sites\\\/7\\\/2019\\\/06\\\/NdP-Di\u0301a-Mundial-Refugiados.jpg\",\"width\":2480,\"height\":2480},{\"@type\":\"BreadcrumbList\",\"@id\":\"https:\\\/\\\/villena.salesianos.edu\\\/familiasalesiana\\\/tu-voz-tambien-es-refugio-la-campana-de-las-plataformas-sociales-salesianas-por-el-dia-de-las-personas-refugiadas\\\/#breadcrumb\",\"itemListElement\":[{\"@type\":\"ListItem\",\"position\":1,\"name\":\"Portada\",\"item\":\"https:\\\/\\\/villena.salesianos.edu\\\/familiasalesiana\\\/\"},{\"@type\":\"ListItem\",\"position\":2,\"name\":\"&#8216;Tu voz tambi\u00e9n es refugio&#8217;, la campa\u00f1a de las Plataformas Sociales Salesianas por el D\u00eda de las Personas Refugiadas\"}]},{\"@type\":\"WebSite\",\"@id\":\"https:\\\/\\\/villena.salesianos.edu\\\/familiasalesiana\\\/#website\",\"url\":\"https:\\\/\\\/villena.salesianos.edu\\\/familiasalesiana\\\/\",\"name\":\"Familia Salesiana\",\"description\":\"P\u00e1gina oficial Salesianos Villena\",\"potentialAction\":[{\"@type\":\"SearchAction\",\"target\":{\"@type\":\"EntryPoint\",\"urlTemplate\":\"https:\\\/\\\/villena.salesianos.edu\\\/familiasalesiana\\\/?s={search_term_string}\"},\"query-input\":{\"@type\":\"PropertyValueSpecification\",\"valueRequired\":true,\"valueName\":\"search_term_string\"}}],\"inLanguage\":\"es\"},{\"@type\":\"Person\",\"@id\":\"https:\\\/\\\/villena.salesianos.edu\\\/familiasalesiana\\\/#\\\/schema\\\/person\\\/737fd46edc5ae7d6c9b94da26c0e9302\",\"name\":\"Gestor Web\",\"image\":{\"@type\":\"ImageObject\",\"inLanguage\":\"es\",\"@id\":\"https:\\\/\\\/secure.gravatar.com\\\/avatar\\\/44469746e1b6443cd011d1759fdc3b9fdcdae4a08dc0ddd85247651cb065486d?s=96&d=mm&r=g\",\"url\":\"https:\\\/\\\/secure.gravatar.com\\\/avatar\\\/44469746e1b6443cd011d1759fdc3b9fdcdae4a08dc0ddd85247651cb065486d?s=96&d=mm&r=g\",\"contentUrl\":\"https:\\\/\\\/secure.gravatar.com\\\/avatar\\\/44469746e1b6443cd011d1759fdc3b9fdcdae4a08dc0ddd85247651cb065486d?s=96&d=mm&r=g\",\"caption\":\"Gestor Web\"}}]}<\/script>\n<!-- \/ Yoast SEO plugin. -->","yoast_head_json":{"title":"&#8216;Tu voz tambi\u00e9n es refugio&#8217;, la campa\u00f1a de las Plataformas Sociales Salesianas por el D\u00eda de las Personas Refugiadas - Familia Salesiana","robots":{"index":"index","follow":"follow","max-snippet":"max-snippet:-1","max-image-preview":"max-image-preview:large","max-video-preview":"max-video-preview:-1"},"canonical":"https:\/\/villena.salesianos.edu\/familiasalesiana\/tu-voz-tambien-es-refugio-la-campana-de-las-plataformas-sociales-salesianas-por-el-dia-de-las-personas-refugiadas\/","og_locale":"es_ES","og_type":"article","og_title":"&#8216;Tu voz tambi\u00e9n es refugio&#8217;, la campa\u00f1a de las Plataformas Sociales Salesianas por el D\u00eda de las Personas Refugiadas - Familia Salesiana","og_description":"\u2022\u00a03 de cada 4 solicitudes de asilo son rechazadas en Espa\u00f1a.\u2022\u00a0Potenciar una cultura de acogida, un reto para la sociedad actual.\u2022\u00a0\u00a0Las Plataformas Sociales Salesianas animan a combatir los bulos sobre las personas refugiadas. Por Comunicaci\u00f3n Salesianos Espa\u00f1a Madrid, 20 de junio de 2019.- En la actualidad, seg\u00fan datos de la Agencia de la ONU para [&hellip;]","og_url":"https:\/\/villena.salesianos.edu\/familiasalesiana\/tu-voz-tambien-es-refugio-la-campana-de-las-plataformas-sociales-salesianas-por-el-dia-de-las-personas-refugiadas\/","og_site_name":"Familia Salesiana","article_published_time":"2019-06-20T08:11:19+00:00","article_modified_time":"2019-06-20T08:11:22+00:00","og_image":[{"width":2480,"height":2480,"url":"https:\/\/villena.salesianos.edu\/familiasalesiana\/wp-content\/uploads\/sites\/7\/2019\/06\/NdP-Di\u0301a-Mundial-Refugiados.jpg","type":"image\/jpeg"}],"author":"Gestor Web","twitter_card":"summary_large_image","twitter_misc":{"Escrito por":"Gestor Web","Tiempo de lectura":"14 minutos"},"schema":{"@context":"https:\/\/schema.org","@graph":[{"@type":"Article","@id":"https:\/\/villena.salesianos.edu\/familiasalesiana\/tu-voz-tambien-es-refugio-la-campana-de-las-plataformas-sociales-salesianas-por-el-dia-de-las-personas-refugiadas\/#article","isPartOf":{"@id":"https:\/\/villena.salesianos.edu\/familiasalesiana\/tu-voz-tambien-es-refugio-la-campana-de-las-plataformas-sociales-salesianas-por-el-dia-de-las-personas-refugiadas\/"},"author":{"name":"Gestor Web","@id":"https:\/\/villena.salesianos.edu\/familiasalesiana\/#\/schema\/person\/737fd46edc5ae7d6c9b94da26c0e9302"},"headline":"&#8216;Tu voz tambi\u00e9n es refugio&#8217;, la campa\u00f1a de las Plataformas Sociales Salesianas por el D\u00eda de las Personas Refugiadas","datePublished":"2019-06-20T08:11:19+00:00","dateModified":"2019-06-20T08:11:22+00:00","mainEntityOfPage":{"@id":"https:\/\/villena.salesianos.edu\/familiasalesiana\/tu-voz-tambien-es-refugio-la-campana-de-las-plataformas-sociales-salesianas-por-el-dia-de-las-personas-refugiadas\/"},"wordCount":2845,"commentCount":0,"image":{"@id":"https:\/\/villena.salesianos.edu\/familiasalesiana\/tu-voz-tambien-es-refugio-la-campana-de-las-plataformas-sociales-salesianas-por-el-dia-de-las-personas-refugiadas\/#primaryimage"},"thumbnailUrl":"https:\/\/villena.salesianos.edu\/familiasalesiana\/wp-content\/uploads\/sites\/7\/2019\/06\/NdP-Di\u0301a-Mundial-Refugiados.jpg","articleSection":["Plataformas Sociales","Portada Noticias"],"inLanguage":"es","potentialAction":[{"@type":"CommentAction","name":"Comment","target":["https:\/\/villena.salesianos.edu\/familiasalesiana\/tu-voz-tambien-es-refugio-la-campana-de-las-plataformas-sociales-salesianas-por-el-dia-de-las-personas-refugiadas\/#respond"]}]},{"@type":"WebPage","@id":"https:\/\/villena.salesianos.edu\/familiasalesiana\/tu-voz-tambien-es-refugio-la-campana-de-las-plataformas-sociales-salesianas-por-el-dia-de-las-personas-refugiadas\/","url":"https:\/\/villena.salesianos.edu\/familiasalesiana\/tu-voz-tambien-es-refugio-la-campana-de-las-plataformas-sociales-salesianas-por-el-dia-de-las-personas-refugiadas\/","name":"&#8216;Tu voz tambi\u00e9n es refugio&#8217;, la campa\u00f1a de las Plataformas Sociales Salesianas por el D\u00eda de las Personas Refugiadas - Familia Salesiana","isPartOf":{"@id":"https:\/\/villena.salesianos.edu\/familiasalesiana\/#website"},"primaryImageOfPage":{"@id":"https:\/\/villena.salesianos.edu\/familiasalesiana\/tu-voz-tambien-es-refugio-la-campana-de-las-plataformas-sociales-salesianas-por-el-dia-de-las-personas-refugiadas\/#primaryimage"},"image":{"@id":"https:\/\/villena.salesianos.edu\/familiasalesiana\/tu-voz-tambien-es-refugio-la-campana-de-las-plataformas-sociales-salesianas-por-el-dia-de-las-personas-refugiadas\/#primaryimage"},"thumbnailUrl":"https:\/\/villena.salesianos.edu\/familiasalesiana\/wp-content\/uploads\/sites\/7\/2019\/06\/NdP-Di\u0301a-Mundial-Refugiados.jpg","datePublished":"2019-06-20T08:11:19+00:00","dateModified":"2019-06-20T08:11:22+00:00","author":{"@id":"https:\/\/villena.salesianos.edu\/familiasalesiana\/#\/schema\/person\/737fd46edc5ae7d6c9b94da26c0e9302"},"breadcrumb":{"@id":"https:\/\/villena.salesianos.edu\/familiasalesiana\/tu-voz-tambien-es-refugio-la-campana-de-las-plataformas-sociales-salesianas-por-el-dia-de-las-personas-refugiadas\/#breadcrumb"},"inLanguage":"es","potentialAction":[{"@type":"ReadAction","target":["https:\/\/villena.salesianos.edu\/familiasalesiana\/tu-voz-tambien-es-refugio-la-campana-de-las-plataformas-sociales-salesianas-por-el-dia-de-las-personas-refugiadas\/"]}]},{"@type":"ImageObject","inLanguage":"es","@id":"https:\/\/villena.salesianos.edu\/familiasalesiana\/tu-voz-tambien-es-refugio-la-campana-de-las-plataformas-sociales-salesianas-por-el-dia-de-las-personas-refugiadas\/#primaryimage","url":"https:\/\/villena.salesianos.edu\/familiasalesiana\/wp-content\/uploads\/sites\/7\/2019\/06\/NdP-Di\u0301a-Mundial-Refugiados.jpg","contentUrl":"https:\/\/villena.salesianos.edu\/familiasalesiana\/wp-content\/uploads\/sites\/7\/2019\/06\/NdP-Di\u0301a-Mundial-Refugiados.jpg","width":2480,"height":2480},{"@type":"BreadcrumbList","@id":"https:\/\/villena.salesianos.edu\/familiasalesiana\/tu-voz-tambien-es-refugio-la-campana-de-las-plataformas-sociales-salesianas-por-el-dia-de-las-personas-refugiadas\/#breadcrumb","itemListElement":[{"@type":"ListItem","position":1,"name":"Portada","item":"https:\/\/villena.salesianos.edu\/familiasalesiana\/"},{"@type":"ListItem","position":2,"name":"&#8216;Tu voz tambi\u00e9n es refugio&#8217;, la campa\u00f1a de las Plataformas Sociales Salesianas por el D\u00eda de las Personas Refugiadas"}]},{"@type":"WebSite","@id":"https:\/\/villena.salesianos.edu\/familiasalesiana\/#website","url":"https:\/\/villena.salesianos.edu\/familiasalesiana\/","name":"Familia Salesiana","description":"P\u00e1gina oficial Salesianos Villena","potentialAction":[{"@type":"SearchAction","target":{"@type":"EntryPoint","urlTemplate":"https:\/\/villena.salesianos.edu\/familiasalesiana\/?s={search_term_string}"},"query-input":{"@type":"PropertyValueSpecification","valueRequired":true,"valueName":"search_term_string"}}],"inLanguage":"es"},{"@type":"Person","@id":"https:\/\/villena.salesianos.edu\/familiasalesiana\/#\/schema\/person\/737fd46edc5ae7d6c9b94da26c0e9302","name":"Gestor Web","image":{"@type":"ImageObject","inLanguage":"es","@id":"https:\/\/secure.gravatar.com\/avatar\/44469746e1b6443cd011d1759fdc3b9fdcdae4a08dc0ddd85247651cb065486d?s=96&d=mm&r=g","url":"https:\/\/secure.gravatar.com\/avatar\/44469746e1b6443cd011d1759fdc3b9fdcdae4a08dc0ddd85247651cb065486d?s=96&d=mm&r=g","contentUrl":"https:\/\/secure.gravatar.com\/avatar\/44469746e1b6443cd011d1759fdc3b9fdcdae4a08dc0ddd85247651cb065486d?s=96&d=mm&r=g","caption":"Gestor Web"}}]}},"_links":{"self":[{"href":"https:\/\/villena.salesianos.edu\/familiasalesiana\/wp-json\/wp\/v2\/posts\/3199","targetHints":{"allow":["GET"]}}],"collection":[{"href":"https:\/\/villena.salesianos.edu\/familiasalesiana\/wp-json\/wp\/v2\/posts"}],"about":[{"href":"https:\/\/villena.salesianos.edu\/familiasalesiana\/wp-json\/wp\/v2\/types\/post"}],"author":[{"embeddable":true,"href":"https:\/\/villena.salesianos.edu\/familiasalesiana\/wp-json\/wp\/v2\/users\/2"}],"replies":[{"embeddable":true,"href":"https:\/\/villena.salesianos.edu\/familiasalesiana\/wp-json\/wp\/v2\/comments?post=3199"}],"version-history":[{"count":1,"href":"https:\/\/villena.salesianos.edu\/familiasalesiana\/wp-json\/wp\/v2\/posts\/3199\/revisions"}],"predecessor-version":[{"id":3201,"href":"https:\/\/villena.salesianos.edu\/familiasalesiana\/wp-json\/wp\/v2\/posts\/3199\/revisions\/3201"}],"wp:featuredmedia":[{"embeddable":true,"href":"https:\/\/villena.salesianos.edu\/familiasalesiana\/wp-json\/wp\/v2\/media\/3200"}],"wp:attachment":[{"href":"https:\/\/villena.salesianos.edu\/familiasalesiana\/wp-json\/wp\/v2\/media?parent=3199"}],"wp:term":[{"taxonomy":"category","embeddable":true,"href":"https:\/\/villena.salesianos.edu\/familiasalesiana\/wp-json\/wp\/v2\/categories?post=3199"},{"taxonomy":"post_tag","embeddable":true,"href":"https:\/\/villena.salesianos.edu\/familiasalesiana\/wp-json\/wp\/v2\/tags?post=3199"}],"curies":[{"name":"wp","href":"https:\/\/api.w.org\/{rel}","templated":true}]}}