{"id":3202,"date":"2019-10-03T09:59:37","date_gmt":"2019-10-03T08:59:37","guid":{"rendered":"https:\/\/villena.salesianos.edu\/familiasalesiana\/eleccion-nueva-junta-directiva-de-la-asociacion-de-maria-auxiliadora\/"},"modified":"2019-10-03T09:59:43","modified_gmt":"2019-10-03T08:59:43","slug":"eleccion-nueva-junta-directiva-de-la-asociacion-de-maria-auxiliadora","status":"publish","type":"post","link":"https:\/\/villena.salesianos.edu\/familiasalesiana\/eleccion-nueva-junta-directiva-de-la-asociacion-de-maria-auxiliadora\/","title":{"rendered":"Elecci\u00f3n nueva Junta Directiva de la Asociaci\u00f3n de Mar\u00eda Auxiliadora"},"content":{"rendered":"<p>[et_pb_section fb_built=\u00bb1&#8243; admin_label=\u00bbsection\u00bb _builder_version=\u00bb3.22&#8243; bb_built=\u00bb1&#8243; _i=\u00bb0&#8243; _address=\u00bb0&#8243;][et_pb_row admin_label=\u00bbrow\u00bb _builder_version=\u00bb3.25&#8243; background_size=\u00bbinitial\u00bb background_position=\u00bbtop_left\u00bb background_repeat=\u00bbrepeat\u00bb _i=\u00bb0&#8243; _address=\u00bb0.0&#8243;][et_pb_column type=\u00bb4_4&#8243; _builder_version=\u00bb3.25&#8243; custom_padding=\u00bb|||\u00bb _i=\u00bb0&#8243; _address=\u00bb0.0.0&#8243; custom_padding__hover=\u00bb|||\u00bb][et_pb_text admin_label=\u00bbEntradilla (Texto)\u00bb _builder_version=\u00bb3.29.3&#8243; text_font=\u00bb|on|||\u00bb text_orientation=\u00bbjustified\u00bb hover_enabled=\u00bb0&#8243; border_style=\u00bbsolid\u00bb _i=\u00bb0&#8243; _address=\u00bb0.0.0.0&#8243;]<\/p>\n<p><b>El pasado martes 24 de septiembre despu\u00e9s de misa y en la sala Domingo Savio, la Asociaci\u00f3n de Mar\u00eda Auxiliadora celebr\u00f3 una asamblea extraordinaria con un \u00fanico punto en el Orden del D\u00eda: Elecci\u00f3n de Presidenta. En la que se vot\u00f3 por unanimidad a<\/b> <b>\u00c1gueda Beneyto Reig.<\/b><\/p>\n<p>[\/et_pb_text][et_pb_text admin_label=\u00bbAutor (Texto)\u00bb _builder_version=\u00bb3.29.3&#8243; text_font=\u00bb||on||\u00bb hover_enabled=\u00bb0&#8243; border_style=\u00bbsolid\u00bb _i=\u00bb1&#8243; _address=\u00bb0.0.0.1&#8243;]<\/p>\n<p><em>Por Comunicaci\u00f3n ADMA<\/em><\/p>\n<p>[\/et_pb_text][et_pb_text admin_label=\u00bbDesarrollo (Texto)\u00bb _builder_version=\u00bb3.29.3&#8243; text_orientation=\u00bbjustified\u00bb hover_enabled=\u00bb0&#8243; border_style=\u00bbsolid\u00bb _i=\u00bb2&#8243; _address=\u00bb0.0.0.2&#8243;]<\/p>\n<p><span style=\"font-weight: 400;\">La nueva presidenta, agradeci\u00f3 la gran labor de la anterior presidenta y su equipo, se present\u00f3 como perteneciente a ADMA, voluntaria en el proyecto social de apoyo educativo \u00ab\u00c1ngel Tom\u00e1s\u00bb y como salesiana cooperadora.<\/span><\/p>\n<p><span style=\"font-weight: 400;\">Seguidamente present\u00f3 a su nueva junta compuesta por:<\/span><\/p>\n<p style=\"padding-left: 40px;\"><b>Consiliario:<\/b><span style=\"font-weight: 400;\"> D. Eladio Hern\u00e1ndez Garc\u00eda<\/span><\/p>\n<p style=\"padding-left: 40px;\"><b>Vicepresidenta:<\/b><span style=\"font-weight: 400;\"> Anto Maestre Pardo<\/span><\/p>\n<p style=\"padding-left: 40px;\"><b>Tesorera:<\/b><span style=\"font-weight: 400;\"> M\u00aa Isabel Garc\u00eda Flor<\/span><\/p>\n<p style=\"padding-left: 40px;\"><b>Secretaria:<\/b><span style=\"font-weight: 400;\"> Esther Ba\u00f1\u00f3n Ba\u00f1\u00f3n<\/span><\/p>\n<p style=\"padding-left: 40px;\"><b>Vocales:<\/b><\/p>\n<p style=\"padding-left: 40px;\"><span style=\"font-weight: 400;\">Manoli Fern\u00e1ndez Lozano<\/span><\/p>\n<p style=\"padding-left: 40px;\"><span style=\"font-weight: 400;\">Margarita Franc\u00e9s<\/span><\/p>\n<p style=\"padding-left: 40px;\"><span style=\"font-weight: 400;\">Adela Ba\u00f1\u00f3n Ba\u00f1\u00f3n<\/span><\/p>\n<p style=\"padding-left: 40px;\"><b>Colaboradores:<\/b><span style=\"font-weight: 400;\"> Conchita, Ana, Rafaela, Isabel,\u00a0 Rosa Reus, Rosa Blasco, Fina,\u00a0 M. Angeles y Emilio. Que siempre est\u00e1n para lo que se les necesita.<\/span><\/p>\n<p><span style=\"font-weight: 400;\">Resalt\u00f3 el gran servicio que realizan las Celadoras, que hacen llegar la imagen de la Virgen por los hogares de Villena.<\/span><\/p>\n<p><span style=\"font-weight: 400;\">En cuanto a sus propuestas se hizo hincapi\u00e9 en la importancia de la formaci\u00f3n y en intentar realizar actividades que abarquen a otros ambientes de la Casa, tal y como\u00a0 dice el objetivo de este a\u00f1o\u2026<\/span><b>\u00abTodos SOMOS UNO con los dem\u00e1s\u00bb.<\/b><\/p>\n<p>[\/et_pb_text][et_pb_text disabled_on=\u00bbon|on|on\u00bb admin_label=\u00bbT\u00edtulo: Galer\u00eda de fotos (Texto)\u00bb _builder_version=\u00bb3.27.4&#8243; text_font=\u00bb|on|||\u00bb text_text_color=\u00bb#dc001b\u00bb border_style=\u00bbsolid\u00bb disabled=\u00bbon\u00bb _i=\u00bb3&#8243; _address=\u00bb0.0.0.3&#8243;]Galer\u00eda de im\u00e1genes<br \/>\n[\/et_pb_text][et_pb_gallery posts_number=\u00bb8&#8243; show_title_and_caption=\u00bboff\u00bb zoom_icon_color=\u00bb#dc001b\u00bb hover_icon=\u00bb%%51%%\u00bb disabled_on=\u00bbon|on|on\u00bb admin_label=\u00bbGaler\u00eda\u00bb _builder_version=\u00bb3.0.87&#8243; border_style=\u00bbsolid\u00bb disabled=\u00bbon\u00bb _i=\u00bb4&#8243; _address=\u00bb0.0.0.4&#8243;][\/et_pb_gallery][et_pb_video disabled_on=\u00bbon|on|on\u00bb admin_label=\u00bbV\u00eddeo\u00bb _builder_version=\u00bb3.0.51&#8243; disabled=\u00bbon\u00bb _i=\u00bb5&#8243; _address=\u00bb0.0.0.5&#8243;][\/et_pb_video][\/et_pb_column][\/et_pb_row][\/et_pb_section]<\/p>\n","protected":false},"excerpt":{"rendered":"<p>El pasado martes 24 de septiembre despu\u00e9s de misa y en la sala Domingo Savio, la Asociaci\u00f3n de Mar\u00eda Auxiliadora celebr\u00f3 una asamblea extraordinaria con un \u00fanico punto en el Orden del D\u00eda: Elecci\u00f3n de Presidenta. En la que se vot\u00f3 por unanimidad a \u00c1gueda Beneyto Reig. Por Comunicaci\u00f3n ADMA La nueva presidenta, agradeci\u00f3 la [&hellip;]<\/p>\n","protected":false},"author":2,"featured_media":3203,"comment_status":"open","ping_status":"open","sticky":false,"template":"","format":"standard","meta":{"_et_pb_use_builder":"on","_et_pb_old_content":"","_et_gb_content_width":"","footnotes":""},"categories":[32,28,14],"tags":[],"class_list":["post-3202","post","type-post","status-publish","format-standard","has-post-thumbnail","hentry","category-admas","category-familiasalesiana","category-portadanoticias"],"yoast_head":"<!-- This site is optimized with the Yoast SEO plugin v28.3 - https:\/\/yoast.com\/product\/yoast-seo-wordpress\/ -->\n<title>Elecci\u00f3n nueva Junta Directiva de la Asociaci\u00f3n de Mar\u00eda Auxiliadora - Familia Salesiana<\/title>\n<meta name=\"robots\" content=\"index, follow, max-snippet:-1, max-image-preview:large, max-video-preview:-1\" \/>\n<link rel=\"canonical\" href=\"https:\/\/villena.salesianos.edu\/familiasalesiana\/eleccion-nueva-junta-directiva-de-la-asociacion-de-maria-auxiliadora\/\" \/>\n<meta property=\"og:locale\" content=\"es_ES\" \/>\n<meta property=\"og:type\" content=\"article\" \/>\n<meta property=\"og:title\" content=\"Elecci\u00f3n nueva Junta Directiva de la Asociaci\u00f3n de Mar\u00eda Auxiliadora - Familia Salesiana\" \/>\n<meta property=\"og:description\" content=\"El pasado martes 24 de septiembre despu\u00e9s de misa y en la sala Domingo Savio, la Asociaci\u00f3n de Mar\u00eda Auxiliadora celebr\u00f3 una asamblea extraordinaria con un \u00fanico punto en el Orden del D\u00eda: Elecci\u00f3n de Presidenta. En la que se vot\u00f3 por unanimidad a \u00c1gueda Beneyto Reig. Por Comunicaci\u00f3n ADMA La nueva presidenta, agradeci\u00f3 la [&hellip;]\" \/>\n<meta property=\"og:url\" content=\"https:\/\/villena.salesianos.edu\/familiasalesiana\/eleccion-nueva-junta-directiva-de-la-asociacion-de-maria-auxiliadora\/\" \/>\n<meta property=\"og:site_name\" content=\"Familia Salesiana\" \/>\n<meta property=\"article:published_time\" content=\"2019-10-03T08:59:37+00:00\" \/>\n<meta property=\"article:modified_time\" content=\"2019-10-03T08:59:43+00:00\" \/>\n<meta property=\"og:image\" content=\"https:\/\/villena.salesianos.edu\/familiasalesiana\/wp-content\/uploads\/sites\/7\/2019\/10\/adma.jpg\" \/>\n\t<meta property=\"og:image:width\" content=\"904\" \/>\n\t<meta property=\"og:image:height\" content=\"614\" \/>\n\t<meta property=\"og:image:type\" content=\"image\/jpeg\" \/>\n<meta name=\"author\" content=\"Gestor Web\" \/>\n<meta name=\"twitter:card\" content=\"summary_large_image\" \/>\n<meta name=\"twitter:label1\" content=\"Escrito por\" \/>\n\t<meta name=\"twitter:data1\" content=\"Gestor Web\" \/>\n\t<meta name=\"twitter:label2\" content=\"Tiempo de lectura\" \/>\n\t<meta name=\"twitter:data2\" content=\"2 minutos\" \/>\n<script type=\"application\/ld+json\" class=\"yoast-schema-graph\">{\"@context\":\"https:\\\/\\\/schema.org\",\"@graph\":[{\"@type\":\"Article\",\"@id\":\"https:\\\/\\\/villena.salesianos.edu\\\/familiasalesiana\\\/eleccion-nueva-junta-directiva-de-la-asociacion-de-maria-auxiliadora\\\/#article\",\"isPartOf\":{\"@id\":\"https:\\\/\\\/villena.salesianos.edu\\\/familiasalesiana\\\/eleccion-nueva-junta-directiva-de-la-asociacion-de-maria-auxiliadora\\\/\"},\"author\":{\"name\":\"Gestor Web\",\"@id\":\"https:\\\/\\\/villena.salesianos.edu\\\/familiasalesiana\\\/#\\\/schema\\\/person\\\/737fd46edc5ae7d6c9b94da26c0e9302\"},\"headline\":\"Elecci\u00f3n nueva Junta Directiva de la Asociaci\u00f3n de Mar\u00eda Auxiliadora\",\"datePublished\":\"2019-10-03T08:59:37+00:00\",\"dateModified\":\"2019-10-03T08:59:43+00:00\",\"mainEntityOfPage\":{\"@id\":\"https:\\\/\\\/villena.salesianos.edu\\\/familiasalesiana\\\/eleccion-nueva-junta-directiva-de-la-asociacion-de-maria-auxiliadora\\\/\"},\"wordCount\":463,\"commentCount\":0,\"image\":{\"@id\":\"https:\\\/\\\/villena.salesianos.edu\\\/familiasalesiana\\\/eleccion-nueva-junta-directiva-de-la-asociacion-de-maria-auxiliadora\\\/#primaryimage\"},\"thumbnailUrl\":\"https:\\\/\\\/villena.salesianos.edu\\\/familiasalesiana\\\/wp-content\\\/uploads\\\/sites\\\/7\\\/2019\\\/10\\\/adma.jpg\",\"articleSection\":[\"Admas\",\"Familia Salesiana\",\"Portada Noticias\"],\"inLanguage\":\"es\",\"potentialAction\":[{\"@type\":\"CommentAction\",\"name\":\"Comment\",\"target\":[\"https:\\\/\\\/villena.salesianos.edu\\\/familiasalesiana\\\/eleccion-nueva-junta-directiva-de-la-asociacion-de-maria-auxiliadora\\\/#respond\"]}]},{\"@type\":\"WebPage\",\"@id\":\"https:\\\/\\\/villena.salesianos.edu\\\/familiasalesiana\\\/eleccion-nueva-junta-directiva-de-la-asociacion-de-maria-auxiliadora\\\/\",\"url\":\"https:\\\/\\\/villena.salesianos.edu\\\/familiasalesiana\\\/eleccion-nueva-junta-directiva-de-la-asociacion-de-maria-auxiliadora\\\/\",\"name\":\"Elecci\u00f3n nueva Junta Directiva de la Asociaci\u00f3n de Mar\u00eda Auxiliadora - Familia Salesiana\",\"isPartOf\":{\"@id\":\"https:\\\/\\\/villena.salesianos.edu\\\/familiasalesiana\\\/#website\"},\"primaryImageOfPage\":{\"@id\":\"https:\\\/\\\/villena.salesianos.edu\\\/familiasalesiana\\\/eleccion-nueva-junta-directiva-de-la-asociacion-de-maria-auxiliadora\\\/#primaryimage\"},\"image\":{\"@id\":\"https:\\\/\\\/villena.salesianos.edu\\\/familiasalesiana\\\/eleccion-nueva-junta-directiva-de-la-asociacion-de-maria-auxiliadora\\\/#primaryimage\"},\"thumbnailUrl\":\"https:\\\/\\\/villena.salesianos.edu\\\/familiasalesiana\\\/wp-content\\\/uploads\\\/sites\\\/7\\\/2019\\\/10\\\/adma.jpg\",\"datePublished\":\"2019-10-03T08:59:37+00:00\",\"dateModified\":\"2019-10-03T08:59:43+00:00\",\"author\":{\"@id\":\"https:\\\/\\\/villena.salesianos.edu\\\/familiasalesiana\\\/#\\\/schema\\\/person\\\/737fd46edc5ae7d6c9b94da26c0e9302\"},\"breadcrumb\":{\"@id\":\"https:\\\/\\\/villena.salesianos.edu\\\/familiasalesiana\\\/eleccion-nueva-junta-directiva-de-la-asociacion-de-maria-auxiliadora\\\/#breadcrumb\"},\"inLanguage\":\"es\",\"potentialAction\":[{\"@type\":\"ReadAction\",\"target\":[\"https:\\\/\\\/villena.salesianos.edu\\\/familiasalesiana\\\/eleccion-nueva-junta-directiva-de-la-asociacion-de-maria-auxiliadora\\\/\"]}]},{\"@type\":\"ImageObject\",\"inLanguage\":\"es\",\"@id\":\"https:\\\/\\\/villena.salesianos.edu\\\/familiasalesiana\\\/eleccion-nueva-junta-directiva-de-la-asociacion-de-maria-auxiliadora\\\/#primaryimage\",\"url\":\"https:\\\/\\\/villena.salesianos.edu\\\/familiasalesiana\\\/wp-content\\\/uploads\\\/sites\\\/7\\\/2019\\\/10\\\/adma.jpg\",\"contentUrl\":\"https:\\\/\\\/villena.salesianos.edu\\\/familiasalesiana\\\/wp-content\\\/uploads\\\/sites\\\/7\\\/2019\\\/10\\\/adma.jpg\",\"width\":904,\"height\":614},{\"@type\":\"BreadcrumbList\",\"@id\":\"https:\\\/\\\/villena.salesianos.edu\\\/familiasalesiana\\\/eleccion-nueva-junta-directiva-de-la-asociacion-de-maria-auxiliadora\\\/#breadcrumb\",\"itemListElement\":[{\"@type\":\"ListItem\",\"position\":1,\"name\":\"Portada\",\"item\":\"https:\\\/\\\/villena.salesianos.edu\\\/familiasalesiana\\\/\"},{\"@type\":\"ListItem\",\"position\":2,\"name\":\"Elecci\u00f3n nueva Junta Directiva de la Asociaci\u00f3n de Mar\u00eda Auxiliadora\"}]},{\"@type\":\"WebSite\",\"@id\":\"https:\\\/\\\/villena.salesianos.edu\\\/familiasalesiana\\\/#website\",\"url\":\"https:\\\/\\\/villena.salesianos.edu\\\/familiasalesiana\\\/\",\"name\":\"Familia Salesiana\",\"description\":\"P\u00e1gina oficial Salesianos Villena\",\"potentialAction\":[{\"@type\":\"SearchAction\",\"target\":{\"@type\":\"EntryPoint\",\"urlTemplate\":\"https:\\\/\\\/villena.salesianos.edu\\\/familiasalesiana\\\/?s={search_term_string}\"},\"query-input\":{\"@type\":\"PropertyValueSpecification\",\"valueRequired\":true,\"valueName\":\"search_term_string\"}}],\"inLanguage\":\"es\"},{\"@type\":\"Person\",\"@id\":\"https:\\\/\\\/villena.salesianos.edu\\\/familiasalesiana\\\/#\\\/schema\\\/person\\\/737fd46edc5ae7d6c9b94da26c0e9302\",\"name\":\"Gestor Web\",\"image\":{\"@type\":\"ImageObject\",\"inLanguage\":\"es\",\"@id\":\"https:\\\/\\\/secure.gravatar.com\\\/avatar\\\/44469746e1b6443cd011d1759fdc3b9fdcdae4a08dc0ddd85247651cb065486d?s=96&d=mm&r=g\",\"url\":\"https:\\\/\\\/secure.gravatar.com\\\/avatar\\\/44469746e1b6443cd011d1759fdc3b9fdcdae4a08dc0ddd85247651cb065486d?s=96&d=mm&r=g\",\"contentUrl\":\"https:\\\/\\\/secure.gravatar.com\\\/avatar\\\/44469746e1b6443cd011d1759fdc3b9fdcdae4a08dc0ddd85247651cb065486d?s=96&d=mm&r=g\",\"caption\":\"Gestor Web\"}}]}<\/script>\n<!-- \/ Yoast SEO plugin. -->","yoast_head_json":{"title":"Elecci\u00f3n nueva Junta Directiva de la Asociaci\u00f3n de Mar\u00eda Auxiliadora - Familia Salesiana","robots":{"index":"index","follow":"follow","max-snippet":"max-snippet:-1","max-image-preview":"max-image-preview:large","max-video-preview":"max-video-preview:-1"},"canonical":"https:\/\/villena.salesianos.edu\/familiasalesiana\/eleccion-nueva-junta-directiva-de-la-asociacion-de-maria-auxiliadora\/","og_locale":"es_ES","og_type":"article","og_title":"Elecci\u00f3n nueva Junta Directiva de la Asociaci\u00f3n de Mar\u00eda Auxiliadora - Familia Salesiana","og_description":"El pasado martes 24 de septiembre despu\u00e9s de misa y en la sala Domingo Savio, la Asociaci\u00f3n de Mar\u00eda Auxiliadora celebr\u00f3 una asamblea extraordinaria con un \u00fanico punto en el Orden del D\u00eda: Elecci\u00f3n de Presidenta. En la que se vot\u00f3 por unanimidad a \u00c1gueda Beneyto Reig. Por Comunicaci\u00f3n ADMA La nueva presidenta, agradeci\u00f3 la [&hellip;]","og_url":"https:\/\/villena.salesianos.edu\/familiasalesiana\/eleccion-nueva-junta-directiva-de-la-asociacion-de-maria-auxiliadora\/","og_site_name":"Familia Salesiana","article_published_time":"2019-10-03T08:59:37+00:00","article_modified_time":"2019-10-03T08:59:43+00:00","og_image":[{"width":904,"height":614,"url":"https:\/\/villena.salesianos.edu\/familiasalesiana\/wp-content\/uploads\/sites\/7\/2019\/10\/adma.jpg","type":"image\/jpeg"}],"author":"Gestor Web","twitter_card":"summary_large_image","twitter_misc":{"Escrito por":"Gestor Web","Tiempo de lectura":"2 minutos"},"schema":{"@context":"https:\/\/schema.org","@graph":[{"@type":"Article","@id":"https:\/\/villena.salesianos.edu\/familiasalesiana\/eleccion-nueva-junta-directiva-de-la-asociacion-de-maria-auxiliadora\/#article","isPartOf":{"@id":"https:\/\/villena.salesianos.edu\/familiasalesiana\/eleccion-nueva-junta-directiva-de-la-asociacion-de-maria-auxiliadora\/"},"author":{"name":"Gestor Web","@id":"https:\/\/villena.salesianos.edu\/familiasalesiana\/#\/schema\/person\/737fd46edc5ae7d6c9b94da26c0e9302"},"headline":"Elecci\u00f3n nueva Junta Directiva de la Asociaci\u00f3n de Mar\u00eda Auxiliadora","datePublished":"2019-10-03T08:59:37+00:00","dateModified":"2019-10-03T08:59:43+00:00","mainEntityOfPage":{"@id":"https:\/\/villena.salesianos.edu\/familiasalesiana\/eleccion-nueva-junta-directiva-de-la-asociacion-de-maria-auxiliadora\/"},"wordCount":463,"commentCount":0,"image":{"@id":"https:\/\/villena.salesianos.edu\/familiasalesiana\/eleccion-nueva-junta-directiva-de-la-asociacion-de-maria-auxiliadora\/#primaryimage"},"thumbnailUrl":"https:\/\/villena.salesianos.edu\/familiasalesiana\/wp-content\/uploads\/sites\/7\/2019\/10\/adma.jpg","articleSection":["Admas","Familia Salesiana","Portada Noticias"],"inLanguage":"es","potentialAction":[{"@type":"CommentAction","name":"Comment","target":["https:\/\/villena.salesianos.edu\/familiasalesiana\/eleccion-nueva-junta-directiva-de-la-asociacion-de-maria-auxiliadora\/#respond"]}]},{"@type":"WebPage","@id":"https:\/\/villena.salesianos.edu\/familiasalesiana\/eleccion-nueva-junta-directiva-de-la-asociacion-de-maria-auxiliadora\/","url":"https:\/\/villena.salesianos.edu\/familiasalesiana\/eleccion-nueva-junta-directiva-de-la-asociacion-de-maria-auxiliadora\/","name":"Elecci\u00f3n nueva Junta Directiva de la Asociaci\u00f3n de Mar\u00eda Auxiliadora - Familia Salesiana","isPartOf":{"@id":"https:\/\/villena.salesianos.edu\/familiasalesiana\/#website"},"primaryImageOfPage":{"@id":"https:\/\/villena.salesianos.edu\/familiasalesiana\/eleccion-nueva-junta-directiva-de-la-asociacion-de-maria-auxiliadora\/#primaryimage"},"image":{"@id":"https:\/\/villena.salesianos.edu\/familiasalesiana\/eleccion-nueva-junta-directiva-de-la-asociacion-de-maria-auxiliadora\/#primaryimage"},"thumbnailUrl":"https:\/\/villena.salesianos.edu\/familiasalesiana\/wp-content\/uploads\/sites\/7\/2019\/10\/adma.jpg","datePublished":"2019-10-03T08:59:37+00:00","dateModified":"2019-10-03T08:59:43+00:00","author":{"@id":"https:\/\/villena.salesianos.edu\/familiasalesiana\/#\/schema\/person\/737fd46edc5ae7d6c9b94da26c0e9302"},"breadcrumb":{"@id":"https:\/\/villena.salesianos.edu\/familiasalesiana\/eleccion-nueva-junta-directiva-de-la-asociacion-de-maria-auxiliadora\/#breadcrumb"},"inLanguage":"es","potentialAction":[{"@type":"ReadAction","target":["https:\/\/villena.salesianos.edu\/familiasalesiana\/eleccion-nueva-junta-directiva-de-la-asociacion-de-maria-auxiliadora\/"]}]},{"@type":"ImageObject","inLanguage":"es","@id":"https:\/\/villena.salesianos.edu\/familiasalesiana\/eleccion-nueva-junta-directiva-de-la-asociacion-de-maria-auxiliadora\/#primaryimage","url":"https:\/\/villena.salesianos.edu\/familiasalesiana\/wp-content\/uploads\/sites\/7\/2019\/10\/adma.jpg","contentUrl":"https:\/\/villena.salesianos.edu\/familiasalesiana\/wp-content\/uploads\/sites\/7\/2019\/10\/adma.jpg","width":904,"height":614},{"@type":"BreadcrumbList","@id":"https:\/\/villena.salesianos.edu\/familiasalesiana\/eleccion-nueva-junta-directiva-de-la-asociacion-de-maria-auxiliadora\/#breadcrumb","itemListElement":[{"@type":"ListItem","position":1,"name":"Portada","item":"https:\/\/villena.salesianos.edu\/familiasalesiana\/"},{"@type":"ListItem","position":2,"name":"Elecci\u00f3n nueva Junta Directiva de la Asociaci\u00f3n de Mar\u00eda Auxiliadora"}]},{"@type":"WebSite","@id":"https:\/\/villena.salesianos.edu\/familiasalesiana\/#website","url":"https:\/\/villena.salesianos.edu\/familiasalesiana\/","name":"Familia Salesiana","description":"P\u00e1gina oficial Salesianos Villena","potentialAction":[{"@type":"SearchAction","target":{"@type":"EntryPoint","urlTemplate":"https:\/\/villena.salesianos.edu\/familiasalesiana\/?s={search_term_string}"},"query-input":{"@type":"PropertyValueSpecification","valueRequired":true,"valueName":"search_term_string"}}],"inLanguage":"es"},{"@type":"Person","@id":"https:\/\/villena.salesianos.edu\/familiasalesiana\/#\/schema\/person\/737fd46edc5ae7d6c9b94da26c0e9302","name":"Gestor Web","image":{"@type":"ImageObject","inLanguage":"es","@id":"https:\/\/secure.gravatar.com\/avatar\/44469746e1b6443cd011d1759fdc3b9fdcdae4a08dc0ddd85247651cb065486d?s=96&d=mm&r=g","url":"https:\/\/secure.gravatar.com\/avatar\/44469746e1b6443cd011d1759fdc3b9fdcdae4a08dc0ddd85247651cb065486d?s=96&d=mm&r=g","contentUrl":"https:\/\/secure.gravatar.com\/avatar\/44469746e1b6443cd011d1759fdc3b9fdcdae4a08dc0ddd85247651cb065486d?s=96&d=mm&r=g","caption":"Gestor Web"}}]}},"_links":{"self":[{"href":"https:\/\/villena.salesianos.edu\/familiasalesiana\/wp-json\/wp\/v2\/posts\/3202","targetHints":{"allow":["GET"]}}],"collection":[{"href":"https:\/\/villena.salesianos.edu\/familiasalesiana\/wp-json\/wp\/v2\/posts"}],"about":[{"href":"https:\/\/villena.salesianos.edu\/familiasalesiana\/wp-json\/wp\/v2\/types\/post"}],"author":[{"embeddable":true,"href":"https:\/\/villena.salesianos.edu\/familiasalesiana\/wp-json\/wp\/v2\/users\/2"}],"replies":[{"embeddable":true,"href":"https:\/\/villena.salesianos.edu\/familiasalesiana\/wp-json\/wp\/v2\/comments?post=3202"}],"version-history":[{"count":1,"href":"https:\/\/villena.salesianos.edu\/familiasalesiana\/wp-json\/wp\/v2\/posts\/3202\/revisions"}],"predecessor-version":[{"id":3204,"href":"https:\/\/villena.salesianos.edu\/familiasalesiana\/wp-json\/wp\/v2\/posts\/3202\/revisions\/3204"}],"wp:featuredmedia":[{"embeddable":true,"href":"https:\/\/villena.salesianos.edu\/familiasalesiana\/wp-json\/wp\/v2\/media\/3203"}],"wp:attachment":[{"href":"https:\/\/villena.salesianos.edu\/familiasalesiana\/wp-json\/wp\/v2\/media?parent=3202"}],"wp:term":[{"taxonomy":"category","embeddable":true,"href":"https:\/\/villena.salesianos.edu\/familiasalesiana\/wp-json\/wp\/v2\/categories?post=3202"},{"taxonomy":"post_tag","embeddable":true,"href":"https:\/\/villena.salesianos.edu\/familiasalesiana\/wp-json\/wp\/v2\/tags?post=3202"}],"curies":[{"name":"wp","href":"https:\/\/api.w.org\/{rel}","templated":true}]}}