{"id":3215,"date":"2019-11-27T10:11:03","date_gmt":"2019-11-27T09:11:03","guid":{"rendered":"https:\/\/villena.salesianos.edu\/familiasalesiana\/nuestra-adma-conmemora-el-dia-24-de-una-manera-muy-especial\/"},"modified":"2019-11-27T10:11:48","modified_gmt":"2019-11-27T09:11:48","slug":"nuestra-adma-conmemora-el-dia-24-de-una-manera-muy-especial","status":"publish","type":"post","link":"https:\/\/villena.salesianos.edu\/familiasalesiana\/nuestra-adma-conmemora-el-dia-24-de-una-manera-muy-especial\/","title":{"rendered":"Nuestra ADMA conmemora el d\u00eda 24 de una manera muy especial"},"content":{"rendered":"<p>[et_pb_section fb_built=\u00bb1&#8243; admin_label=\u00bbsection\u00bb _builder_version=\u00bb3.22&#8243;][et_pb_row admin_label=\u00bbrow\u00bb _builder_version=\u00bb3.25&#8243; background_size=\u00bbinitial\u00bb background_position=\u00bbtop_left\u00bb background_repeat=\u00bbrepeat\u00bb][et_pb_column type=\u00bb4_4&#8243; _builder_version=\u00bb3.25&#8243; custom_padding=\u00bb|||\u00bb custom_padding__hover=\u00bb|||\u00bb][et_pb_text admin_label=\u00bbEntradilla (Texto)\u00bb _builder_version=\u00bb4.0.6&#8243; text_font=\u00bb|on|||\u00bb text_orientation=\u00bbjustified\u00bb border_style=\u00bbsolid\u00bb]<\/p>\n<p align=\"justify\"><span style=\"font-family: Arial, sans-serif;\"><span style=\"font-size: medium;\"><b>El pasado domingo 24 de Noviembre conmemoramos el d\u00eda de Mar\u00eda Auxiliadora de forma muy especial. <\/b><\/span><\/span><\/p>\n<p>\u200b<\/p>\n<p>[\/et_pb_text][et_pb_text admin_label=\u00bbAutor (Texto)\u00bb _builder_version=\u00bb4.0.6&#8243; text_font=\u00bb||on||\u00bb border_style=\u00bbsolid\u00bb]<\/p>\n<p><em>Por Comunicaci\u00f3n ADMA<\/em><\/p>\n<p>[\/et_pb_text][et_pb_text admin_label=\u00bbDesarrollo (Texto)\u00bb _builder_version=\u00bb4.0.6&#8243; text_orientation=\u00bbjustified\u00bb border_style=\u00bbsolid\u00bb]<\/p>\n<p align=\"justify\"><span style=\"font-family: Arial, sans-serif;\"><span style=\"font-size: medium;\">Se hizo entrega de la primera <b>\u201ccapillita infantil\u201d<\/b> para que visite las casas de los ni\u00f1os que se est\u00e1n preparando para recibir la primera Comuni\u00f3n.<\/span><\/span><\/p>\n<p align=\"justify\"><span style=\"font-family: Arial, sans-serif;\"><span style=\"font-size: medium;\">Result\u00f3 un acto sencillo y muy emotivo. Junto a los ni\u00f1os de Comuni\u00f3n estaban el grupo de <a href=\"https:\/\/villena.salesianos.edu\/familiasalesiana\/antiguosalumnos\/\"><strong>Antiguos Alumnos \u201cLos Lisardos\u201d<\/strong><\/a>, los <a href=\"https:\/\/villena.salesianos.edu\/familiasalesiana\/cooperadores\/\"><strong>Cooperadores Salesianos<\/strong><\/a>, la <a href=\"https:\/\/villena.salesianos.edu\/familiasalesiana\/adma\/\"><strong>Asociaci\u00f3n de Mar\u00eda Auxiliadora<\/strong> <\/a>y un buen n\u00famero de feligreses.<\/span><\/span><\/p>\n<p align=\"justify\"><span style=\"font-family: Arial, sans-serif;\"><span style=\"font-size: medium;\">Desde esta Asociaci\u00f3n\u00a0se intenta propagar la devoci\u00f3n a nuestra Madre y creemos que esta puede ser una buena iniciativa.<\/span><\/span><\/p>\n<p>\u200b<\/p>\n<p>[\/et_pb_text][et_pb_text disabled_on=\u00bbon|on|on\u00bb admin_label=\u00bbT\u00edtulo: Galer\u00eda de fotos (Texto)\u00bb _builder_version=\u00bb4.0.6&#8243; text_font=\u00bb|on|||\u00bb text_text_color=\u00bb#dc001b\u00bb border_style=\u00bbsolid\u00bb disabled=\u00bbon\u00bb]Galer\u00eda de im\u00e1genes<br \/>\n[\/et_pb_text][et_pb_gallery posts_number=\u00bb8&#8243; show_title_and_caption=\u00bboff\u00bb zoom_icon_color=\u00bb#dc001b\u00bb hover_icon=\u00bb%%51%%\u00bb disabled_on=\u00bbon|on|on\u00bb admin_label=\u00bbGaler\u00eda\u00bb _builder_version=\u00bb3.0.87&#8243; border_style=\u00bbsolid\u00bb disabled=\u00bbon\u00bb][\/et_pb_gallery][et_pb_video disabled_on=\u00bbon|on|on\u00bb admin_label=\u00bbV\u00eddeo\u00bb _builder_version=\u00bb3.0.51&#8243; disabled=\u00bbon\u00bb][\/et_pb_video][\/et_pb_column][\/et_pb_row][\/et_pb_section]<\/p>\n","protected":false},"excerpt":{"rendered":"<p>El pasado domingo 24 de Noviembre conmemoramos el d\u00eda de Mar\u00eda Auxiliadora de forma muy especial. \u200bPor Comunicaci\u00f3n ADMASe hizo entrega de la primera \u201ccapillita infantil\u201d para que visite las casas de los ni\u00f1os que se est\u00e1n preparando para recibir la primera Comuni\u00f3n. Result\u00f3 un acto sencillo y muy emotivo. Junto a los ni\u00f1os de [&hellip;]<\/p>\n","protected":false},"author":2,"featured_media":3218,"comment_status":"open","ping_status":"open","sticky":false,"template":"","format":"standard","meta":{"_et_pb_use_builder":"on","_et_pb_old_content":"<p>em<\/p>","_et_gb_content_width":"","footnotes":""},"categories":[46,33,31,28,14],"tags":[],"class_list":["post-3215","post","type-post","status-publish","format-standard","has-post-thumbnail","hentry","category-adma","category-antiguosalumnos","category-cooperadores","category-familiasalesiana","category-portadanoticias"],"yoast_head":"<!-- This site is optimized with the Yoast SEO plugin v28.3 - https:\/\/yoast.com\/product\/yoast-seo-wordpress\/ -->\n<title>Nuestra ADMA conmemora el d\u00eda 24 de una manera muy especial - Familia Salesiana<\/title>\n<meta name=\"robots\" content=\"index, follow, max-snippet:-1, max-image-preview:large, max-video-preview:-1\" \/>\n<link rel=\"canonical\" href=\"https:\/\/villena.salesianos.edu\/familiasalesiana\/nuestra-adma-conmemora-el-dia-24-de-una-manera-muy-especial\/\" \/>\n<meta property=\"og:locale\" content=\"es_ES\" \/>\n<meta property=\"og:type\" content=\"article\" \/>\n<meta property=\"og:title\" content=\"Nuestra ADMA conmemora el d\u00eda 24 de una manera muy especial - Familia Salesiana\" \/>\n<meta property=\"og:description\" content=\"El pasado domingo 24 de Noviembre conmemoramos el d\u00eda de Mar\u00eda Auxiliadora de forma muy especial. \u200bPor Comunicaci\u00f3n ADMASe hizo entrega de la primera \u201ccapillita infantil\u201d para que visite las casas de los ni\u00f1os que se est\u00e1n preparando para recibir la primera Comuni\u00f3n. Result\u00f3 un acto sencillo y muy emotivo. Junto a los ni\u00f1os de [&hellip;]\" \/>\n<meta property=\"og:url\" content=\"https:\/\/villena.salesianos.edu\/familiasalesiana\/nuestra-adma-conmemora-el-dia-24-de-una-manera-muy-especial\/\" \/>\n<meta property=\"og:site_name\" content=\"Familia Salesiana\" \/>\n<meta property=\"article:published_time\" content=\"2019-11-27T09:11:03+00:00\" \/>\n<meta property=\"article:modified_time\" content=\"2019-11-27T09:11:48+00:00\" \/>\n<meta property=\"og:image\" content=\"https:\/\/villena.salesianos.edu\/familiasalesiana\/wp-content\/uploads\/sites\/7\/2019\/11\/IMG-20191127-WA0007.jpg\" \/>\n\t<meta property=\"og:image:width\" content=\"2048\" \/>\n\t<meta property=\"og:image:height\" content=\"1152\" \/>\n\t<meta property=\"og:image:type\" content=\"image\/jpeg\" \/>\n<meta name=\"author\" content=\"Gestor Web\" \/>\n<meta name=\"twitter:card\" content=\"summary_large_image\" \/>\n<meta name=\"twitter:label1\" content=\"Escrito por\" \/>\n\t<meta name=\"twitter:data1\" content=\"Gestor Web\" \/>\n\t<meta name=\"twitter:label2\" content=\"Tiempo de lectura\" \/>\n\t<meta name=\"twitter:data2\" content=\"2 minutos\" \/>\n<script type=\"application\/ld+json\" class=\"yoast-schema-graph\">{\"@context\":\"https:\\\/\\\/schema.org\",\"@graph\":[{\"@type\":\"Article\",\"@id\":\"https:\\\/\\\/villena.salesianos.edu\\\/familiasalesiana\\\/nuestra-adma-conmemora-el-dia-24-de-una-manera-muy-especial\\\/#article\",\"isPartOf\":{\"@id\":\"https:\\\/\\\/villena.salesianos.edu\\\/familiasalesiana\\\/nuestra-adma-conmemora-el-dia-24-de-una-manera-muy-especial\\\/\"},\"author\":{\"name\":\"Gestor Web\",\"@id\":\"https:\\\/\\\/villena.salesianos.edu\\\/familiasalesiana\\\/#\\\/schema\\\/person\\\/737fd46edc5ae7d6c9b94da26c0e9302\"},\"headline\":\"Nuestra ADMA conmemora el d\u00eda 24 de una manera muy especial\",\"datePublished\":\"2019-11-27T09:11:03+00:00\",\"dateModified\":\"2019-11-27T09:11:48+00:00\",\"mainEntityOfPage\":{\"@id\":\"https:\\\/\\\/villena.salesianos.edu\\\/familiasalesiana\\\/nuestra-adma-conmemora-el-dia-24-de-una-manera-muy-especial\\\/\"},\"wordCount\":322,\"commentCount\":0,\"image\":{\"@id\":\"https:\\\/\\\/villena.salesianos.edu\\\/familiasalesiana\\\/nuestra-adma-conmemora-el-dia-24-de-una-manera-muy-especial\\\/#primaryimage\"},\"thumbnailUrl\":\"https:\\\/\\\/villena.salesianos.edu\\\/familiasalesiana\\\/wp-content\\\/uploads\\\/sites\\\/7\\\/2019\\\/11\\\/IMG-20191127-WA0007.jpg\",\"articleSection\":[\"Adma\",\"Antiguos Alumnos\",\"Cooperadores\",\"Familia Salesiana\",\"Portada Noticias\"],\"inLanguage\":\"es\",\"potentialAction\":[{\"@type\":\"CommentAction\",\"name\":\"Comment\",\"target\":[\"https:\\\/\\\/villena.salesianos.edu\\\/familiasalesiana\\\/nuestra-adma-conmemora-el-dia-24-de-una-manera-muy-especial\\\/#respond\"]}]},{\"@type\":\"WebPage\",\"@id\":\"https:\\\/\\\/villena.salesianos.edu\\\/familiasalesiana\\\/nuestra-adma-conmemora-el-dia-24-de-una-manera-muy-especial\\\/\",\"url\":\"https:\\\/\\\/villena.salesianos.edu\\\/familiasalesiana\\\/nuestra-adma-conmemora-el-dia-24-de-una-manera-muy-especial\\\/\",\"name\":\"Nuestra ADMA conmemora el d\u00eda 24 de una manera muy especial - Familia Salesiana\",\"isPartOf\":{\"@id\":\"https:\\\/\\\/villena.salesianos.edu\\\/familiasalesiana\\\/#website\"},\"primaryImageOfPage\":{\"@id\":\"https:\\\/\\\/villena.salesianos.edu\\\/familiasalesiana\\\/nuestra-adma-conmemora-el-dia-24-de-una-manera-muy-especial\\\/#primaryimage\"},\"image\":{\"@id\":\"https:\\\/\\\/villena.salesianos.edu\\\/familiasalesiana\\\/nuestra-adma-conmemora-el-dia-24-de-una-manera-muy-especial\\\/#primaryimage\"},\"thumbnailUrl\":\"https:\\\/\\\/villena.salesianos.edu\\\/familiasalesiana\\\/wp-content\\\/uploads\\\/sites\\\/7\\\/2019\\\/11\\\/IMG-20191127-WA0007.jpg\",\"datePublished\":\"2019-11-27T09:11:03+00:00\",\"dateModified\":\"2019-11-27T09:11:48+00:00\",\"author\":{\"@id\":\"https:\\\/\\\/villena.salesianos.edu\\\/familiasalesiana\\\/#\\\/schema\\\/person\\\/737fd46edc5ae7d6c9b94da26c0e9302\"},\"breadcrumb\":{\"@id\":\"https:\\\/\\\/villena.salesianos.edu\\\/familiasalesiana\\\/nuestra-adma-conmemora-el-dia-24-de-una-manera-muy-especial\\\/#breadcrumb\"},\"inLanguage\":\"es\",\"potentialAction\":[{\"@type\":\"ReadAction\",\"target\":[\"https:\\\/\\\/villena.salesianos.edu\\\/familiasalesiana\\\/nuestra-adma-conmemora-el-dia-24-de-una-manera-muy-especial\\\/\"]}]},{\"@type\":\"ImageObject\",\"inLanguage\":\"es\",\"@id\":\"https:\\\/\\\/villena.salesianos.edu\\\/familiasalesiana\\\/nuestra-adma-conmemora-el-dia-24-de-una-manera-muy-especial\\\/#primaryimage\",\"url\":\"https:\\\/\\\/villena.salesianos.edu\\\/familiasalesiana\\\/wp-content\\\/uploads\\\/sites\\\/7\\\/2019\\\/11\\\/IMG-20191127-WA0007.jpg\",\"contentUrl\":\"https:\\\/\\\/villena.salesianos.edu\\\/familiasalesiana\\\/wp-content\\\/uploads\\\/sites\\\/7\\\/2019\\\/11\\\/IMG-20191127-WA0007.jpg\",\"width\":2048,\"height\":1152},{\"@type\":\"BreadcrumbList\",\"@id\":\"https:\\\/\\\/villena.salesianos.edu\\\/familiasalesiana\\\/nuestra-adma-conmemora-el-dia-24-de-una-manera-muy-especial\\\/#breadcrumb\",\"itemListElement\":[{\"@type\":\"ListItem\",\"position\":1,\"name\":\"Portada\",\"item\":\"https:\\\/\\\/villena.salesianos.edu\\\/familiasalesiana\\\/\"},{\"@type\":\"ListItem\",\"position\":2,\"name\":\"Nuestra ADMA conmemora el d\u00eda 24 de una manera muy especial\"}]},{\"@type\":\"WebSite\",\"@id\":\"https:\\\/\\\/villena.salesianos.edu\\\/familiasalesiana\\\/#website\",\"url\":\"https:\\\/\\\/villena.salesianos.edu\\\/familiasalesiana\\\/\",\"name\":\"Familia Salesiana\",\"description\":\"P\u00e1gina oficial Salesianos Villena\",\"potentialAction\":[{\"@type\":\"SearchAction\",\"target\":{\"@type\":\"EntryPoint\",\"urlTemplate\":\"https:\\\/\\\/villena.salesianos.edu\\\/familiasalesiana\\\/?s={search_term_string}\"},\"query-input\":{\"@type\":\"PropertyValueSpecification\",\"valueRequired\":true,\"valueName\":\"search_term_string\"}}],\"inLanguage\":\"es\"},{\"@type\":\"Person\",\"@id\":\"https:\\\/\\\/villena.salesianos.edu\\\/familiasalesiana\\\/#\\\/schema\\\/person\\\/737fd46edc5ae7d6c9b94da26c0e9302\",\"name\":\"Gestor Web\",\"image\":{\"@type\":\"ImageObject\",\"inLanguage\":\"es\",\"@id\":\"https:\\\/\\\/secure.gravatar.com\\\/avatar\\\/44469746e1b6443cd011d1759fdc3b9fdcdae4a08dc0ddd85247651cb065486d?s=96&d=mm&r=g\",\"url\":\"https:\\\/\\\/secure.gravatar.com\\\/avatar\\\/44469746e1b6443cd011d1759fdc3b9fdcdae4a08dc0ddd85247651cb065486d?s=96&d=mm&r=g\",\"contentUrl\":\"https:\\\/\\\/secure.gravatar.com\\\/avatar\\\/44469746e1b6443cd011d1759fdc3b9fdcdae4a08dc0ddd85247651cb065486d?s=96&d=mm&r=g\",\"caption\":\"Gestor Web\"}}]}<\/script>\n<!-- \/ Yoast SEO plugin. -->","yoast_head_json":{"title":"Nuestra ADMA conmemora el d\u00eda 24 de una manera muy especial - Familia Salesiana","robots":{"index":"index","follow":"follow","max-snippet":"max-snippet:-1","max-image-preview":"max-image-preview:large","max-video-preview":"max-video-preview:-1"},"canonical":"https:\/\/villena.salesianos.edu\/familiasalesiana\/nuestra-adma-conmemora-el-dia-24-de-una-manera-muy-especial\/","og_locale":"es_ES","og_type":"article","og_title":"Nuestra ADMA conmemora el d\u00eda 24 de una manera muy especial - Familia Salesiana","og_description":"El pasado domingo 24 de Noviembre conmemoramos el d\u00eda de Mar\u00eda Auxiliadora de forma muy especial. \u200bPor Comunicaci\u00f3n ADMASe hizo entrega de la primera \u201ccapillita infantil\u201d para que visite las casas de los ni\u00f1os que se est\u00e1n preparando para recibir la primera Comuni\u00f3n. Result\u00f3 un acto sencillo y muy emotivo. Junto a los ni\u00f1os de [&hellip;]","og_url":"https:\/\/villena.salesianos.edu\/familiasalesiana\/nuestra-adma-conmemora-el-dia-24-de-una-manera-muy-especial\/","og_site_name":"Familia Salesiana","article_published_time":"2019-11-27T09:11:03+00:00","article_modified_time":"2019-11-27T09:11:48+00:00","og_image":[{"width":2048,"height":1152,"url":"https:\/\/villena.salesianos.edu\/familiasalesiana\/wp-content\/uploads\/sites\/7\/2019\/11\/IMG-20191127-WA0007.jpg","type":"image\/jpeg"}],"author":"Gestor Web","twitter_card":"summary_large_image","twitter_misc":{"Escrito por":"Gestor Web","Tiempo de lectura":"2 minutos"},"schema":{"@context":"https:\/\/schema.org","@graph":[{"@type":"Article","@id":"https:\/\/villena.salesianos.edu\/familiasalesiana\/nuestra-adma-conmemora-el-dia-24-de-una-manera-muy-especial\/#article","isPartOf":{"@id":"https:\/\/villena.salesianos.edu\/familiasalesiana\/nuestra-adma-conmemora-el-dia-24-de-una-manera-muy-especial\/"},"author":{"name":"Gestor Web","@id":"https:\/\/villena.salesianos.edu\/familiasalesiana\/#\/schema\/person\/737fd46edc5ae7d6c9b94da26c0e9302"},"headline":"Nuestra ADMA conmemora el d\u00eda 24 de una manera muy especial","datePublished":"2019-11-27T09:11:03+00:00","dateModified":"2019-11-27T09:11:48+00:00","mainEntityOfPage":{"@id":"https:\/\/villena.salesianos.edu\/familiasalesiana\/nuestra-adma-conmemora-el-dia-24-de-una-manera-muy-especial\/"},"wordCount":322,"commentCount":0,"image":{"@id":"https:\/\/villena.salesianos.edu\/familiasalesiana\/nuestra-adma-conmemora-el-dia-24-de-una-manera-muy-especial\/#primaryimage"},"thumbnailUrl":"https:\/\/villena.salesianos.edu\/familiasalesiana\/wp-content\/uploads\/sites\/7\/2019\/11\/IMG-20191127-WA0007.jpg","articleSection":["Adma","Antiguos Alumnos","Cooperadores","Familia Salesiana","Portada Noticias"],"inLanguage":"es","potentialAction":[{"@type":"CommentAction","name":"Comment","target":["https:\/\/villena.salesianos.edu\/familiasalesiana\/nuestra-adma-conmemora-el-dia-24-de-una-manera-muy-especial\/#respond"]}]},{"@type":"WebPage","@id":"https:\/\/villena.salesianos.edu\/familiasalesiana\/nuestra-adma-conmemora-el-dia-24-de-una-manera-muy-especial\/","url":"https:\/\/villena.salesianos.edu\/familiasalesiana\/nuestra-adma-conmemora-el-dia-24-de-una-manera-muy-especial\/","name":"Nuestra ADMA conmemora el d\u00eda 24 de una manera muy especial - Familia Salesiana","isPartOf":{"@id":"https:\/\/villena.salesianos.edu\/familiasalesiana\/#website"},"primaryImageOfPage":{"@id":"https:\/\/villena.salesianos.edu\/familiasalesiana\/nuestra-adma-conmemora-el-dia-24-de-una-manera-muy-especial\/#primaryimage"},"image":{"@id":"https:\/\/villena.salesianos.edu\/familiasalesiana\/nuestra-adma-conmemora-el-dia-24-de-una-manera-muy-especial\/#primaryimage"},"thumbnailUrl":"https:\/\/villena.salesianos.edu\/familiasalesiana\/wp-content\/uploads\/sites\/7\/2019\/11\/IMG-20191127-WA0007.jpg","datePublished":"2019-11-27T09:11:03+00:00","dateModified":"2019-11-27T09:11:48+00:00","author":{"@id":"https:\/\/villena.salesianos.edu\/familiasalesiana\/#\/schema\/person\/737fd46edc5ae7d6c9b94da26c0e9302"},"breadcrumb":{"@id":"https:\/\/villena.salesianos.edu\/familiasalesiana\/nuestra-adma-conmemora-el-dia-24-de-una-manera-muy-especial\/#breadcrumb"},"inLanguage":"es","potentialAction":[{"@type":"ReadAction","target":["https:\/\/villena.salesianos.edu\/familiasalesiana\/nuestra-adma-conmemora-el-dia-24-de-una-manera-muy-especial\/"]}]},{"@type":"ImageObject","inLanguage":"es","@id":"https:\/\/villena.salesianos.edu\/familiasalesiana\/nuestra-adma-conmemora-el-dia-24-de-una-manera-muy-especial\/#primaryimage","url":"https:\/\/villena.salesianos.edu\/familiasalesiana\/wp-content\/uploads\/sites\/7\/2019\/11\/IMG-20191127-WA0007.jpg","contentUrl":"https:\/\/villena.salesianos.edu\/familiasalesiana\/wp-content\/uploads\/sites\/7\/2019\/11\/IMG-20191127-WA0007.jpg","width":2048,"height":1152},{"@type":"BreadcrumbList","@id":"https:\/\/villena.salesianos.edu\/familiasalesiana\/nuestra-adma-conmemora-el-dia-24-de-una-manera-muy-especial\/#breadcrumb","itemListElement":[{"@type":"ListItem","position":1,"name":"Portada","item":"https:\/\/villena.salesianos.edu\/familiasalesiana\/"},{"@type":"ListItem","position":2,"name":"Nuestra ADMA conmemora el d\u00eda 24 de una manera muy especial"}]},{"@type":"WebSite","@id":"https:\/\/villena.salesianos.edu\/familiasalesiana\/#website","url":"https:\/\/villena.salesianos.edu\/familiasalesiana\/","name":"Familia Salesiana","description":"P\u00e1gina oficial Salesianos Villena","potentialAction":[{"@type":"SearchAction","target":{"@type":"EntryPoint","urlTemplate":"https:\/\/villena.salesianos.edu\/familiasalesiana\/?s={search_term_string}"},"query-input":{"@type":"PropertyValueSpecification","valueRequired":true,"valueName":"search_term_string"}}],"inLanguage":"es"},{"@type":"Person","@id":"https:\/\/villena.salesianos.edu\/familiasalesiana\/#\/schema\/person\/737fd46edc5ae7d6c9b94da26c0e9302","name":"Gestor Web","image":{"@type":"ImageObject","inLanguage":"es","@id":"https:\/\/secure.gravatar.com\/avatar\/44469746e1b6443cd011d1759fdc3b9fdcdae4a08dc0ddd85247651cb065486d?s=96&d=mm&r=g","url":"https:\/\/secure.gravatar.com\/avatar\/44469746e1b6443cd011d1759fdc3b9fdcdae4a08dc0ddd85247651cb065486d?s=96&d=mm&r=g","contentUrl":"https:\/\/secure.gravatar.com\/avatar\/44469746e1b6443cd011d1759fdc3b9fdcdae4a08dc0ddd85247651cb065486d?s=96&d=mm&r=g","caption":"Gestor Web"}}]}},"_links":{"self":[{"href":"https:\/\/villena.salesianos.edu\/familiasalesiana\/wp-json\/wp\/v2\/posts\/3215","targetHints":{"allow":["GET"]}}],"collection":[{"href":"https:\/\/villena.salesianos.edu\/familiasalesiana\/wp-json\/wp\/v2\/posts"}],"about":[{"href":"https:\/\/villena.salesianos.edu\/familiasalesiana\/wp-json\/wp\/v2\/types\/post"}],"author":[{"embeddable":true,"href":"https:\/\/villena.salesianos.edu\/familiasalesiana\/wp-json\/wp\/v2\/users\/2"}],"replies":[{"embeddable":true,"href":"https:\/\/villena.salesianos.edu\/familiasalesiana\/wp-json\/wp\/v2\/comments?post=3215"}],"version-history":[{"count":2,"href":"https:\/\/villena.salesianos.edu\/familiasalesiana\/wp-json\/wp\/v2\/posts\/3215\/revisions"}],"predecessor-version":[{"id":3217,"href":"https:\/\/villena.salesianos.edu\/familiasalesiana\/wp-json\/wp\/v2\/posts\/3215\/revisions\/3217"}],"wp:featuredmedia":[{"embeddable":true,"href":"https:\/\/villena.salesianos.edu\/familiasalesiana\/wp-json\/wp\/v2\/media\/3218"}],"wp:attachment":[{"href":"https:\/\/villena.salesianos.edu\/familiasalesiana\/wp-json\/wp\/v2\/media?parent=3215"}],"wp:term":[{"taxonomy":"category","embeddable":true,"href":"https:\/\/villena.salesianos.edu\/familiasalesiana\/wp-json\/wp\/v2\/categories?post=3215"},{"taxonomy":"post_tag","embeddable":true,"href":"https:\/\/villena.salesianos.edu\/familiasalesiana\/wp-json\/wp\/v2\/tags?post=3215"}],"curies":[{"name":"wp","href":"https:\/\/api.w.org\/{rel}","templated":true}]}}