{"id":3323,"date":"2023-10-04T17:08:33","date_gmt":"2023-10-04T16:08:33","guid":{"rendered":"https:\/\/villena.salesianos.edu\/familiasalesiana\/la-xliv-asamblea-federal-de-antiguos-alumnos-region-valencia-tiene-lugar-en-villena-2\/"},"modified":"2023-10-04T17:08:33","modified_gmt":"2023-10-04T16:08:33","slug":"la-xliv-asamblea-federal-de-antiguos-alumnos-region-valencia-tiene-lugar-en-villena-2","status":"publish","type":"post","link":"https:\/\/villena.salesianos.edu\/familiasalesiana\/la-xliv-asamblea-federal-de-antiguos-alumnos-region-valencia-tiene-lugar-en-villena-2\/","title":{"rendered":"La XLIV Asamblea Federal de antiguos alumnos regi\u00f3n Valencia, tiene lugar en Villena"},"content":{"rendered":"<p>[et_pb_section fb_built=\u00bb1&#8243; admin_label=\u00bbsection\u00bb _builder_version=\u00bb4.16&#8243; global_colors_info=\u00bb{}\u00bb theme_builder_area=\u00bbpost_content\u00bb][et_pb_row admin_label=\u00bbrow\u00bb _builder_version=\u00bb4.16&#8243; background_size=\u00bbinitial\u00bb background_position=\u00bbtop_left\u00bb background_repeat=\u00bbrepeat\u00bb global_colors_info=\u00bb{}\u00bb theme_builder_area=\u00bbpost_content\u00bb][et_pb_column type=\u00bb4_4&#8243; _builder_version=\u00bb4.16&#8243; custom_padding=\u00bb|||\u00bb global_colors_info=\u00bb{}\u00bb custom_padding__hover=\u00bb|||\u00bb theme_builder_area=\u00bbpost_content\u00bb][et_pb_text admin_label=\u00bbEntradilla (Texto)\u00bb _builder_version=\u00bb4.22.0&#8243; text_font=\u00bb|on|||\u00bb text_orientation=\u00bbjustified\u00bb hover_enabled=\u00bb0&#8243; border_style=\u00bbsolid\u00bb global_colors_info=\u00bb{}\u00bb theme_builder_area=\u00bbpost_content\u00bb sticky_enabled=\u00bb0&#8243;]<\/p>\n<p><strong>El pasado domingo, tuvo lugar en la Casa Salesiana de Villena la XLIV Asamblea Federal, Federaci\u00f3n de AA.AA de Valencia \u201cCarlos Gastini\u201d.<\/strong><\/p>\n<p>\u200b<\/p>\n<p>[\/et_pb_text][et_pb_text admin_label=\u00bbAutor (Texto)\u00bb _builder_version=\u00bb4.22.0&#8243; text_font=\u00bb||on||\u00bb hover_enabled=\u00bb0&#8243; border_style=\u00bbsolid\u00bb global_colors_info=\u00bb{}\u00bb theme_builder_area=\u00bbpost_content\u00bb sticky_enabled=\u00bb0&#8243;]<\/p>\n<p>Por Comunicaci\u00f3n Salesianos Villena<\/p>\n<p>[\/et_pb_text][et_pb_text admin_label=\u00bbDesarrollo (Texto)\u00bb _builder_version=\u00bb4.22.0&#8243; text_orientation=\u00bbjustified\u00bb hover_enabled=\u00bb0&#8243; border_style=\u00bbsolid\u00bb global_colors_info=\u00bb{}\u00bb theme_builder_area=\u00bbpost_content\u00bb sticky_enabled=\u00bb0&#8243;]<\/p>\n<p>El pasado domingo, tuvo lugar en la Casa Salesiana de Villena la XLIV Asamblea Federal, Federaci\u00f3n de AA.AA de Valencia \u201cCarlos Gastini\u201d.<\/p>\n<p>Este es un acontecimiento que se realiza cada a\u00f1o y en el cual se re\u00fanen todas las asociaciones de antiguos alumnos del territorio. En esta ocasi\u00f3n, han estado presentes representantes de las juntas locales de Valencia, Alcoy, Alicante y Villena. Adem\u00e1s de la junta federal (Comunidad Valenciana).<\/p>\n<p>Acompa\u00f1ando a estos, han estado representantes de la junta nacional como el director nacional, con su tesorero y la responsable del movimiento joven.<\/p>\n<p>Mientras que la acogida en la casa ha sido dada por nuestro director de obra Veri y el presidente de antiguos alumnos de Villena, David C\u00e9spedes.<\/p>\n<p>En este encuentro han podido trabajar sobre la situaci\u00f3n actual de las asociaciones locales acompa\u00f1ado de un momento formativo sobre \u201cel sue\u00f1o de Don Bosco\u201d impartido por el secretario federal Jos\u00e9 Juan Serrano.<\/p>\n<p>Finalizan el encuentro con las pilas cargadas y llenos de fuerzas para arrancar el curso, manteniendo vivo el esp\u00edritu de Don Bosco en todos los antiguos alumnos de nuestra regi\u00f3n.<\/p>\n<p>\u200b<\/p>\n<p>[\/et_pb_text][et_pb_text disabled_on=\u00bbon|on|on\u00bb admin_label=\u00bbT\u00edtulo: Galer\u00eda de fotos (Texto)\u00bb _builder_version=\u00bb4.16&#8243; text_font=\u00bb|on|||\u00bb text_text_color=\u00bb#dc001b\u00bb border_style=\u00bbsolid\u00bb disabled=\u00bbon\u00bb global_colors_info=\u00bb{}\u00bb theme_builder_area=\u00bbpost_content\u00bb]Galer\u00eda de im\u00e1genes<br \/>\n[\/et_pb_text][et_pb_gallery posts_number=\u00bb8&#8243; show_title_and_caption=\u00bboff\u00bb zoom_icon_color=\u00bb#dc001b\u00bb hover_icon=\u00bb&#x54;||divi||400&#8243; disabled_on=\u00bboff|off|off\u00bb admin_label=\u00bbGaler\u00eda\u00bb _builder_version=\u00bb4.22.0&#8243; hover_enabled=\u00bb0&#8243; border_style=\u00bbsolid\u00bb global_colors_info=\u00bb{}\u00bb theme_builder_area=\u00bbpost_content\u00bb gallery_ids=\u00bb63194,63195,63193,63199&#8243; sticky_enabled=\u00bb0&#8243;][\/et_pb_gallery][et_pb_video disabled_on=\u00bbon|on|on\u00bb admin_label=\u00bbV\u00eddeo\u00bb _builder_version=\u00bb4.16&#8243; disabled=\u00bbon\u00bb global_colors_info=\u00bb{}\u00bb theme_builder_area=\u00bbpost_content\u00bb][\/et_pb_video][\/et_pb_column][\/et_pb_row][\/et_pb_section]<\/p>\n","protected":false},"excerpt":{"rendered":"<p>El pasado domingo, tuvo lugar en la Casa Salesiana de Villena la XLIV Asamblea Federal, Federaci\u00f3n de AA.AA de Valencia \u201cCarlos Gastini\u201d. \u200bPor Comunicaci\u00f3n Salesianos VillenaEl pasado domingo, tuvo lugar en la Casa Salesiana de Villena la XLIV Asamblea Federal, Federaci\u00f3n de AA.AA de Valencia \u201cCarlos Gastini\u201d. Este es un acontecimiento que se realiza cada [&hellip;]<\/p>\n","protected":false},"author":2,"featured_media":3322,"comment_status":"open","ping_status":"open","sticky":false,"template":"","format":"standard","meta":{"_et_pb_use_builder":"on","_et_pb_old_content":"","_et_gb_content_width":"","footnotes":""},"categories":[33,14],"tags":[],"class_list":["post-3323","post","type-post","status-publish","format-standard","has-post-thumbnail","hentry","category-antiguosalumnos","category-portadanoticias"],"yoast_head":"<!-- This site is optimized with the Yoast SEO plugin v28.3 - https:\/\/yoast.com\/product\/yoast-seo-wordpress\/ -->\n<title>La XLIV Asamblea Federal de antiguos alumnos regi\u00f3n Valencia, tiene lugar en Villena - Familia Salesiana<\/title>\n<meta name=\"robots\" content=\"index, follow, max-snippet:-1, max-image-preview:large, max-video-preview:-1\" \/>\n<link rel=\"canonical\" href=\"https:\/\/villena.salesianos.edu\/familiasalesiana\/la-xliv-asamblea-federal-de-antiguos-alumnos-region-valencia-tiene-lugar-en-villena-2\/\" \/>\n<meta property=\"og:locale\" content=\"es_ES\" \/>\n<meta property=\"og:type\" content=\"article\" \/>\n<meta property=\"og:title\" content=\"La XLIV Asamblea Federal de antiguos alumnos regi\u00f3n Valencia, tiene lugar en Villena - Familia Salesiana\" \/>\n<meta property=\"og:description\" content=\"El pasado domingo, tuvo lugar en la Casa Salesiana de Villena la XLIV Asamblea Federal, Federaci\u00f3n de AA.AA de Valencia \u201cCarlos Gastini\u201d. \u200bPor Comunicaci\u00f3n Salesianos VillenaEl pasado domingo, tuvo lugar en la Casa Salesiana de Villena la XLIV Asamblea Federal, Federaci\u00f3n de AA.AA de Valencia \u201cCarlos Gastini\u201d. Este es un acontecimiento que se realiza cada [&hellip;]\" \/>\n<meta property=\"og:url\" content=\"https:\/\/villena.salesianos.edu\/familiasalesiana\/la-xliv-asamblea-federal-de-antiguos-alumnos-region-valencia-tiene-lugar-en-villena-2\/\" \/>\n<meta property=\"og:site_name\" content=\"Familia Salesiana\" \/>\n<meta property=\"article:published_time\" content=\"2023-10-04T16:08:33+00:00\" \/>\n<meta property=\"og:image\" content=\"https:\/\/villena.salesianos.edu\/familiasalesiana\/wp-content\/uploads\/sites\/7\/2023\/10\/WhatsApp-Image-2023-10-01-at-10.46.32.jpeg\" \/>\n\t<meta property=\"og:image:width\" content=\"1920\" \/>\n\t<meta property=\"og:image:height\" content=\"1080\" \/>\n\t<meta property=\"og:image:type\" content=\"image\/jpeg\" \/>\n<meta name=\"author\" content=\"Gestor Web\" \/>\n<meta name=\"twitter:card\" content=\"summary_large_image\" \/>\n<meta name=\"twitter:label1\" content=\"Escrito por\" \/>\n\t<meta name=\"twitter:data1\" content=\"Gestor Web\" \/>\n<script type=\"application\/ld+json\" class=\"yoast-schema-graph\">{\"@context\":\"https:\\\/\\\/schema.org\",\"@graph\":[{\"@type\":\"Article\",\"@id\":\"https:\\\/\\\/villena.salesianos.edu\\\/familiasalesiana\\\/la-xliv-asamblea-federal-de-antiguos-alumnos-region-valencia-tiene-lugar-en-villena-2\\\/#article\",\"isPartOf\":{\"@id\":\"https:\\\/\\\/villena.salesianos.edu\\\/familiasalesiana\\\/la-xliv-asamblea-federal-de-antiguos-alumnos-region-valencia-tiene-lugar-en-villena-2\\\/\"},\"author\":{\"name\":\"Gestor Web\",\"@id\":\"https:\\\/\\\/villena.salesianos.edu\\\/familiasalesiana\\\/#\\\/schema\\\/person\\\/737fd46edc5ae7d6c9b94da26c0e9302\"},\"headline\":\"La XLIV Asamblea Federal de antiguos alumnos regi\u00f3n Valencia, tiene lugar en Villena\",\"datePublished\":\"2023-10-04T16:08:33+00:00\",\"mainEntityOfPage\":{\"@id\":\"https:\\\/\\\/villena.salesianos.edu\\\/familiasalesiana\\\/la-xliv-asamblea-federal-de-antiguos-alumnos-region-valencia-tiene-lugar-en-villena-2\\\/\"},\"wordCount\":527,\"commentCount\":0,\"image\":{\"@id\":\"https:\\\/\\\/villena.salesianos.edu\\\/familiasalesiana\\\/la-xliv-asamblea-federal-de-antiguos-alumnos-region-valencia-tiene-lugar-en-villena-2\\\/#primaryimage\"},\"thumbnailUrl\":\"https:\\\/\\\/villena.salesianos.edu\\\/familiasalesiana\\\/wp-content\\\/uploads\\\/sites\\\/7\\\/2023\\\/10\\\/WhatsApp-Image-2023-10-01-at-10.46.32.jpeg\",\"articleSection\":[\"Antiguos Alumnos\",\"Portada Noticias\"],\"inLanguage\":\"es\",\"potentialAction\":[{\"@type\":\"CommentAction\",\"name\":\"Comment\",\"target\":[\"https:\\\/\\\/villena.salesianos.edu\\\/familiasalesiana\\\/la-xliv-asamblea-federal-de-antiguos-alumnos-region-valencia-tiene-lugar-en-villena-2\\\/#respond\"]}]},{\"@type\":\"WebPage\",\"@id\":\"https:\\\/\\\/villena.salesianos.edu\\\/familiasalesiana\\\/la-xliv-asamblea-federal-de-antiguos-alumnos-region-valencia-tiene-lugar-en-villena-2\\\/\",\"url\":\"https:\\\/\\\/villena.salesianos.edu\\\/familiasalesiana\\\/la-xliv-asamblea-federal-de-antiguos-alumnos-region-valencia-tiene-lugar-en-villena-2\\\/\",\"name\":\"La XLIV Asamblea Federal de antiguos alumnos regi\u00f3n Valencia, tiene lugar en Villena - Familia Salesiana\",\"isPartOf\":{\"@id\":\"https:\\\/\\\/villena.salesianos.edu\\\/familiasalesiana\\\/#website\"},\"primaryImageOfPage\":{\"@id\":\"https:\\\/\\\/villena.salesianos.edu\\\/familiasalesiana\\\/la-xliv-asamblea-federal-de-antiguos-alumnos-region-valencia-tiene-lugar-en-villena-2\\\/#primaryimage\"},\"image\":{\"@id\":\"https:\\\/\\\/villena.salesianos.edu\\\/familiasalesiana\\\/la-xliv-asamblea-federal-de-antiguos-alumnos-region-valencia-tiene-lugar-en-villena-2\\\/#primaryimage\"},\"thumbnailUrl\":\"https:\\\/\\\/villena.salesianos.edu\\\/familiasalesiana\\\/wp-content\\\/uploads\\\/sites\\\/7\\\/2023\\\/10\\\/WhatsApp-Image-2023-10-01-at-10.46.32.jpeg\",\"datePublished\":\"2023-10-04T16:08:33+00:00\",\"author\":{\"@id\":\"https:\\\/\\\/villena.salesianos.edu\\\/familiasalesiana\\\/#\\\/schema\\\/person\\\/737fd46edc5ae7d6c9b94da26c0e9302\"},\"breadcrumb\":{\"@id\":\"https:\\\/\\\/villena.salesianos.edu\\\/familiasalesiana\\\/la-xliv-asamblea-federal-de-antiguos-alumnos-region-valencia-tiene-lugar-en-villena-2\\\/#breadcrumb\"},\"inLanguage\":\"es\",\"potentialAction\":[{\"@type\":\"ReadAction\",\"target\":[\"https:\\\/\\\/villena.salesianos.edu\\\/familiasalesiana\\\/la-xliv-asamblea-federal-de-antiguos-alumnos-region-valencia-tiene-lugar-en-villena-2\\\/\"]}]},{\"@type\":\"ImageObject\",\"inLanguage\":\"es\",\"@id\":\"https:\\\/\\\/villena.salesianos.edu\\\/familiasalesiana\\\/la-xliv-asamblea-federal-de-antiguos-alumnos-region-valencia-tiene-lugar-en-villena-2\\\/#primaryimage\",\"url\":\"https:\\\/\\\/villena.salesianos.edu\\\/familiasalesiana\\\/wp-content\\\/uploads\\\/sites\\\/7\\\/2023\\\/10\\\/WhatsApp-Image-2023-10-01-at-10.46.32.jpeg\",\"contentUrl\":\"https:\\\/\\\/villena.salesianos.edu\\\/familiasalesiana\\\/wp-content\\\/uploads\\\/sites\\\/7\\\/2023\\\/10\\\/WhatsApp-Image-2023-10-01-at-10.46.32.jpeg\",\"width\":1920,\"height\":1080},{\"@type\":\"BreadcrumbList\",\"@id\":\"https:\\\/\\\/villena.salesianos.edu\\\/familiasalesiana\\\/la-xliv-asamblea-federal-de-antiguos-alumnos-region-valencia-tiene-lugar-en-villena-2\\\/#breadcrumb\",\"itemListElement\":[{\"@type\":\"ListItem\",\"position\":1,\"name\":\"Portada\",\"item\":\"https:\\\/\\\/villena.salesianos.edu\\\/familiasalesiana\\\/\"},{\"@type\":\"ListItem\",\"position\":2,\"name\":\"La XLIV Asamblea Federal de antiguos alumnos regi\u00f3n Valencia, tiene lugar en Villena\"}]},{\"@type\":\"WebSite\",\"@id\":\"https:\\\/\\\/villena.salesianos.edu\\\/familiasalesiana\\\/#website\",\"url\":\"https:\\\/\\\/villena.salesianos.edu\\\/familiasalesiana\\\/\",\"name\":\"Familia Salesiana\",\"description\":\"P\u00e1gina oficial Salesianos Villena\",\"potentialAction\":[{\"@type\":\"SearchAction\",\"target\":{\"@type\":\"EntryPoint\",\"urlTemplate\":\"https:\\\/\\\/villena.salesianos.edu\\\/familiasalesiana\\\/?s={search_term_string}\"},\"query-input\":{\"@type\":\"PropertyValueSpecification\",\"valueRequired\":true,\"valueName\":\"search_term_string\"}}],\"inLanguage\":\"es\"},{\"@type\":\"Person\",\"@id\":\"https:\\\/\\\/villena.salesianos.edu\\\/familiasalesiana\\\/#\\\/schema\\\/person\\\/737fd46edc5ae7d6c9b94da26c0e9302\",\"name\":\"Gestor Web\",\"image\":{\"@type\":\"ImageObject\",\"inLanguage\":\"es\",\"@id\":\"https:\\\/\\\/secure.gravatar.com\\\/avatar\\\/44469746e1b6443cd011d1759fdc3b9fdcdae4a08dc0ddd85247651cb065486d?s=96&d=mm&r=g\",\"url\":\"https:\\\/\\\/secure.gravatar.com\\\/avatar\\\/44469746e1b6443cd011d1759fdc3b9fdcdae4a08dc0ddd85247651cb065486d?s=96&d=mm&r=g\",\"contentUrl\":\"https:\\\/\\\/secure.gravatar.com\\\/avatar\\\/44469746e1b6443cd011d1759fdc3b9fdcdae4a08dc0ddd85247651cb065486d?s=96&d=mm&r=g\",\"caption\":\"Gestor Web\"}}]}<\/script>\n<!-- \/ Yoast SEO plugin. -->","yoast_head_json":{"title":"La XLIV Asamblea Federal de antiguos alumnos regi\u00f3n Valencia, tiene lugar en Villena - Familia Salesiana","robots":{"index":"index","follow":"follow","max-snippet":"max-snippet:-1","max-image-preview":"max-image-preview:large","max-video-preview":"max-video-preview:-1"},"canonical":"https:\/\/villena.salesianos.edu\/familiasalesiana\/la-xliv-asamblea-federal-de-antiguos-alumnos-region-valencia-tiene-lugar-en-villena-2\/","og_locale":"es_ES","og_type":"article","og_title":"La XLIV Asamblea Federal de antiguos alumnos regi\u00f3n Valencia, tiene lugar en Villena - Familia Salesiana","og_description":"El pasado domingo, tuvo lugar en la Casa Salesiana de Villena la XLIV Asamblea Federal, Federaci\u00f3n de AA.AA de Valencia \u201cCarlos Gastini\u201d. \u200bPor Comunicaci\u00f3n Salesianos VillenaEl pasado domingo, tuvo lugar en la Casa Salesiana de Villena la XLIV Asamblea Federal, Federaci\u00f3n de AA.AA de Valencia \u201cCarlos Gastini\u201d. Este es un acontecimiento que se realiza cada [&hellip;]","og_url":"https:\/\/villena.salesianos.edu\/familiasalesiana\/la-xliv-asamblea-federal-de-antiguos-alumnos-region-valencia-tiene-lugar-en-villena-2\/","og_site_name":"Familia Salesiana","article_published_time":"2023-10-04T16:08:33+00:00","og_image":[{"width":1920,"height":1080,"url":"https:\/\/villena.salesianos.edu\/familiasalesiana\/wp-content\/uploads\/sites\/7\/2023\/10\/WhatsApp-Image-2023-10-01-at-10.46.32.jpeg","type":"image\/jpeg"}],"author":"Gestor Web","twitter_card":"summary_large_image","twitter_misc":{"Escrito por":"Gestor Web"},"schema":{"@context":"https:\/\/schema.org","@graph":[{"@type":"Article","@id":"https:\/\/villena.salesianos.edu\/familiasalesiana\/la-xliv-asamblea-federal-de-antiguos-alumnos-region-valencia-tiene-lugar-en-villena-2\/#article","isPartOf":{"@id":"https:\/\/villena.salesianos.edu\/familiasalesiana\/la-xliv-asamblea-federal-de-antiguos-alumnos-region-valencia-tiene-lugar-en-villena-2\/"},"author":{"name":"Gestor Web","@id":"https:\/\/villena.salesianos.edu\/familiasalesiana\/#\/schema\/person\/737fd46edc5ae7d6c9b94da26c0e9302"},"headline":"La XLIV Asamblea Federal de antiguos alumnos regi\u00f3n Valencia, tiene lugar en Villena","datePublished":"2023-10-04T16:08:33+00:00","mainEntityOfPage":{"@id":"https:\/\/villena.salesianos.edu\/familiasalesiana\/la-xliv-asamblea-federal-de-antiguos-alumnos-region-valencia-tiene-lugar-en-villena-2\/"},"wordCount":527,"commentCount":0,"image":{"@id":"https:\/\/villena.salesianos.edu\/familiasalesiana\/la-xliv-asamblea-federal-de-antiguos-alumnos-region-valencia-tiene-lugar-en-villena-2\/#primaryimage"},"thumbnailUrl":"https:\/\/villena.salesianos.edu\/familiasalesiana\/wp-content\/uploads\/sites\/7\/2023\/10\/WhatsApp-Image-2023-10-01-at-10.46.32.jpeg","articleSection":["Antiguos Alumnos","Portada Noticias"],"inLanguage":"es","potentialAction":[{"@type":"CommentAction","name":"Comment","target":["https:\/\/villena.salesianos.edu\/familiasalesiana\/la-xliv-asamblea-federal-de-antiguos-alumnos-region-valencia-tiene-lugar-en-villena-2\/#respond"]}]},{"@type":"WebPage","@id":"https:\/\/villena.salesianos.edu\/familiasalesiana\/la-xliv-asamblea-federal-de-antiguos-alumnos-region-valencia-tiene-lugar-en-villena-2\/","url":"https:\/\/villena.salesianos.edu\/familiasalesiana\/la-xliv-asamblea-federal-de-antiguos-alumnos-region-valencia-tiene-lugar-en-villena-2\/","name":"La XLIV Asamblea Federal de antiguos alumnos regi\u00f3n Valencia, tiene lugar en Villena - Familia Salesiana","isPartOf":{"@id":"https:\/\/villena.salesianos.edu\/familiasalesiana\/#website"},"primaryImageOfPage":{"@id":"https:\/\/villena.salesianos.edu\/familiasalesiana\/la-xliv-asamblea-federal-de-antiguos-alumnos-region-valencia-tiene-lugar-en-villena-2\/#primaryimage"},"image":{"@id":"https:\/\/villena.salesianos.edu\/familiasalesiana\/la-xliv-asamblea-federal-de-antiguos-alumnos-region-valencia-tiene-lugar-en-villena-2\/#primaryimage"},"thumbnailUrl":"https:\/\/villena.salesianos.edu\/familiasalesiana\/wp-content\/uploads\/sites\/7\/2023\/10\/WhatsApp-Image-2023-10-01-at-10.46.32.jpeg","datePublished":"2023-10-04T16:08:33+00:00","author":{"@id":"https:\/\/villena.salesianos.edu\/familiasalesiana\/#\/schema\/person\/737fd46edc5ae7d6c9b94da26c0e9302"},"breadcrumb":{"@id":"https:\/\/villena.salesianos.edu\/familiasalesiana\/la-xliv-asamblea-federal-de-antiguos-alumnos-region-valencia-tiene-lugar-en-villena-2\/#breadcrumb"},"inLanguage":"es","potentialAction":[{"@type":"ReadAction","target":["https:\/\/villena.salesianos.edu\/familiasalesiana\/la-xliv-asamblea-federal-de-antiguos-alumnos-region-valencia-tiene-lugar-en-villena-2\/"]}]},{"@type":"ImageObject","inLanguage":"es","@id":"https:\/\/villena.salesianos.edu\/familiasalesiana\/la-xliv-asamblea-federal-de-antiguos-alumnos-region-valencia-tiene-lugar-en-villena-2\/#primaryimage","url":"https:\/\/villena.salesianos.edu\/familiasalesiana\/wp-content\/uploads\/sites\/7\/2023\/10\/WhatsApp-Image-2023-10-01-at-10.46.32.jpeg","contentUrl":"https:\/\/villena.salesianos.edu\/familiasalesiana\/wp-content\/uploads\/sites\/7\/2023\/10\/WhatsApp-Image-2023-10-01-at-10.46.32.jpeg","width":1920,"height":1080},{"@type":"BreadcrumbList","@id":"https:\/\/villena.salesianos.edu\/familiasalesiana\/la-xliv-asamblea-federal-de-antiguos-alumnos-region-valencia-tiene-lugar-en-villena-2\/#breadcrumb","itemListElement":[{"@type":"ListItem","position":1,"name":"Portada","item":"https:\/\/villena.salesianos.edu\/familiasalesiana\/"},{"@type":"ListItem","position":2,"name":"La XLIV Asamblea Federal de antiguos alumnos regi\u00f3n Valencia, tiene lugar en Villena"}]},{"@type":"WebSite","@id":"https:\/\/villena.salesianos.edu\/familiasalesiana\/#website","url":"https:\/\/villena.salesianos.edu\/familiasalesiana\/","name":"Familia Salesiana","description":"P\u00e1gina oficial Salesianos Villena","potentialAction":[{"@type":"SearchAction","target":{"@type":"EntryPoint","urlTemplate":"https:\/\/villena.salesianos.edu\/familiasalesiana\/?s={search_term_string}"},"query-input":{"@type":"PropertyValueSpecification","valueRequired":true,"valueName":"search_term_string"}}],"inLanguage":"es"},{"@type":"Person","@id":"https:\/\/villena.salesianos.edu\/familiasalesiana\/#\/schema\/person\/737fd46edc5ae7d6c9b94da26c0e9302","name":"Gestor Web","image":{"@type":"ImageObject","inLanguage":"es","@id":"https:\/\/secure.gravatar.com\/avatar\/44469746e1b6443cd011d1759fdc3b9fdcdae4a08dc0ddd85247651cb065486d?s=96&d=mm&r=g","url":"https:\/\/secure.gravatar.com\/avatar\/44469746e1b6443cd011d1759fdc3b9fdcdae4a08dc0ddd85247651cb065486d?s=96&d=mm&r=g","contentUrl":"https:\/\/secure.gravatar.com\/avatar\/44469746e1b6443cd011d1759fdc3b9fdcdae4a08dc0ddd85247651cb065486d?s=96&d=mm&r=g","caption":"Gestor Web"}}]}},"_links":{"self":[{"href":"https:\/\/villena.salesianos.edu\/familiasalesiana\/wp-json\/wp\/v2\/posts\/3323","targetHints":{"allow":["GET"]}}],"collection":[{"href":"https:\/\/villena.salesianos.edu\/familiasalesiana\/wp-json\/wp\/v2\/posts"}],"about":[{"href":"https:\/\/villena.salesianos.edu\/familiasalesiana\/wp-json\/wp\/v2\/types\/post"}],"author":[{"embeddable":true,"href":"https:\/\/villena.salesianos.edu\/familiasalesiana\/wp-json\/wp\/v2\/users\/2"}],"replies":[{"embeddable":true,"href":"https:\/\/villena.salesianos.edu\/familiasalesiana\/wp-json\/wp\/v2\/comments?post=3323"}],"version-history":[{"count":0,"href":"https:\/\/villena.salesianos.edu\/familiasalesiana\/wp-json\/wp\/v2\/posts\/3323\/revisions"}],"wp:featuredmedia":[{"embeddable":true,"href":"https:\/\/villena.salesianos.edu\/familiasalesiana\/wp-json\/wp\/v2\/media\/3322"}],"wp:attachment":[{"href":"https:\/\/villena.salesianos.edu\/familiasalesiana\/wp-json\/wp\/v2\/media?parent=3323"}],"wp:term":[{"taxonomy":"category","embeddable":true,"href":"https:\/\/villena.salesianos.edu\/familiasalesiana\/wp-json\/wp\/v2\/categories?post=3323"},{"taxonomy":"post_tag","embeddable":true,"href":"https:\/\/villena.salesianos.edu\/familiasalesiana\/wp-json\/wp\/v2\/tags?post=3323"}],"curies":[{"name":"wp","href":"https:\/\/api.w.org\/{rel}","templated":true}]}}