{"id":3548,"date":"2024-04-26T09:20:52","date_gmt":"2024-04-26T08:20:52","guid":{"rendered":"https:\/\/villena.salesianos.edu\/iglesia\/agricola-villena-dona-a-la-casa-de-salesianos-villena-una-imagen-de-la-morenica\/"},"modified":"2024-04-26T09:20:52","modified_gmt":"2024-04-26T08:20:52","slug":"agricola-villena-dona-a-la-casa-de-salesianos-villena-una-imagen-de-la-morenica","status":"publish","type":"post","link":"https:\/\/villena.salesianos.edu\/iglesia\/agricola-villena-dona-a-la-casa-de-salesianos-villena-una-imagen-de-la-morenica\/","title":{"rendered":"Agr\u00edcola Villena Dona a la Casa de Salesianos Villena una imagen de la Morenica"},"content":{"rendered":"<p>[et_pb_section fb_built=\u00bb1&#8243; admin_label=\u00bbsection\u00bb _builder_version=\u00bb4.16&#8243; global_colors_info=\u00bb{}\u00bb][et_pb_row admin_label=\u00bbrow\u00bb _builder_version=\u00bb4.16&#8243; background_size=\u00bbinitial\u00bb background_position=\u00bbtop_left\u00bb background_repeat=\u00bbrepeat\u00bb global_colors_info=\u00bb{}\u00bb][et_pb_column type=\u00bb4_4&#8243; _builder_version=\u00bb4.16&#8243; custom_padding=\u00bb|||\u00bb global_colors_info=\u00bb{}\u00bb custom_padding__hover=\u00bb|||\u00bb][et_pb_text admin_label=\u00bbEntradilla (Texto)\u00bb _builder_version=\u00bb4.22.0&#8243; text_font=\u00bb|on|||\u00bb text_orientation=\u00bbjustified\u00bb border_style=\u00bbsolid\u00bb global_colors_info=\u00bb{}\u00bb]<\/p>\n<p>La empresa Agr\u00edcola Villena, donar\u00e1 el pr\u00f3ximo martes 30 de abril a las 12:00, la imagen de \u00abla Morenica\u00bb que se encontraba en la fachada de la empresa.<\/p>\n<p>[\/et_pb_text][et_pb_text admin_label=\u00bbAutor (Texto)\u00bb _builder_version=\u00bb4.22.0&#8243; text_font=\u00bb||on||\u00bb border_style=\u00bbsolid\u00bb global_colors_info=\u00bb{}\u00bb]<\/p>\n<p>Por Comunicaci\u00f3n Salesianos Villena<\/p>\n<p>[\/et_pb_text][et_pb_text admin_label=\u00bbDesarrollo (Texto)\u00bb _builder_version=\u00bb4.22.0&#8243; text_orientation=\u00bbjustified\u00bb border_style=\u00bbsolid\u00bb global_colors_info=\u00bb{}\u00bb]<\/p>\n<p>Desde hace unos meses, podemos observar en la fachada de la empresa Agr\u00edcola Villena una imagen nueva y actualizada. Pero, si echamos la vista atr\u00e1s, podemos recordar que en el antiguo muro de bloques blancos, exist\u00eda una peque\u00f1a cavidad donde una imagen de la Virgen de las Virtudes observaba el trasiego de idas y venidas hacia su santuario.\u00a0<\/p>\n<p>Tras una actualizaci\u00f3n de su fachada, la empresa ha decidido que la imagen de \u00abLa Morenica\u00bb debe seguir perteneciendo al pueblo de Villena y para que quede a disposici\u00f3n de sus ciudadanos y ciudadanas decidieron realizar una restauraci\u00f3n completa de la imagen y donarla a la Iglesia Mar\u00eda Auxiliadora, que forma parte de nuestra casa Salesiana de Villena.\u00a0<\/p>\n<p>D. Javier Garc\u00eda Pellejero, actual m\u00e1ximo dirigente del grupo empresarial del que forma parte Agricola Villena, convoca en la Iglesia de la casa Salesiana el pr\u00f3ximo 30 de abril a las 12:00 un acto de entrega y donaci\u00f3n de esta imagen abierto a toda la ciudadan\u00eda.\u00a0<\/p>\n<p>La Casa Salesiana, expresa de antemano su gran agradecimiento por la\u00a0 donaci\u00f3n a la comunidad cristiana de Villena y en especial agradece que debido a su nueva ubicaci\u00f3n un gran n\u00famero j\u00f3venes\u00a0 podr\u00e1n disfrutar de la imagen con devoci\u00f3n.\u00a0<\/p>\n<p>[\/et_pb_text][et_pb_text disabled_on=\u00bbon|on|on\u00bb admin_label=\u00bbT\u00edtulo: Galer\u00eda de fotos (Texto)\u00bb _builder_version=\u00bb4.16&#8243; text_font=\u00bb|on|||\u00bb text_text_color=\u00bb#dc001b\u00bb border_style=\u00bbsolid\u00bb disabled=\u00bbon\u00bb global_colors_info=\u00bb{}\u00bb]Galer\u00eda de im\u00e1genes<br \/>\n[\/et_pb_text][et_pb_gallery posts_number=\u00bb8&#8243; show_title_and_caption=\u00bboff\u00bb zoom_icon_color=\u00bb#dc001b\u00bb hover_icon=\u00bb&#x54;||divi||400&#8243; disabled_on=\u00bbon|on|on\u00bb admin_label=\u00bbGaler\u00eda\u00bb _builder_version=\u00bb4.16&#8243; border_style=\u00bbsolid\u00bb disabled=\u00bbon\u00bb global_colors_info=\u00bb{}\u00bb][\/et_pb_gallery][et_pb_video disabled_on=\u00bbon|on|on\u00bb admin_label=\u00bbV\u00eddeo\u00bb _builder_version=\u00bb4.16&#8243; disabled=\u00bbon\u00bb global_colors_info=\u00bb{}\u00bb][\/et_pb_video][\/et_pb_column][\/et_pb_row][\/et_pb_section]<\/p>\n","protected":false},"excerpt":{"rendered":"<p>La empresa Agr\u00edcola Villena, donar\u00e1 el pr\u00f3ximo martes 30 de abril a las 12:00, la imagen de \u00abla Morenica\u00bb que se encontraba en la fachada de la empresa.Por Comunicaci\u00f3n Salesianos VillenaDesde hace unos meses, podemos observar en la fachada de la empresa Agr\u00edcola Villena una imagen nueva y actualizada. Pero, si echamos la vista atr\u00e1s, [&hellip;]<\/p>\n","protected":false},"author":2,"featured_media":3549,"comment_status":"open","ping_status":"open","sticky":false,"template":"","format":"standard","meta":{"_et_pb_use_builder":"on","_et_pb_old_content":"","_et_gb_content_width":"","footnotes":""},"categories":[34,24],"tags":[],"class_list":["post-3548","post","type-post","status-publish","format-standard","has-post-thumbnail","hentry","category-iglesia","category-portadanoticias"],"yoast_head":"<!-- This site is optimized with the Yoast SEO plugin v28.3 - https:\/\/yoast.com\/product\/yoast-seo-wordpress\/ -->\n<title>Agr\u00edcola Villena Dona a la Casa de Salesianos Villena una imagen de la Morenica - Iglesia<\/title>\n<meta name=\"description\" content=\"Agr\u00edcola Villena dona a la casa Salesiana de Villena una imagen de la Virgen de las Virtudes\" \/>\n<meta name=\"robots\" content=\"index, follow, max-snippet:-1, max-image-preview:large, max-video-preview:-1\" \/>\n<link rel=\"canonical\" href=\"https:\/\/villena.salesianos.edu\/iglesia\/agricola-villena-dona-a-la-casa-de-salesianos-villena-una-imagen-de-la-morenica\/\" \/>\n<meta property=\"og:locale\" content=\"es_ES\" \/>\n<meta property=\"og:type\" content=\"article\" \/>\n<meta property=\"og:title\" content=\"Agr\u00edcola Villena Dona a la Casa de Salesianos Villena una imagen de la Morenica - Iglesia\" \/>\n<meta property=\"og:description\" content=\"Agr\u00edcola Villena dona a la casa Salesiana de Villena una imagen de la Virgen de las Virtudes\" \/>\n<meta property=\"og:url\" content=\"https:\/\/villena.salesianos.edu\/iglesia\/agricola-villena-dona-a-la-casa-de-salesianos-villena-una-imagen-de-la-morenica\/\" \/>\n<meta property=\"og:site_name\" content=\"Iglesia\" \/>\n<meta property=\"article:published_time\" content=\"2024-04-26T08:20:52+00:00\" \/>\n<meta property=\"og:image\" content=\"https:\/\/villena.salesianos.edu\/iglesia\/wp-content\/uploads\/sites\/4\/2024\/04\/02FERMIN-TRAZO-02-3.jpg\" \/>\n\t<meta property=\"og:image:width\" content=\"366\" \/>\n\t<meta property=\"og:image:height\" content=\"366\" \/>\n\t<meta property=\"og:image:type\" content=\"image\/jpeg\" \/>\n<meta name=\"author\" content=\"Gestor Web\" \/>\n<meta name=\"twitter:card\" content=\"summary_large_image\" \/>\n<meta name=\"twitter:label1\" content=\"Escrito por\" \/>\n\t<meta name=\"twitter:data1\" content=\"Gestor Web\" \/>\n\t<meta name=\"twitter:label2\" content=\"Tiempo de lectura\" \/>\n\t<meta name=\"twitter:data2\" content=\"2 minutos\" \/>\n<script type=\"application\/ld+json\" class=\"yoast-schema-graph\">{\"@context\":\"https:\\\/\\\/schema.org\",\"@graph\":[{\"@type\":\"Article\",\"@id\":\"https:\\\/\\\/villena.salesianos.edu\\\/iglesia\\\/agricola-villena-dona-a-la-casa-de-salesianos-villena-una-imagen-de-la-morenica\\\/#article\",\"isPartOf\":{\"@id\":\"https:\\\/\\\/villena.salesianos.edu\\\/iglesia\\\/agricola-villena-dona-a-la-casa-de-salesianos-villena-una-imagen-de-la-morenica\\\/\"},\"author\":{\"name\":\"Gestor Web\",\"@id\":\"https:\\\/\\\/villena.salesianos.edu\\\/iglesia\\\/#\\\/schema\\\/person\\\/737fd46edc5ae7d6c9b94da26c0e9302\"},\"headline\":\"Agr\u00edcola Villena Dona a la Casa de Salesianos Villena una imagen de la Morenica\",\"datePublished\":\"2024-04-26T08:20:52+00:00\",\"mainEntityOfPage\":{\"@id\":\"https:\\\/\\\/villena.salesianos.edu\\\/iglesia\\\/agricola-villena-dona-a-la-casa-de-salesianos-villena-una-imagen-de-la-morenica\\\/\"},\"wordCount\":495,\"commentCount\":0,\"image\":{\"@id\":\"https:\\\/\\\/villena.salesianos.edu\\\/iglesia\\\/agricola-villena-dona-a-la-casa-de-salesianos-villena-una-imagen-de-la-morenica\\\/#primaryimage\"},\"thumbnailUrl\":\"https:\\\/\\\/villena.salesianos.edu\\\/iglesia\\\/wp-content\\\/uploads\\\/sites\\\/4\\\/2024\\\/04\\\/02FERMIN-TRAZO-02-3.jpg\",\"articleSection\":[\"Iglesia\",\"Portada Noticias\"],\"inLanguage\":\"es\",\"potentialAction\":[{\"@type\":\"CommentAction\",\"name\":\"Comment\",\"target\":[\"https:\\\/\\\/villena.salesianos.edu\\\/iglesia\\\/agricola-villena-dona-a-la-casa-de-salesianos-villena-una-imagen-de-la-morenica\\\/#respond\"]}]},{\"@type\":\"WebPage\",\"@id\":\"https:\\\/\\\/villena.salesianos.edu\\\/iglesia\\\/agricola-villena-dona-a-la-casa-de-salesianos-villena-una-imagen-de-la-morenica\\\/\",\"url\":\"https:\\\/\\\/villena.salesianos.edu\\\/iglesia\\\/agricola-villena-dona-a-la-casa-de-salesianos-villena-una-imagen-de-la-morenica\\\/\",\"name\":\"Agr\u00edcola Villena Dona a la Casa de Salesianos Villena una imagen de la Morenica - Iglesia\",\"isPartOf\":{\"@id\":\"https:\\\/\\\/villena.salesianos.edu\\\/iglesia\\\/#website\"},\"primaryImageOfPage\":{\"@id\":\"https:\\\/\\\/villena.salesianos.edu\\\/iglesia\\\/agricola-villena-dona-a-la-casa-de-salesianos-villena-una-imagen-de-la-morenica\\\/#primaryimage\"},\"image\":{\"@id\":\"https:\\\/\\\/villena.salesianos.edu\\\/iglesia\\\/agricola-villena-dona-a-la-casa-de-salesianos-villena-una-imagen-de-la-morenica\\\/#primaryimage\"},\"thumbnailUrl\":\"https:\\\/\\\/villena.salesianos.edu\\\/iglesia\\\/wp-content\\\/uploads\\\/sites\\\/4\\\/2024\\\/04\\\/02FERMIN-TRAZO-02-3.jpg\",\"datePublished\":\"2024-04-26T08:20:52+00:00\",\"author\":{\"@id\":\"https:\\\/\\\/villena.salesianos.edu\\\/iglesia\\\/#\\\/schema\\\/person\\\/737fd46edc5ae7d6c9b94da26c0e9302\"},\"description\":\"Agr\u00edcola Villena dona a la casa Salesiana de Villena una imagen de la Virgen de las Virtudes\",\"breadcrumb\":{\"@id\":\"https:\\\/\\\/villena.salesianos.edu\\\/iglesia\\\/agricola-villena-dona-a-la-casa-de-salesianos-villena-una-imagen-de-la-morenica\\\/#breadcrumb\"},\"inLanguage\":\"es\",\"potentialAction\":[{\"@type\":\"ReadAction\",\"target\":[\"https:\\\/\\\/villena.salesianos.edu\\\/iglesia\\\/agricola-villena-dona-a-la-casa-de-salesianos-villena-una-imagen-de-la-morenica\\\/\"]}]},{\"@type\":\"ImageObject\",\"inLanguage\":\"es\",\"@id\":\"https:\\\/\\\/villena.salesianos.edu\\\/iglesia\\\/agricola-villena-dona-a-la-casa-de-salesianos-villena-una-imagen-de-la-morenica\\\/#primaryimage\",\"url\":\"https:\\\/\\\/villena.salesianos.edu\\\/iglesia\\\/wp-content\\\/uploads\\\/sites\\\/4\\\/2024\\\/04\\\/02FERMIN-TRAZO-02-3.jpg\",\"contentUrl\":\"https:\\\/\\\/villena.salesianos.edu\\\/iglesia\\\/wp-content\\\/uploads\\\/sites\\\/4\\\/2024\\\/04\\\/02FERMIN-TRAZO-02-3.jpg\",\"width\":366,\"height\":366},{\"@type\":\"BreadcrumbList\",\"@id\":\"https:\\\/\\\/villena.salesianos.edu\\\/iglesia\\\/agricola-villena-dona-a-la-casa-de-salesianos-villena-una-imagen-de-la-morenica\\\/#breadcrumb\",\"itemListElement\":[{\"@type\":\"ListItem\",\"position\":1,\"name\":\"Portada\",\"item\":\"https:\\\/\\\/villena.salesianos.edu\\\/iglesia\\\/\"},{\"@type\":\"ListItem\",\"position\":2,\"name\":\"Agr\u00edcola Villena Dona a la Casa de Salesianos Villena una imagen de la Morenica\"}]},{\"@type\":\"WebSite\",\"@id\":\"https:\\\/\\\/villena.salesianos.edu\\\/iglesia\\\/#website\",\"url\":\"https:\\\/\\\/villena.salesianos.edu\\\/iglesia\\\/\",\"name\":\"Iglesia\",\"description\":\"P\u00e1gina oficial Iglesia Salesianos Villena\",\"potentialAction\":[{\"@type\":\"SearchAction\",\"target\":{\"@type\":\"EntryPoint\",\"urlTemplate\":\"https:\\\/\\\/villena.salesianos.edu\\\/iglesia\\\/?s={search_term_string}\"},\"query-input\":{\"@type\":\"PropertyValueSpecification\",\"valueRequired\":true,\"valueName\":\"search_term_string\"}}],\"inLanguage\":\"es\"},{\"@type\":\"Person\",\"@id\":\"https:\\\/\\\/villena.salesianos.edu\\\/iglesia\\\/#\\\/schema\\\/person\\\/737fd46edc5ae7d6c9b94da26c0e9302\",\"name\":\"Gestor Web\",\"image\":{\"@type\":\"ImageObject\",\"inLanguage\":\"es\",\"@id\":\"https:\\\/\\\/secure.gravatar.com\\\/avatar\\\/44469746e1b6443cd011d1759fdc3b9fdcdae4a08dc0ddd85247651cb065486d?s=96&d=mm&r=g\",\"url\":\"https:\\\/\\\/secure.gravatar.com\\\/avatar\\\/44469746e1b6443cd011d1759fdc3b9fdcdae4a08dc0ddd85247651cb065486d?s=96&d=mm&r=g\",\"contentUrl\":\"https:\\\/\\\/secure.gravatar.com\\\/avatar\\\/44469746e1b6443cd011d1759fdc3b9fdcdae4a08dc0ddd85247651cb065486d?s=96&d=mm&r=g\",\"caption\":\"Gestor Web\"}}]}<\/script>\n<!-- \/ Yoast SEO plugin. -->","yoast_head_json":{"title":"Agr\u00edcola Villena Dona a la Casa de Salesianos Villena una imagen de la Morenica - Iglesia","description":"Agr\u00edcola Villena dona a la casa Salesiana de Villena una imagen de la Virgen de las Virtudes","robots":{"index":"index","follow":"follow","max-snippet":"max-snippet:-1","max-image-preview":"max-image-preview:large","max-video-preview":"max-video-preview:-1"},"canonical":"https:\/\/villena.salesianos.edu\/iglesia\/agricola-villena-dona-a-la-casa-de-salesianos-villena-una-imagen-de-la-morenica\/","og_locale":"es_ES","og_type":"article","og_title":"Agr\u00edcola Villena Dona a la Casa de Salesianos Villena una imagen de la Morenica - Iglesia","og_description":"Agr\u00edcola Villena dona a la casa Salesiana de Villena una imagen de la Virgen de las Virtudes","og_url":"https:\/\/villena.salesianos.edu\/iglesia\/agricola-villena-dona-a-la-casa-de-salesianos-villena-una-imagen-de-la-morenica\/","og_site_name":"Iglesia","article_published_time":"2024-04-26T08:20:52+00:00","og_image":[{"width":366,"height":366,"url":"https:\/\/villena.salesianos.edu\/iglesia\/wp-content\/uploads\/sites\/4\/2024\/04\/02FERMIN-TRAZO-02-3.jpg","type":"image\/jpeg"}],"author":"Gestor Web","twitter_card":"summary_large_image","twitter_misc":{"Escrito por":"Gestor Web","Tiempo de lectura":"2 minutos"},"schema":{"@context":"https:\/\/schema.org","@graph":[{"@type":"Article","@id":"https:\/\/villena.salesianos.edu\/iglesia\/agricola-villena-dona-a-la-casa-de-salesianos-villena-una-imagen-de-la-morenica\/#article","isPartOf":{"@id":"https:\/\/villena.salesianos.edu\/iglesia\/agricola-villena-dona-a-la-casa-de-salesianos-villena-una-imagen-de-la-morenica\/"},"author":{"name":"Gestor Web","@id":"https:\/\/villena.salesianos.edu\/iglesia\/#\/schema\/person\/737fd46edc5ae7d6c9b94da26c0e9302"},"headline":"Agr\u00edcola Villena Dona a la Casa de Salesianos Villena una imagen de la Morenica","datePublished":"2024-04-26T08:20:52+00:00","mainEntityOfPage":{"@id":"https:\/\/villena.salesianos.edu\/iglesia\/agricola-villena-dona-a-la-casa-de-salesianos-villena-una-imagen-de-la-morenica\/"},"wordCount":495,"commentCount":0,"image":{"@id":"https:\/\/villena.salesianos.edu\/iglesia\/agricola-villena-dona-a-la-casa-de-salesianos-villena-una-imagen-de-la-morenica\/#primaryimage"},"thumbnailUrl":"https:\/\/villena.salesianos.edu\/iglesia\/wp-content\/uploads\/sites\/4\/2024\/04\/02FERMIN-TRAZO-02-3.jpg","articleSection":["Iglesia","Portada Noticias"],"inLanguage":"es","potentialAction":[{"@type":"CommentAction","name":"Comment","target":["https:\/\/villena.salesianos.edu\/iglesia\/agricola-villena-dona-a-la-casa-de-salesianos-villena-una-imagen-de-la-morenica\/#respond"]}]},{"@type":"WebPage","@id":"https:\/\/villena.salesianos.edu\/iglesia\/agricola-villena-dona-a-la-casa-de-salesianos-villena-una-imagen-de-la-morenica\/","url":"https:\/\/villena.salesianos.edu\/iglesia\/agricola-villena-dona-a-la-casa-de-salesianos-villena-una-imagen-de-la-morenica\/","name":"Agr\u00edcola Villena Dona a la Casa de Salesianos Villena una imagen de la Morenica - Iglesia","isPartOf":{"@id":"https:\/\/villena.salesianos.edu\/iglesia\/#website"},"primaryImageOfPage":{"@id":"https:\/\/villena.salesianos.edu\/iglesia\/agricola-villena-dona-a-la-casa-de-salesianos-villena-una-imagen-de-la-morenica\/#primaryimage"},"image":{"@id":"https:\/\/villena.salesianos.edu\/iglesia\/agricola-villena-dona-a-la-casa-de-salesianos-villena-una-imagen-de-la-morenica\/#primaryimage"},"thumbnailUrl":"https:\/\/villena.salesianos.edu\/iglesia\/wp-content\/uploads\/sites\/4\/2024\/04\/02FERMIN-TRAZO-02-3.jpg","datePublished":"2024-04-26T08:20:52+00:00","author":{"@id":"https:\/\/villena.salesianos.edu\/iglesia\/#\/schema\/person\/737fd46edc5ae7d6c9b94da26c0e9302"},"description":"Agr\u00edcola Villena dona a la casa Salesiana de Villena una imagen de la Virgen de las Virtudes","breadcrumb":{"@id":"https:\/\/villena.salesianos.edu\/iglesia\/agricola-villena-dona-a-la-casa-de-salesianos-villena-una-imagen-de-la-morenica\/#breadcrumb"},"inLanguage":"es","potentialAction":[{"@type":"ReadAction","target":["https:\/\/villena.salesianos.edu\/iglesia\/agricola-villena-dona-a-la-casa-de-salesianos-villena-una-imagen-de-la-morenica\/"]}]},{"@type":"ImageObject","inLanguage":"es","@id":"https:\/\/villena.salesianos.edu\/iglesia\/agricola-villena-dona-a-la-casa-de-salesianos-villena-una-imagen-de-la-morenica\/#primaryimage","url":"https:\/\/villena.salesianos.edu\/iglesia\/wp-content\/uploads\/sites\/4\/2024\/04\/02FERMIN-TRAZO-02-3.jpg","contentUrl":"https:\/\/villena.salesianos.edu\/iglesia\/wp-content\/uploads\/sites\/4\/2024\/04\/02FERMIN-TRAZO-02-3.jpg","width":366,"height":366},{"@type":"BreadcrumbList","@id":"https:\/\/villena.salesianos.edu\/iglesia\/agricola-villena-dona-a-la-casa-de-salesianos-villena-una-imagen-de-la-morenica\/#breadcrumb","itemListElement":[{"@type":"ListItem","position":1,"name":"Portada","item":"https:\/\/villena.salesianos.edu\/iglesia\/"},{"@type":"ListItem","position":2,"name":"Agr\u00edcola Villena Dona a la Casa de Salesianos Villena una imagen de la Morenica"}]},{"@type":"WebSite","@id":"https:\/\/villena.salesianos.edu\/iglesia\/#website","url":"https:\/\/villena.salesianos.edu\/iglesia\/","name":"Iglesia","description":"P\u00e1gina oficial Iglesia Salesianos Villena","potentialAction":[{"@type":"SearchAction","target":{"@type":"EntryPoint","urlTemplate":"https:\/\/villena.salesianos.edu\/iglesia\/?s={search_term_string}"},"query-input":{"@type":"PropertyValueSpecification","valueRequired":true,"valueName":"search_term_string"}}],"inLanguage":"es"},{"@type":"Person","@id":"https:\/\/villena.salesianos.edu\/iglesia\/#\/schema\/person\/737fd46edc5ae7d6c9b94da26c0e9302","name":"Gestor Web","image":{"@type":"ImageObject","inLanguage":"es","@id":"https:\/\/secure.gravatar.com\/avatar\/44469746e1b6443cd011d1759fdc3b9fdcdae4a08dc0ddd85247651cb065486d?s=96&d=mm&r=g","url":"https:\/\/secure.gravatar.com\/avatar\/44469746e1b6443cd011d1759fdc3b9fdcdae4a08dc0ddd85247651cb065486d?s=96&d=mm&r=g","contentUrl":"https:\/\/secure.gravatar.com\/avatar\/44469746e1b6443cd011d1759fdc3b9fdcdae4a08dc0ddd85247651cb065486d?s=96&d=mm&r=g","caption":"Gestor Web"}}]}},"_links":{"self":[{"href":"https:\/\/villena.salesianos.edu\/iglesia\/wp-json\/wp\/v2\/posts\/3548","targetHints":{"allow":["GET"]}}],"collection":[{"href":"https:\/\/villena.salesianos.edu\/iglesia\/wp-json\/wp\/v2\/posts"}],"about":[{"href":"https:\/\/villena.salesianos.edu\/iglesia\/wp-json\/wp\/v2\/types\/post"}],"author":[{"embeddable":true,"href":"https:\/\/villena.salesianos.edu\/iglesia\/wp-json\/wp\/v2\/users\/2"}],"replies":[{"embeddable":true,"href":"https:\/\/villena.salesianos.edu\/iglesia\/wp-json\/wp\/v2\/comments?post=3548"}],"version-history":[{"count":0,"href":"https:\/\/villena.salesianos.edu\/iglesia\/wp-json\/wp\/v2\/posts\/3548\/revisions"}],"wp:featuredmedia":[{"embeddable":true,"href":"https:\/\/villena.salesianos.edu\/iglesia\/wp-json\/wp\/v2\/media\/3549"}],"wp:attachment":[{"href":"https:\/\/villena.salesianos.edu\/iglesia\/wp-json\/wp\/v2\/media?parent=3548"}],"wp:term":[{"taxonomy":"category","embeddable":true,"href":"https:\/\/villena.salesianos.edu\/iglesia\/wp-json\/wp\/v2\/categories?post=3548"},{"taxonomy":"post_tag","embeddable":true,"href":"https:\/\/villena.salesianos.edu\/iglesia\/wp-json\/wp\/v2\/tags?post=3548"}],"curies":[{"name":"wp","href":"https:\/\/api.w.org\/{rel}","templated":true}]}}